{"id":540099,"date":"2025-11-17T11:18:23","date_gmt":"2025-11-17T11:18:23","guid":{"rendered":"https:\/\/www.europesays.com\/fr\/540099\/"},"modified":"2025-11-17T11:18:23","modified_gmt":"2025-11-17T11:18:23","slug":"le-deficit-public-de-lespagne-va-etre-plus-faible-que-celui-de-lallemagne-une-premiere-en-20-ans","status":"publish","type":"post","link":"https:\/\/www.europesays.com\/fr\/540099\/","title":{"rendered":"le d\u00e9ficit public de l&rsquo;Espagne va \u00eatre plus faible que celui de l&rsquo;Allemagne (une premi\u00e8re en 20 ans)"},"content":{"rendered":"<p>En 2026, le d\u00e9ficit public espagnol devrait diminuer pour la 5\u00e8me ann\u00e9e cons\u00e9cutive, \u00e0 2,3%. Celui de l&rsquo;Allemagne devrait se creuser \u00e0 3,1%.<\/p>\n<p>C&rsquo;est une situation qui aurait \u00e9t\u00e9 inimaginable il y a encore dix ans. Le d\u00e9ficit public allemand devrait d\u00e9passer celui de l&rsquo;Espagne l&rsquo;an prochain. Une premi\u00e8re depuis pr\u00e8s de 20 ans.<\/p>\n<p>D&rsquo;apr\u00e8s les estimations de la Banque d&rsquo;Espagne, le <a href=\"https:\/\/www.bfmtv.com\/economie\/alors-que-toute-l-europe-est-au-point-mort-comment-fait-l-espagne-pour-etre-sur-un-rythme-annuel-de-2-8-de-croissance_AD-202507290271.html\" title=\"Alors que toute l&#039;Europe est au point mort, comment fait l&#039;Espagne pour \u00eatre sur un rythme annuel de 2,8% de croissance?\" class=\"internal_link\" rel=\"nofollow noopener\" target=\"_blank\">d\u00e9cifit public espagnol<\/a> devrait diminuer pour la cinqui\u00e8me ann\u00e9e cons\u00e9cutive, pour atteindre 2,5% du PIB en 2025, puis 2,3% l&rsquo;ann\u00e9e prochaine. \u00c0 l&rsquo;inverse, le d\u00e9cifit allemand ne cesse de se creuser, et passera de 2,3% cette ann\u00e9e \u00e0 3,1% en 2026, d&rsquo;apr\u00e8s le Conseil allemand des experts \u00e9conomiques. Pour rappel, en France, le <a href=\"https:\/\/www.bfmtv.com\/economie\/economie-social\/finances-publiques\/amelie-de-montchalin-tire-la-sonnette-d-alarme-sur-le-budget-la-ministre-des-comptes-publics-estime-qu-a-ce-stade-des-debats-le-deficit-public-atteindrait-aux-alentours-de-5-du-pib-en-2026_AD-202511150318.html#:~:text=encore%20trop%20%C3%A9lev%C3%A9.-,Le%20d%C3%A9ficit%20public%20atteindrait%20%22aux%20alentours%20de%205%25%20du%20PIB,dans%20une%20interview%20au%20Parisien.\" target=\"_blank\" class=\"external_link\" rel=\"nofollow noopener\">d\u00e9ficit public flirterait \u00ab\u00a0aux alentours de 5% du PIB\u00a0\u00bb <\/a>en 2026 \u00e0 ce stade des d\u00e9bats budg\u00e9taires, selon Am\u00e9lie de Montchalin.<\/p>\n<p>Quinze ann\u00e9es apr\u00e8s le d\u00e9but de la crise des dettes souveraines de la zone euro, la situation a bien chang\u00e9. Autrefois <a href=\"https:\/\/www.bfmtv.com\/economie\/international\/comment-les-anciens-pays-du-club-med-comme-l-espagne-la-grece-ou-le-portugal-ont-pris-leur-revanche-budgetaire-au-point-de-releguer-la-france-au-rang-de-mauvaise-eleve-de-l-europe_AD-202510220103.html\" title=\"Comment les anciens &quot;pays du Club Med&quot; comme l&#039;Espagne, la Gr\u00e8ce ou le Portugal ont pris leur revanche budg\u00e9taire au point de rel\u00e9guer la France au rang de &quot;mauvaise \u00e9l\u00e8ve&quot; de l&#039;Europe\" class=\"internal_link\" rel=\"nofollow noopener\" target=\"_blank\">surnomm\u00e9s p\u00e9jorativement \u00ab\u00a0pays du Club Med\u00a0\u00bb <\/a>en raison de leurs difficult\u00e9s financi\u00e8res (ou les PIIGS par les anglophones), l&rsquo;Espagne, l&rsquo;Italie, le Portugal voire m\u00eame la Gr\u00e8ce affichent d\u00e9sormais une relative bonne sant\u00e9 \u00e9conomique et une trajectoire des comptes publics favorables. \u00c0 l&rsquo;inverse, les pilliers de la zone euro que sont la France ou l&rsquo;Allemagne sont en prise avec une hausse de leur d\u00e9ficit public.<\/p>\n<p>\u00ab\u00a0Des trajectoires budg\u00e9taires divergentes\u00a0\u00bb<\/p>\n<blockquote class=\"embed embed_quote\"><p>\u00ab\u00a0Ces trajectoires budg\u00e9taires divergentes illustrent \u00e0 quel point la hi\u00e9rarchie entre les pays de la zone euro a chang\u00e9 depuis la crise de l&rsquo;euro\u00a0\u00bb, estime Karsten Junius, \u00e9conomiste en chef de la banque priv\u00e9e suisse J. Safra Sarasin, au <a href=\"https:\/\/www.ft.com\/content\/6b8d897b-fa82-43ca-b37d-9b1651f1ed77?_gl=1*q6hvfr*_up*MQ..*_gs*MQ..&amp;gclid=Cj0KCQiAiebIBhDmARIsAE8PGNJa0qdvwSdEx24uDn48XnqI_TfQujnG3WFAuICynjZPFtciNz0UftgaAvt8EALw_wcB&amp;gclsrc=aw.ds&amp;gbraid=0AAAAAC_ArBsQ0k2LHVJnzp-_fUwyT9ULI\" target=\"_blank\" class=\"external_link\" rel=\"nofollow noopener\">Financial Times<\/a>.<\/p><\/blockquote>\n<p>Pendant la crise de la zone euro, l&rsquo;Espagne a affich\u00e9 des d\u00e9ficits publics allant jusqu&rsquo;\u00e0 plus de 10% du PIB en 2012. Mais depuis quelques ann\u00e9es, la situation est tout autre. Le pays b\u00e9n\u00e9ficie d&rsquo;une dynamique exceptionelle, avec une croissance record de 3,5% en 2024 et qui devrait atteindre 2,6% en 2025.<\/p>\n<p>Cette <a href=\"https:\/\/www.bfmtv.com\/economie\/alors-que-toute-l-europe-est-au-point-mort-comment-fait-l-espagne-pour-etre-sur-un-rythme-annuel-de-2-8-de-croissance_AD-202507290271.html\" title=\"Alors que toute l&#039;Europe est au point mort, comment fait l&#039;Espagne pour \u00eatre sur un rythme annuel de 2,8% de croissance?\" class=\"internal_link\" rel=\"nofollow noopener\" target=\"_blank\">bonne sant\u00e9 de l&rsquo;\u00e9conomie espagnole<\/a> a contribu\u00e9 \u00e0 la hausse des recettes et la r\u00e9duction du d\u00e9ficit public.<\/p>\n<blockquote class=\"embed embed_quote\"><p>\u00ab\u00a0Le cycle d&rsquo;investissement en Allemagne s&rsquo;est essouffl\u00e9, tandis que l&rsquo;investissement a stimul\u00e9 le PIB espagnol\u00a0\u00bb, explique au Financial Times Melanie Debono, analyste au sein du cabinet de conseil Pantheon Macroeconomics.<\/p><\/blockquote>\n<p>L&rsquo;Allemagne d\u00e9pense pour sortir de la r\u00e9cession<\/p>\n<p>Pillier de la zone euro et connue pour sa rigueure budg\u00e9taire, l&rsquo;Allemagne suit pourtout la trajectoire inverse. Son d\u00e9cifit public se creuse et ses d\u00e9penses ont fortement augment\u00e9 ces derni\u00e8res ann\u00e9es, de pr\u00e8s de 75% entre 2019 et 2026.<\/p>\n<p>Le chancelier allemand Friedrich Merz a fait de la relance de la premi\u00e8re \u00e9conomie europ\u00e9enne une priorit\u00e9, apr\u00e8s deux ann\u00e9es de r\u00e9cession et une quasi-stagnation attendue en 2025. Pour autant, on peut relativiser ce constat en rappelant que la dette publique espagnole, bien qu&rsquo;en diminution, atteind toujours 100% du PIB, contre seulement 64% en Espagne.<\/p>\n<p>En revanche, en France, le niveau de la dette publique est plus pr\u00e9occupant puisqu&rsquo;il atteind 114% du PIB. Et une trajectoire de r\u00e9duction du d\u00e9ficit a beau avoir \u00e9t\u00e9 pr\u00e9sent\u00e9e par le gouvernement, ce dernier ne dispose pas de majorit\u00e9 \u00e0 l&rsquo;Assembl\u00e9e. La trajectoire des finances publiques d\u00e9pendra donc de ce que voteront les parlementaires, qui examinent actuellement le Budget 2026.<\/p>\n","protected":false},"excerpt":{"rendered":"En 2026, le d\u00e9ficit public espagnol devrait diminuer pour la 5\u00e8me ann\u00e9e cons\u00e9cutive, \u00e0 2,3%. Celui de l&rsquo;Allemagne&hellip;\n","protected":false},"author":2,"featured_media":540100,"comment_status":"","ping_status":"","sticky":false,"template":"","format":"standard","meta":{"footnotes":""},"categories":[1587],"tags":[11,672,1804,1805,1803,1777,674,1801,12,1802],"class_list":{"0":"post-540099","1":"post","2":"type-post","3":"status-publish","4":"format-standard","5":"has-post-thumbnail","7":"category-allemagne","8":"tag-actualites","9":"tag-allemagne","10":"tag-bundesrepublik-deutschland","11":"tag-de","12":"tag-deutschland","13":"tag-eu","14":"tag-europe","15":"tag-germany","16":"tag-news","17":"tag-republique-federale-dallemagne"},"share_on_mastodon":{"url":"https:\/\/pubeurope.com\/@fr\/115564767149221320","error":""},"_links":{"self":[{"href":"https:\/\/www.europesays.com\/fr\/wp-json\/wp\/v2\/posts\/540099","targetHints":{"allow":["GET"]}}],"collection":[{"href":"https:\/\/www.europesays.com\/fr\/wp-json\/wp\/v2\/posts"}],"about":[{"href":"https:\/\/www.europesays.com\/fr\/wp-json\/wp\/v2\/types\/post"}],"author":[{"embeddable":true,"href":"https:\/\/www.europesays.com\/fr\/wp-json\/wp\/v2\/users\/2"}],"replies":[{"embeddable":true,"href":"https:\/\/www.europesays.com\/fr\/wp-json\/wp\/v2\/comments?post=540099"}],"version-history":[{"count":0,"href":"https:\/\/www.europesays.com\/fr\/wp-json\/wp\/v2\/posts\/540099\/revisions"}],"wp:featuredmedia":[{"embeddable":true,"href":"https:\/\/www.europesays.com\/fr\/wp-json\/wp\/v2\/media\/540100"}],"wp:attachment":[{"href":"https:\/\/www.europesays.com\/fr\/wp-json\/wp\/v2\/media?parent=540099"}],"wp:term":[{"taxonomy":"category","embeddable":true,"href":"https:\/\/www.europesays.com\/fr\/wp-json\/wp\/v2\/categories?post=540099"},{"taxonomy":"post_tag","embeddable":true,"href":"https:\/\/www.europesays.com\/fr\/wp-json\/wp\/v2\/tags?post=540099"}],"curies":[{"name":"wp","href":"https:\/\/api.w.org\/{rel}","templated":true}]}}