{"id":540108,"date":"2025-11-17T11:23:11","date_gmt":"2025-11-17T11:23:11","guid":{"rendered":"https:\/\/www.europesays.com\/fr\/540108\/"},"modified":"2025-11-17T11:23:11","modified_gmt":"2025-11-17T11:23:11","slug":"maya-lauque-presente-ses-excuses","status":"publish","type":"post","link":"https:\/\/www.europesays.com\/fr\/540108\/","title":{"rendered":"Maya Lauqu\u00e9 pr\u00e9sente ses excuses"},"content":{"rendered":"<p>    Maya Lauqu\u00e9 \u00e0 la t\u00eate de \u00abT\u00e9l\u00e9matin\u00bb lundi 17 novembre 2025.<br \/>\n                Capture d&rsquo;\u00e9cran \/ France 2<\/p>\n<p>\n    <strong>VID\u00c9O<\/strong> &#8211; La matinale la plus regard\u00e9e de France a connu quelques perturbations ce lundi matin. Cons\u00e9quence\u00a0: la pr\u00e9sentatrice \u00e9tait s\u00e9par\u00e9e de son co-animateur Damien Th\u00e9venot.<\/p>\n<p class=\"fig-paragraph\">La musique du g\u00e9n\u00e9rique Don\u2019t stop me now du groupe Queen (traduit par \u00abNe m\u2019arr\u00eate pas maintenant\u00bb en fran\u00e7ais, NDLR.) n\u2019a jamais aussi bien port\u00e9 son nom.\u00a0<a href=\"https:\/\/tvmag.lefigaro.fr\/programme-tv\/programme\/telematin-f1710644980\" target=\"_blank\" rel=\"noopener\" data-gtm-custom-categorie=\"navigation\" data-gtm-custom-action=\"crossclick\" data-gtm-custom-label=\"Contextuel\" data-gtm-event=\"customEventSPE\"><strong>T\u00e9l\u00e9matin<\/strong><\/a> <strong>,<\/strong> l\u2019\u00e9mission d\u2019information qui invite les t\u00e9l\u00e9spectateurs \u00e0 \u00abcommencer leur journ\u00e9e avec douceur\u00bb, a rencontr\u00e9 des perturbations ce lundi 17 novembre sur France 2 en raison d\u2019un mouvement social.<\/p>\n<p class=\"fig-paragraph\">La pr\u00e9sentatrice\u00a0<a href=\"https:\/\/www.lefigaro.fr\/tag\/maya-lauque\" target=\"_blank\" rel=\"noopener\" data-gtm-custom-categorie=\"navigation\" data-gtm-custom-action=\"crossclick\" data-gtm-custom-label=\"Contextuel\" data-gtm-event=\"customEventSPE\">Maya Laqu\u00e9<\/a>\u00a0\u00e9tait fid\u00e8le \u00e0 son poste, D7S 6h30, mais sans son acolyte\u00a0<a href=\"http:\/\/tvmag.lefigaro.fr\/programme-tv\/actu-tele\/pardon-mais-je-suis-tres-emu-damien-thevenot-fond-en-larmes-dans-vivement-dimanche-20251117\" target=\"_blank\" data-fig-type=\"Article\" rel=\"noopener\" data-gtm-custom-categorie=\"navigation\" data-gtm-custom-action=\"crossclick\" data-gtm-custom-label=\"Contextuel\" data-gtm-event=\"customEventSPE\" data-fig-domain=\"TVMAG\">Damien Th\u00e9venot<\/a>\u00a0et dans un plateau diff\u00e9rent, plus \u00e9troit qu\u2019\u00e0 l\u2019accoutum\u00e9e. D\u2019ailleurs, apr\u00e8s avoir dit bonjour aux fid\u00e8les de la quotidienne, la journaliste de 46 ans a averti que l\u2019\u00e9mission allait \u00eatre \u00abparticuli\u00e8re\u00bb ce matin en raison d\u2019une gr\u00e8ve qui concerne une partie de l\u2019\u00e9quipe de France T\u00e9l\u00e9visions.<\/p>\n<p>                                    <a class=\"fig-a11y-skip a11y-hidden\" href=\"#fig-a11y-skip-main-inarticle\"><br \/>\n        Passer la publicit\u00e9<br \/>\n    <\/a><\/p>\n<p class=\"fig-paragraph\">Malgr\u00e9 tout, l\u2019\u00e9mission a continu\u00e9 de tourner avec ses rubriques famili\u00e8res\u00a0: \u00abVous allez, malgr\u00e9 tout, retrouver vos rendez-vous habituels\u00a0: l\u2019\u00e9conomie avec\u00a0<a href=\"https:\/\/www.lefigaro.fr\/tag\/axel-de-tarle\" target=\"_blank\" rel=\"noopener\" data-gtm-custom-categorie=\"navigation\" data-gtm-custom-action=\"crossclick\" data-gtm-custom-label=\"Contextuel\" data-gtm-event=\"customEventSPE\">Axel de Tarl\u00e9<\/a> , le sport avec\u00a0<a href=\"http:\/\/tvmag.lefigaro.fr\/programme-tv\/actu-tele\/qui-est-cedric-dandeville-joker-de-telematin-sur-france-2-20250808\" target=\"_blank\" data-fig-type=\"Article\" rel=\"noopener\" data-gtm-custom-categorie=\"navigation\" data-gtm-custom-action=\"crossclick\" data-gtm-custom-label=\"Contextuel\" data-gtm-event=\"customEventSPE\" data-fig-domain=\"TVMAG\">C\u00e9dric Dandeville<\/a> , les bonnes nouvelles avec Camille Dahan. (&#8230;) Pour l\u2019instant on va faire un premier point sur l\u2019info \u00e0 6h30 avec Chlo\u00e9 Tixier\u00bb, a introduit Maya Laqu\u00e9 avant le coup d\u2019envoi.<\/p>\n<p class=\"fig-body-link\">\n            \u00c0 lire aussi<br \/>\n        <a class=\"fig-body-link__link\" href=\"http:\/\/tvmag.lefigaro.fr\/programme-tv\/actu-tele\/ne-jamais-oublier-maya-lauque-emue-dans-telematin-pour-les-dix-ans-des-attentats-du-13-novembre-20251113\" target=\"_blank\" data-fig-type=\"Article\" rel=\"noopener\" data-gtm-custom-categorie=\"navigation\" data-gtm-custom-action=\"crossclick\" data-gtm-custom-label=\"Contextuel\" data-gtm-event=\"customEventSPE\" data-fig-domain=\"TVMAG\"><\/p>\n<p>        \u00abNe jamais oublier\u00bb\u00a0: Maya Lauqu\u00e9, \u00e9mue dans \u00abT\u00e9l\u00e9matin\u00bb pour les dix ans des attentats du 13 novembre<br \/>\n    <\/a>\n<\/p>\n<p class=\"fig-paragraph\">Apr\u00e8s avoir pr\u00e9sent\u00e9 ses excuses, l\u2019animatrice a ensuite annonc\u00e9 que la seconde partie de l\u2019\u00e9mission, \u00e0 8h20, serait pr\u00e9sent\u00e9e par son coll\u00e8gue Damien Th\u00e9venot. Exceptionnellement, les co-animateurs se sont ainsi r\u00e9parti et partag\u00e9 les 3h30 d\u2019\u00e9mission. Le plateau \u00e9tant trop petit pour accueillir deux animateurs.<\/p>\n<p class=\"fig-paragraph\">\u00abT\u00e9l\u00e9matin\u00bb n\u2019en est pas \u00e0 sa premi\u00e8re perturbation. Les 18 septembre et 2 octobre derniers, certains employ\u00e9s de France T\u00e9l\u00e9visions avaient d\u00e9j\u00e0 particip\u00e9 \u00e0 un mouvement de gr\u00e8ve pour d\u00e9noncer les coupes budg\u00e9taires importantes \u00e0 venir\u00a0: \u00abLe projet de budget 2026 qui reste dans les tuyaux des minist\u00e8res pr\u00e9voit toujours une coupe suppl\u00e9mentaire de 65 millions d\u2019euros pour France T\u00e9l\u00e9visions\u00bb, avait estim\u00e9 le Syndicat national des journalistes dans le pr\u00e9avis de gr\u00e8ve du 2 octobre 2025. Pour cette gr\u00e8ve du 17 novembre, aucune raison officielle n\u2019a encore \u00e9t\u00e9 communiqu\u00e9e.<\/p>\n","protected":false},"excerpt":{"rendered":"Maya Lauqu\u00e9 \u00e0 la t\u00eate de \u00abT\u00e9l\u00e9matin\u00bb lundi 17 novembre 2025. Capture d&rsquo;\u00e9cran \/ France 2 VID\u00c9O &#8211;&hellip;\n","protected":false},"author":2,"featured_media":540109,"comment_status":"","ping_status":"","sticky":false,"template":"","format":"standard","meta":{"footnotes":""},"categories":[4],"tags":[11,1011,27,6151,12,25],"class_list":{"0":"post-540108","1":"post","2":"type-post","3":"status-publish","4":"format-standard","5":"has-post-thumbnail","7":"category-france","8":"tag-actualites","9":"tag-fr","10":"tag-france","11":"tag-greve","12":"tag-news","13":"tag-republique-francaise"},"share_on_mastodon":{"url":"https:\/\/pubeurope.com\/@fr\/115564786912763644","error":""},"_links":{"self":[{"href":"https:\/\/www.europesays.com\/fr\/wp-json\/wp\/v2\/posts\/540108","targetHints":{"allow":["GET"]}}],"collection":[{"href":"https:\/\/www.europesays.com\/fr\/wp-json\/wp\/v2\/posts"}],"about":[{"href":"https:\/\/www.europesays.com\/fr\/wp-json\/wp\/v2\/types\/post"}],"author":[{"embeddable":true,"href":"https:\/\/www.europesays.com\/fr\/wp-json\/wp\/v2\/users\/2"}],"replies":[{"embeddable":true,"href":"https:\/\/www.europesays.com\/fr\/wp-json\/wp\/v2\/comments?post=540108"}],"version-history":[{"count":0,"href":"https:\/\/www.europesays.com\/fr\/wp-json\/wp\/v2\/posts\/540108\/revisions"}],"wp:featuredmedia":[{"embeddable":true,"href":"https:\/\/www.europesays.com\/fr\/wp-json\/wp\/v2\/media\/540109"}],"wp:attachment":[{"href":"https:\/\/www.europesays.com\/fr\/wp-json\/wp\/v2\/media?parent=540108"}],"wp:term":[{"taxonomy":"category","embeddable":true,"href":"https:\/\/www.europesays.com\/fr\/wp-json\/wp\/v2\/categories?post=540108"},{"taxonomy":"post_tag","embeddable":true,"href":"https:\/\/www.europesays.com\/fr\/wp-json\/wp\/v2\/tags?post=540108"}],"curies":[{"name":"wp","href":"https:\/\/api.w.org\/{rel}","templated":true}]}}