{"id":540114,"date":"2025-11-17T11:26:13","date_gmt":"2025-11-17T11:26:13","guid":{"rendered":"https:\/\/www.europesays.com\/fr\/540114\/"},"modified":"2025-11-17T11:26:13","modified_gmt":"2025-11-17T11:26:13","slug":"top-14-une-victoire-sur-les-six-derniers-matchs-lyon-se-separe-dun-element-de-lencadrement","status":"publish","type":"post","link":"https:\/\/www.europesays.com\/fr\/540114\/","title":{"rendered":"Top 14. Une victoire sur les six derniers matchs, Lyon se s\u00e9pare d\u2019un \u00e9l\u00e9ment de l\u2019encadrement"},"content":{"rendered":"<p>Alors qu\u2019ils pointent \u00e0 la <strong>douzi\u00e8me place du championnat<\/strong>, les <a href=\"https:\/\/www.lerugbynistere.fr\/amateur\/lyonnais\/\" ui-sref=\"app.committee\" alt=\"Lyonnais\" data-route=\"app.committee\" data-param=\"committeeId\" data-id=\"23\" rel=\"nofollow noopener\" target=\"_blank\">Lyonnais<\/a> ont encha\u00een\u00e9\u00a0<strong>cinq d\u00e9faites lors de leurs six derni\u00e8res sorties en <a href=\"https:\/\/www.lerugbynistere.fr\/championnats\/top-14\" ui-sref=\"app.competition({competitionId: 1})\" alt=\"Top 14\" data-route=\"app.competition\" data-param=\"competitionId\" data-id=\"1\" rel=\"nofollow noopener\" target=\"_blank\">Top 14<\/a><\/strong>. Ils se sont d\u00e9plac\u00e9s quatre fois, mais ont conc\u00e9d\u00e9 une d\u00e9faite \u00e0 domicile face \u00e0 <a href=\"https:\/\/www.lerugbynistere.fr\/clubs\/atlantique-stade-rochelais.php\" ui-sref=\"app.team({teamId: 30})\" alt=\"La Rochelle\" data-route=\"app.team\" data-param=\"teamId\" data-id=\"30\" rel=\"nofollow noopener\" target=\"_blank\">La Rochelle<\/a> lors de la huiti\u00e8me journ\u00e9e (19-36).<\/p>\n<p>Afin d\u2019insuffler un vent de fra\u00eecheur, le comit\u00e9 directeur du club a d\u00e9cid\u00e9 de <strong>se s\u00e9parer d\u2019un membre de l\u2019encadrement<\/strong>. Un accord entre le directeur sportif\u00a0Lyonnais et Marc-Antoine Ginon, le pr\u00e9sident, a \u00e9t\u00e9 trouv\u00e9, selon nos confr\u00e8res de\u00a0<a href=\"https:\/\/www.lequipe.fr\/Rugby\/Actualites\/Le-directeur-sportif-du-lou-fabien-gengenbacher-quitte-le-club\/1610361\" rel=\"nofollow noopener\" target=\"_blank\">L\u2019\u00c9quipe<\/a>.<\/p>\n<p><a class=\"inserer_lien_article\" href=\"https:\/\/www.lerugbynistere.fr\/news\/top-14-22-points-en-3-mois-le-lou-cadenasse-son-sauveur-karim-ghezal-1203251433.php\" data-id=\"44345\" data-route=\"app.article\" data-param=\"articleId\" ui-sref=\"app.article({articleId: 44345})\" alt=\"TOP 14. 22 points en 3 mois : le LOU cadenasse son sauveur Karim Ghezal\" title=\"TOP 14. 22 points en 3 mois : le LOU cadenasse son sauveur Karim Ghezal\" rel=\"nofollow noopener\" target=\"_blank\"><img decoding=\"async\" src=\"https:\/\/www.europesays.com\/fr\/wp-content\/uploads\/2025\/11\/ghezal-12-03-25-5772.jpg\" alt=\"TOP 14. 22 points en 3 mois : le LOU cadenasse son sauveur Karim Ghezal\"\/>TOP 14. 22 points en 3 mois : le LOU cadenasse son sauveur Karim Ghezal<\/a><\/p>\n<p data-start=\"50\" data-end=\"279\">Arriv\u00e9 depuis un peu plus de deux ans au club, Fabien Gengenbacher (41 ans) fait d\u00e9j\u00e0 ses valises. Le natif d\u2019Albertville a d\u00e9but\u00e9 au LOU dans la peau de manager, succ\u00e9dant \u00e0 Xavier Garbajosa \u00e0 l\u2019issue de la saison 2023-2024.<\/p>\n<p data-start=\"281\" data-end=\"562\">Il a ensuite endoss\u00e9 la casquette de directeur sportif la saison derni\u00e8re, un poste auquel Marc-Antoine Ginon l\u2019avait confort\u00e9 il y a quelques mois : \u201cSa vision et son projet doivent nous servir \u00e0 construire l\u2019avenir.\u201d Visiblement, l\u2019aventure n\u2019aura pas dur\u00e9e.<\/p>\n<p data-start=\"564\" data-end=\"814\">Joueur \u00e0 Lyon lors de la saison 2005-2006, cet ancien 10\/15 s\u2019est distingu\u00e9 au cours de <strong>20 apparitions sous le maillot du LOU<\/strong>, inscrivant 121 points.<\/p>\n<p data-start=\"564\" data-end=\"814\">C\u2019est avec <a href=\"https:\/\/www.lerugbynistere.fr\/clubs\/fcg-grenoble.php\" ui-sref=\"app.team({teamId: 38})\" alt=\"Grenoble\" data-route=\"app.team\" data-param=\"teamId\" data-id=\"38\" rel=\"nofollow noopener\" target=\"_blank\">Grenoble<\/a> qu\u2019il a \u00e9crit la plus belle page de sa carri\u00e8re, durant pr\u00e8s de dix saisons. Il remportera notamment un titre de <strong>champion de <a href=\"https:\/\/www.lerugbynistere.fr\/equipes-nationales\/xv-de-france.php\" ui-sref=\"app.team({teamId: 65})\" alt=\"France\" data-route=\"app.team\" data-param=\"teamId\" data-id=\"65\" rel=\"nofollow noopener\" target=\"_blank\">France<\/a> de <a href=\"https:\/\/www.lerugbynistere.fr\/championnats\/pro-d2\" ui-sref=\"app.competition({competitionId: 2})\" alt=\"Pro D2\" data-route=\"app.competition\" data-param=\"competitionId\" data-id=\"2\" rel=\"nofollow noopener\" target=\"_blank\">Pro D2<\/a> lors de la saison 2012-2013<\/strong>, avant d\u2019\u00eatre nomm\u00e9 capitaine du FCG en Top 14 lors de la saison 2014-2015.<\/p>\n<blockquote class=\"twitter-tweet\"><p>&#13;<\/p>\n<p lang=\"fr\" dir=\"ltr\">\ud83d\udc3a \ud835\uddd9\ud835\uddee\ud835\uddef\ud835\uddf6\ud835\uddf2\ud835\uddfb \ud835\uddda\ud835\uddf2\ud835\uddfb\ud835\uddf4\ud835\uddf2\ud835\uddfb\ud835\uddef\ud835\uddee\ud835\uddf0\ud835\uddf5\ud835\uddf2\ud835\uddff, \ud835\uddf1\ud835\uddf6\ud835\uddff\ud835\uddf2\ud835\uddf0\ud835\ude01\ud835\uddf2\ud835\ude02\ud835\uddff \ud835\ude00\ud835\uddfd\ud835\uddfc\ud835\uddff\ud835\ude01\ud835\uddf6\ud835\uddf3 \ud835\uddf1\ud835\ude02 \ud835\udddf\ud835\udde2\ud835\udde8 \ud835\udde5\ud835\ude02\ud835\uddf4\ud835\uddef\ud835\ude06<br \/>Il prendra ses fonctions le 13 juillet et sera pr\u00e9sent pour la reprise du groupe mi-juillet.<\/p>\n<p>\ud835\ude09\ud835\ude2a\ud835\ude26\ud835\ude2f\ud835\ude37\ud835\ude26\ud835\ude2f\ud835\ude36\ud835\ude26 \ud835\ude0d\ud835\ude22\ud835\ude23\ud835\ude2a\ud835\ude26\ud835\ude2f !<\/p>\n<p>\ud83d\udd17 <a href=\"https:\/\/t.co\/dQXPKGduRq\" rel=\"nofollow\">https:\/\/t.co\/dQXPKGduRq<\/a><a href=\"https:\/\/t.co\/55369cKrvA\" rel=\"nofollow\">https:\/\/t.co\/55369cKrvA<\/a><\/p>\n<p>&#13;<br \/>\n\u2014 <a href=\"https:\/\/www.lerugbynistere.fr\/clubs\/lou-rugby.php\" ui-sref=\"app.team({teamId: 44})\" alt=\"LOU Rugby\" data-route=\"app.team\" data-param=\"teamId\" data-id=\"44\" rel=\"nofollow noopener\" target=\"_blank\">LOU Rugby<\/a> (@LeLOURugby) <a href=\"https:\/\/twitter.com\/LeLOURugby\/status\/1673714927628869632?ref_src=twsrc%5Etfw\" rel=\"nofollow noopener\" target=\"_blank\">June 27, 2023<\/a><\/p><\/blockquote>\n<p>De l&rsquo;eau dans le gaz entre Gengenbacher et Ghezal \u00e0 Lyon<\/p>\n<p data-start=\"56\" data-end=\"394\">Mais l\u2019une des causes du d\u00e9part de Fabien Gengenbacher \u00e0 Lyon serait sa m\u00e9sentente avec l\u2019actuel entra\u00eeneur du club, Karim Ghezal. Tous deux se partageaient les r\u00f4les \u00e0 la direction de l\u2019\u00e9quipe, l\u00e0 o\u00f9 Karim Ghezal occupait la fonction d\u2019entra\u00eeneur en chef, Fabien Gengenbacher \u00e9tait manager\/directeur sportif. Un micmac difficile \u00e0 cerner.<\/p>\n<p data-start=\"396\" data-end=\"679\">Une situation compliqu\u00e9e m\u00eame pour Karim Ghezal, qui s\u2019\u00e9tait confi\u00e9 \u00e0 <a href=\"https:\/\/www.lequipe.fr\/Rugby\/Article\/Karim-ghezal-nouvel-entraineur-du-lou-me-fondre-dans-la-meute\/1528010\" rel=\"nofollow noopener\" target=\"_blank\">L\u2019\u00c9quipe <\/a>il y a quelques mois sur sa difficult\u00e9 \u00e0 comprendre les missions confi\u00e9es \u00e0 Fabien Gengenbacher. Malgr\u00e9 la r\u00e9organisation de la fiche de poste en d\u00e9but d\u2019ann\u00e9e, les changements n\u2019ont pas port\u00e9 leurs fruits.<\/p>\n<p data-start=\"396\" data-end=\"679\"><a class=\"inserer_lien_article\" href=\"https:\/\/www.lerugbynistere.fr\/news\/rugby-top-14-beaucoup-de-joueurs-ont-triche-gengenbacher-et-couilloud-sindignent-apres-la-deroute-du-lou-0206241200.php\" data-id=\"41465\" data-route=\"app.article\" data-param=\"articleId\" ui-sref=\"app.article({articleId: 41465})\" alt=\"RUGBY. TOP 14. &#039;&#039;Beaucoup de joueurs ont trich\u00e9&#039;&#039;, Gengenbacher et Couilloud s\u2019indignent apr\u00e8s la d\u00e9route du LOU\" title=\"RUGBY. TOP 14. &#039;&#039;Beaucoup de joueurs ont trich\u00e9&#039;&#039;, Gengenbacher et Couilloud s\u2019indignent apr\u00e8s la d\u00e9route du LOU\" rel=\"nofollow noopener\" target=\"_blank\"><img decoding=\"async\" src=\"https:\/\/www.europesays.com\/fr\/wp-content\/uploads\/2025\/11\/gengenbacher-et-couilloud-sindignent-apres-la-deroute-du-lou-a-montpellier-02-06-24-9525.jpg\" alt=\"RUGBY. TOP 14. ''Beaucoup de joueurs ont trich\u00e9'', Gengenbacher et Couilloud s\u2019indignent apr\u00e8s la d\u00e9route du LOU\"\/>RUGBY. TOP 14. \u00a0\u00bbBeaucoup de joueurs ont trich\u00e9\u00a0\u00bb, Gengenbacher et Couilloud s\u2019indignent apr\u00e8s la d\u00e9route du LOU<\/a><\/p>\n<p>\u00ab\u00a0Non, ce n\u2019\u00e9tait pas une incompatibilit\u00e9 de personne, mais de poste. Quand on avait discut\u00e9, Fabien disait qu\u2019il avait la double casquette de manager et de directeur sportif.\u00a0Aujourd\u2019hui, de ses propres mots, il sait que ce n\u2019est pas possible d\u2019apporter la pleine mesure de son potentiel en ayant un emploi d\u2019entra\u00eeneur en chef le matin, et un autre de directeur sportif l\u2019apr\u00e8s-midi.\u00a0\u00bb<br \/><strong>Karim Ghezal en d\u00e9cembre 2024 pour l&rsquo;Equipe<\/strong>.<\/p>\n<blockquote class=\"twitter-tweet\" data-media-max-width=\"560\"><p>&#13;<\/p>\n<p lang=\"fr\" dir=\"ltr\">\u00ab\u00a0Je ne sais pas qui sont mes leaders.\u00a0\u00bb \ud83c\udf99\ufe0f<\/p>\n<p>Les mots forts de Karim Ghezal apr\u00e8s la d\u00e9faite du <a href=\"https:\/\/twitter.com\/LeLOURugby?ref_src=twsrc%5Etfw\" rel=\"nofollow noopener\" target=\"_blank\">@LeLOURugby<\/a> \u00e0 domicile. Lyon pointe d\u00e9sormais \u00e0 la 12\u00e8me place du TOP 14 \ud83d\ude2c <a href=\"https:\/\/t.co\/RXIAvzfQ0E\" rel=\"nofollow\">pic.twitter.com\/RXIAvzfQ0E<\/a><\/p>\n<p>&#13;<br \/>\n\u2014 CANAL+ Rugby (@CanalplusRugby) <a href=\"https:\/\/twitter.com\/CanalplusRugby\/status\/1982532507393228834?ref_src=twsrc%5Etfw\" rel=\"nofollow noopener\" target=\"_blank\">October 26, 2025<\/a><\/p><\/blockquote>\n<p>                            <script async src=\"https:\/\/platform.twitter.com\/widgets.js\" charset=\"utf-8\"><\/script><\/p>\n","protected":false},"excerpt":{"rendered":"Alors qu\u2019ils pointent \u00e0 la douzi\u00e8me place du championnat, les Lyonnais ont encha\u00een\u00e9\u00a0cinq d\u00e9faites lors de leurs six&hellip;\n","protected":false},"author":2,"featured_media":540115,"comment_status":"","ping_status":"","sticky":false,"template":"","format":"standard","meta":{"footnotes":""},"categories":[1416],"tags":[1011,27,479,1468,60],"class_list":{"0":"post-540114","1":"post","2":"type-post","3":"status-publish","4":"format-standard","5":"has-post-thumbnail","7":"category-rugby","8":"tag-fr","9":"tag-france","10":"tag-rugby","11":"tag-rugby-football","12":"tag-sports"},"share_on_mastodon":{"url":"https:\/\/pubeurope.com\/@fr\/115564798592873415","error":""},"_links":{"self":[{"href":"https:\/\/www.europesays.com\/fr\/wp-json\/wp\/v2\/posts\/540114","targetHints":{"allow":["GET"]}}],"collection":[{"href":"https:\/\/www.europesays.com\/fr\/wp-json\/wp\/v2\/posts"}],"about":[{"href":"https:\/\/www.europesays.com\/fr\/wp-json\/wp\/v2\/types\/post"}],"author":[{"embeddable":true,"href":"https:\/\/www.europesays.com\/fr\/wp-json\/wp\/v2\/users\/2"}],"replies":[{"embeddable":true,"href":"https:\/\/www.europesays.com\/fr\/wp-json\/wp\/v2\/comments?post=540114"}],"version-history":[{"count":0,"href":"https:\/\/www.europesays.com\/fr\/wp-json\/wp\/v2\/posts\/540114\/revisions"}],"wp:featuredmedia":[{"embeddable":true,"href":"https:\/\/www.europesays.com\/fr\/wp-json\/wp\/v2\/media\/540115"}],"wp:attachment":[{"href":"https:\/\/www.europesays.com\/fr\/wp-json\/wp\/v2\/media?parent=540114"}],"wp:term":[{"taxonomy":"category","embeddable":true,"href":"https:\/\/www.europesays.com\/fr\/wp-json\/wp\/v2\/categories?post=540114"},{"taxonomy":"post_tag","embeddable":true,"href":"https:\/\/www.europesays.com\/fr\/wp-json\/wp\/v2\/tags?post=540114"}],"curies":[{"name":"wp","href":"https:\/\/api.w.org\/{rel}","templated":true}]}}