{"id":540116,"date":"2025-11-17T11:27:14","date_gmt":"2025-11-17T11:27:14","guid":{"rendered":"https:\/\/www.europesays.com\/fr\/540116\/"},"modified":"2025-11-17T11:27:14","modified_gmt":"2025-11-17T11:27:14","slug":"coupe-davis-la-mythique-coupe-davis-dans-le-hall-37-du-parc-des-expositions-sans-vie-de-bologne-quelle-tristesse-de-voir-cette-legendaire-competition-vieille-de-125-ans-se-perdre-dans-un-lieu-auss","status":"publish","type":"post","link":"https:\/\/www.europesays.com\/fr\/540116\/","title":{"rendered":"Coupe Davis > \u00ab\u00a0La mythique Coupe Davis dans le hall 37 du Parc des Expositions sans vie de Bologne. Quelle tristesse de voir cette l\u00e9gendaire comp\u00e9tition vieille de 125 ans se perdre dans un lieu aussi sordide\u00a0\u00bb explique Fabrice Abgrall, journaliste \u00e0 France Info."},"content":{"rendered":"<p>Fabrice Abgrall est le sp\u00e9cia\u00adliste du tennis de France Info. Il est pr\u00e9sent sur le circuit depuis des ann\u00e9es et parcourt le monde. Son exper\u00adtise ne peut \u00eatre remise surtout quand on parle de la Coupe Davis. Sa remarque l\u00e2ch\u00e9e avec d\u00e9pit lors de son arriv\u00e9e \u00e0 Bologne r\u00e9sume parfai\u00adte\u00adment l\u2019\u00e9tat de d\u00e9la\u00adbre\u00adment de cette comp\u00e9\u00adti\u00adtion l\u00e9gen\u00addaire et aussi l\u2019in\u00adcom\u00adp\u00e9\u00adtence de\u00a0l\u2019ITF.<\/p>\n<blockquote class=\"twitter-tweet\">\n<p lang=\"fr\" dir=\"ltr\">La mythique <a href=\"https:\/\/twitter.com\/DavisCup?ref_src=twsrc%5Etfw\" data-wpel-link=\"external\" target=\"_blank\" rel=\"nofollow external noopener\">@DavisCup<\/a> dans le hall 37 du Parc des Expositionssans vie de Bologne. Quelle tris\u00adtesse de voir cette l\u00e9gen\u00addaire comp\u00e9\u00adti\u00adtion vieille de 125 ans se perdre dans un lieu aussi sordide. <a href=\"https:\/\/t.co\/nouelQQG1H\" data-wpel-link=\"external\" target=\"_blank\" rel=\"nofollow external noopener\">pic.twitter.com\/nouelQQG1H<\/a><\/p>\n<p>\u2014 Fabrice ABGRALL (@FabriceAbgrall) <a href=\"https:\/\/twitter.com\/FabriceAbgrall\/status\/1990016504935420218?ref_src=twsrc%5Etfw\" data-wpel-link=\"external\" target=\"_blank\" rel=\"nofollow external noopener\">November 16,\u00a02025<\/a><\/p><\/blockquote>\n<p>On est bien loin du stade Pierre Mauroy et des finales \u00e9piques face \u00e0 la Suisse, Croatie ou la Belgique. On est aussi loin d\u2019un quart de finale \u00e0 G\u00eanes dans un club typique du tennis vintage anim\u00e9 par le son des cloches de l\u2019\u00e9glise voisine, tout une \u00e9poque\u2026<\/p>\n<p class=\"post-published-date\" style=\"color: silver; font-size: 75%; text-align: left;\">Publi\u00e9 le lundi 17 novembre 2025 \u00e0 10:46<\/p>\n<p><script async src=\"https:\/\/platform.twitter.com\/widgets.js\" charset=\"utf-8\"><\/script><\/p>\n","protected":false},"excerpt":{"rendered":"Fabrice Abgrall est le sp\u00e9cia\u00adliste du tennis de France Info. Il est pr\u00e9sent sur le circuit depuis des&hellip;\n","protected":false},"author":2,"featured_media":540117,"comment_status":"","ping_status":"","sticky":false,"template":"","format":"standard","meta":{"footnotes":""},"categories":[1415],"tags":[1011,27,60,1467],"class_list":{"0":"post-540116","1":"post","2":"type-post","3":"status-publish","4":"format-standard","5":"has-post-thumbnail","7":"category-tennis","8":"tag-fr","9":"tag-france","10":"tag-sports","11":"tag-tennis"},"share_on_mastodon":{"url":"","error":""},"_links":{"self":[{"href":"https:\/\/www.europesays.com\/fr\/wp-json\/wp\/v2\/posts\/540116","targetHints":{"allow":["GET"]}}],"collection":[{"href":"https:\/\/www.europesays.com\/fr\/wp-json\/wp\/v2\/posts"}],"about":[{"href":"https:\/\/www.europesays.com\/fr\/wp-json\/wp\/v2\/types\/post"}],"author":[{"embeddable":true,"href":"https:\/\/www.europesays.com\/fr\/wp-json\/wp\/v2\/users\/2"}],"replies":[{"embeddable":true,"href":"https:\/\/www.europesays.com\/fr\/wp-json\/wp\/v2\/comments?post=540116"}],"version-history":[{"count":0,"href":"https:\/\/www.europesays.com\/fr\/wp-json\/wp\/v2\/posts\/540116\/revisions"}],"wp:featuredmedia":[{"embeddable":true,"href":"https:\/\/www.europesays.com\/fr\/wp-json\/wp\/v2\/media\/540117"}],"wp:attachment":[{"href":"https:\/\/www.europesays.com\/fr\/wp-json\/wp\/v2\/media?parent=540116"}],"wp:term":[{"taxonomy":"category","embeddable":true,"href":"https:\/\/www.europesays.com\/fr\/wp-json\/wp\/v2\/categories?post=540116"},{"taxonomy":"post_tag","embeddable":true,"href":"https:\/\/www.europesays.com\/fr\/wp-json\/wp\/v2\/tags?post=540116"}],"curies":[{"name":"wp","href":"https:\/\/api.w.org\/{rel}","templated":true}]}}