{"id":540118,"date":"2025-11-17T11:31:20","date_gmt":"2025-11-17T11:31:20","guid":{"rendered":"https:\/\/www.europesays.com\/fr\/540118\/"},"modified":"2025-11-17T11:31:20","modified_gmt":"2025-11-17T11:31:20","slug":"mondial-esport-hommes-classement-actualite","status":"publish","type":"post","link":"https:\/\/www.europesays.com\/fr\/540118\/","title":{"rendered":"Mondial Esport &#8211; Hommes : Classement &#8211; Actualit\u00e9"},"content":{"rendered":"<p>                                                                    <img decoding=\"async\" src=\"https:\/\/www.europesays.com\/fr\/wp-content\/uploads\/2025\/11\/691af639bedc2.JPG\" height=\"auto\" loading=\"lazy\"\/><br \/>\n                                                                    Cr\u00e9dit photo MyWoosh<\/p>\n<p class=\"images-caption\">Cr\u00e9dit photo MyWoosh<\/p>\n<p class=\"metadata\">\n            Par<br \/>\n        <strong class=\"text-black\">    <a href=\"https:\/\/www.directvelo.com\/auteur\/2\/nicolas-gachet\" class=\"hover-underline\" rel=\"author noopener\" target=\"_blank\">NICOLAS GACHET<\/a><br \/>\n<\/strong><br \/>\n                    <br \/>Le<br \/>\n    17 novembre 2025, 11:19<\/p>\n<p>Jason Osborne (Allemagne) a remport\u00e9 ce samedi le Championnat du Monde d&rsquo;Esport Hommes, disput\u00e9 \u00e0 Abou Dhabi (\u00c9mirats arabes unis). Il a devanc\u00e9 le Polonais Michal Kaminski et le Belge Lennert Teugels.<br \/>Jason Osborne s&rsquo;impose \u00e0 cette occasion pour la troisi\u00e8me fois, apr\u00e8s 2020 et 2024.<\/p>\n<p><strong>Classement :<\/strong> <br \/>1 Jason OSBORNE GER 564 pts<br \/>2 Micha\u0142 KAMINSKI POL 493<br \/>3 Lennert TEUGELS BEL 468<br \/>4 Nj\u00e5l PEDERSEN NOR 454<br \/>5 Bj\u00f8rn ANDREASSEN DEN 452<br \/>6 Lionel VUJASIN BEL 445<br \/>7 Neal FRYETT USA 432<br \/>8 Kasper BORREMANS FIN 417<br \/>9 Stefan VAN AELST BEL 413<br \/>10 Ollie JONES NZL 413<br \/>11 Pawel SCIERSKI POL 413<br \/>12 Daniel TUREK CZE 402<br \/>13 Ruben DHONDT BEL 389<br \/>14 Joshua HARRIS AUS 308<br \/>15 Kjell POWER BEL 283<br \/>16 Jasper PARIDAENS BEL 274<br \/>17 Mathias VANHEE BEL 264<br \/>18 H\u00e5vard GJELDNES NOR 264<br \/>19 Hayden PUCKER USA 257<br \/>20 Thomas Benjamin THRALL CAN 204<br \/>21 Riccardo PANIZZA ITA 203<\/p>\n<p>Source :\u00a0<a href=\"http:\/\/www.uci.org\/\" target=\"_blank\" rel=\"noopener\">www.uci.org<\/a><\/p>\n<p>            En savoir plus : coureurs et \u00e9quipes associ\u00e9s<\/p>\n<p>                Coureurs<\/p>\n<p>                    <img decoding=\"async\" src=\"https:\/\/www.europesays.com\/fr\/wp-content\/uploads\/2025\/11\/63d2497d3d8da.jpg\" height=\"auto\" loading=\"lazy\"\/><\/p>\n<p>                            Portrait de Jason OSBORNE<\/p>\n","protected":false},"excerpt":{"rendered":"Cr\u00e9dit photo MyWoosh Cr\u00e9dit photo MyWoosh Par NICOLAS GACHET Le 17 novembre 2025, 11:19 Jason Osborne (Allemagne) a&hellip;\n","protected":false},"author":2,"featured_media":540119,"comment_status":"","ping_status":"","sticky":false,"template":"","format":"standard","meta":{"footnotes":""},"categories":[1411],"tags":[834,828,836,829,837,827,83,826,824,823,1154,207,814,817,815,816,822,821,832,211,839,1011,27,820,818,819,835,831,830,833,838,60,212,208,825],"class_list":{"0":"post-540118","1":"post","2":"type-post","3":"status-publish","4":"format-standard","5":"has-post-thumbnail","7":"category-cyclisme","8":"tag-attaque","9":"tag-belgique","10":"tag-braquet","11":"tag-bretagne","12":"tag-chute","13":"tag-competition","14":"tag-coupe-de-france","15":"tag-coureur","16":"tag-course-cyclisme","17":"tag-course-cycliste","18":"tag-cycling","19":"tag-cyclisme","20":"tag-direct","21":"tag-direct-velo","22":"tag-directvelo","23":"tag-directvelo-com","24":"tag-epreuve","25":"tag-epreuve-cycliste","26":"tag-federation-francaise-de-cyclisme","27":"tag-ffc","28":"tag-flandres","29":"tag-fr","30":"tag-france","31":"tag-live","32":"tag-live-course","33":"tag-live-epreuve","34":"tag-peloton","35":"tag-radio-peloton","36":"tag-radio-tour","37":"tag-ravitaillement","38":"tag-relance","39":"tag-sports","40":"tag-uci","41":"tag-velo","42":"tag-velos"},"share_on_mastodon":{"url":"https:\/\/pubeurope.com\/@fr\/115564818388137581","error":""},"_links":{"self":[{"href":"https:\/\/www.europesays.com\/fr\/wp-json\/wp\/v2\/posts\/540118","targetHints":{"allow":["GET"]}}],"collection":[{"href":"https:\/\/www.europesays.com\/fr\/wp-json\/wp\/v2\/posts"}],"about":[{"href":"https:\/\/www.europesays.com\/fr\/wp-json\/wp\/v2\/types\/post"}],"author":[{"embeddable":true,"href":"https:\/\/www.europesays.com\/fr\/wp-json\/wp\/v2\/users\/2"}],"replies":[{"embeddable":true,"href":"https:\/\/www.europesays.com\/fr\/wp-json\/wp\/v2\/comments?post=540118"}],"version-history":[{"count":0,"href":"https:\/\/www.europesays.com\/fr\/wp-json\/wp\/v2\/posts\/540118\/revisions"}],"wp:featuredmedia":[{"embeddable":true,"href":"https:\/\/www.europesays.com\/fr\/wp-json\/wp\/v2\/media\/540119"}],"wp:attachment":[{"href":"https:\/\/www.europesays.com\/fr\/wp-json\/wp\/v2\/media?parent=540118"}],"wp:term":[{"taxonomy":"category","embeddable":true,"href":"https:\/\/www.europesays.com\/fr\/wp-json\/wp\/v2\/categories?post=540118"},{"taxonomy":"post_tag","embeddable":true,"href":"https:\/\/www.europesays.com\/fr\/wp-json\/wp\/v2\/tags?post=540118"}],"curies":[{"name":"wp","href":"https:\/\/api.w.org\/{rel}","templated":true}]}}