{"id":540124,"date":"2025-11-17T11:34:12","date_gmt":"2025-11-17T11:34:12","guid":{"rendered":"https:\/\/www.europesays.com\/fr\/540124\/"},"modified":"2025-11-17T11:34:12","modified_gmt":"2025-11-17T11:34:12","slug":"deux-tiktokeurs-belges-ont-reussi-a-accrocher-leur-tableau-dans-la-salle-de-la-joconde","status":"publish","type":"post","link":"https:\/\/www.europesays.com\/fr\/540124\/","title":{"rendered":"Deux tiktokeurs belges ont r\u00e9ussi \u00e0 accrocher leur tableau dans la salle de la Joconde"},"content":{"rendered":"<p>Si le <a href=\"https:\/\/www.20minutes.fr\/dossier\/louvre\" class=\"c-link c-link--is-underlined\" target=\"_blank\" rel=\"noopener\">mus\u00e9e du Louvre<\/a> a perdu ses joyaux, il a en revanche gagn\u00e9 un tableau suppl\u00e9mentaire. Enfin, de mani\u00e8re \u00e9ph\u00e9m\u00e8re. Deux <a href=\"https:\/\/www.20minutes.fr\/high-tech\/tiktok\/\" class=\"c-link c-link--is-underlined\" target=\"_blank\" rel=\"noopener\">tiktokeurs<\/a> <a href=\"https:\/\/www.20minutes.fr\/dossier\/belge\" class=\"c-link c-link--is-underlined\" target=\"_blank\" rel=\"noopener\">Belges<\/a>, Neal et Senne, ont en effet r\u00e9ussi \u00e0 d\u00e9jouer la vigilance des agents de s\u00e9curit\u00e9 en accrochant une de leurs \u0153uvres au mur dans la salle de la Joconde, comme ils en t\u00e9moignent <a href=\"https:\/\/www.instagram.com\/neal_senne\/?utm_source=ig_embed\" rel=\"nofollow noopener\" target=\"_blank\" class=\"c-link c-link--is-underlined\">sur leur compte Instagram<\/a> et TikTok.<\/p>\n<p>Pour arriver \u00e0 leur fin, ils ont \u00e9t\u00e9 astucieux. Il faut dire qu\u2019ils n\u2019en sont pas \u00e0 leur premier fait d\u2019armes. Les deux jeunes Belges s\u2019\u00e9taient d\u00e9j\u00e0 fait remarquer en s\u2019introduisant dans le stade de Munich lors de la finale de Ligue des champions apr\u00e8s avoir pass\u00e9 27 heures dans les toilettes, rappelle <a href=\"https:\/\/www.leparisien.fr\/societe\/on-savait-que-cetait-risque-deux-tiktokeurs-belges-dejouent-la-securite-du-louvre-pour-accrocher-leur-tableau-15-11-2025-3Q35X3OXTVEBZNW42JE25PB2YY.php\" rel=\"nofollow noopener\" target=\"_blank\" class=\"c-link c-link--is-underlined\">Le Parisien<\/a>, ou bien encore en ayant r\u00e9ussi \u00e0 accrocher une \u0153uvre au mus\u00e9e des Beaux-arts de Gand en Belgique.<\/p>\n<p>Une ruse bien ficel\u00e9e<\/p>\n<p>Cette fois-ci, ils ont construit un cadre d\u00e9montable en Lego et roul\u00e9 leur toile pour passer les contr\u00f4les. Si les deux comp\u00e8res ont finalement r\u00e9ussi \u00e0 accrocher le tableau dans la salle de la Joconde, ils n\u2019ont pas r\u00e9ussi \u00e0 l\u2019accrocher comme ils l\u2019avaient pr\u00e9vu \u00e0 c\u00f4t\u00e9 de Mona Lisa, gr\u00e2ce \u00e0 la trop grande pr\u00e9sence et de la vigilance des agents de s\u00e9curit\u00e9.<\/p>\n<p><script async src=\"\/\/www.instagram.com\/embed.js\"><\/script><\/p>\n","protected":false},"excerpt":{"rendered":"Si le mus\u00e9e du Louvre a perdu ses joyaux, il a en revanche gagn\u00e9 un tableau suppl\u00e9mentaire. Enfin,&hellip;\n","protected":false},"author":2,"featured_media":540125,"comment_status":"","ping_status":"","sticky":false,"template":"","format":"standard","meta":{"footnotes":""},"categories":[1358],"tags":[47,3734,1348,1384,1385,828,3750,1386,58,59,118,658,1011,27,662,2440,310,11274,3048,626,656,2439],"class_list":{"0":"post-540124","1":"post","2":"type-post","3":"status-publish","4":"format-standard","5":"has-post-thumbnail","7":"category-arts-et-design","8":"tag-actualite","9":"tag-art","10":"tag-arts","11":"tag-arts-and-design","12":"tag-arts-et-design","13":"tag-belgique","14":"tag-defi","15":"tag-design","16":"tag-divertissement","17":"tag-entertainment","18":"tag-faits-divers","19":"tag-faits-divers-paris","20":"tag-fr","21":"tag-france","22":"tag-ile-de-france","23":"tag-instagram","24":"tag-internet","25":"tag-louvre","26":"tag-musee","27":"tag-paris","28":"tag-securite","29":"tag-tiktok"},"share_on_mastodon":{"url":"https:\/\/pubeurope.com\/@fr\/115564829958700651","error":""},"_links":{"self":[{"href":"https:\/\/www.europesays.com\/fr\/wp-json\/wp\/v2\/posts\/540124","targetHints":{"allow":["GET"]}}],"collection":[{"href":"https:\/\/www.europesays.com\/fr\/wp-json\/wp\/v2\/posts"}],"about":[{"href":"https:\/\/www.europesays.com\/fr\/wp-json\/wp\/v2\/types\/post"}],"author":[{"embeddable":true,"href":"https:\/\/www.europesays.com\/fr\/wp-json\/wp\/v2\/users\/2"}],"replies":[{"embeddable":true,"href":"https:\/\/www.europesays.com\/fr\/wp-json\/wp\/v2\/comments?post=540124"}],"version-history":[{"count":0,"href":"https:\/\/www.europesays.com\/fr\/wp-json\/wp\/v2\/posts\/540124\/revisions"}],"wp:featuredmedia":[{"embeddable":true,"href":"https:\/\/www.europesays.com\/fr\/wp-json\/wp\/v2\/media\/540125"}],"wp:attachment":[{"href":"https:\/\/www.europesays.com\/fr\/wp-json\/wp\/v2\/media?parent=540124"}],"wp:term":[{"taxonomy":"category","embeddable":true,"href":"https:\/\/www.europesays.com\/fr\/wp-json\/wp\/v2\/categories?post=540124"},{"taxonomy":"post_tag","embeddable":true,"href":"https:\/\/www.europesays.com\/fr\/wp-json\/wp\/v2\/tags?post=540124"}],"curies":[{"name":"wp","href":"https:\/\/api.w.org\/{rel}","templated":true}]}}