{"id":540140,"date":"2025-11-17T11:43:13","date_gmt":"2025-11-17T11:43:13","guid":{"rendered":"https:\/\/www.europesays.com\/fr\/540140\/"},"modified":"2025-11-17T11:43:13","modified_gmt":"2025-11-17T11:43:13","slug":"daniel-kretinsky-va-devenir-lun-des-principaux-actionnaires-de-totalenergies","status":"publish","type":"post","link":"https:\/\/www.europesays.com\/fr\/540140\/","title":{"rendered":"Daniel Kretinsky va devenir l\u2019un des principaux actionnaires de TotalEnergies"},"content":{"rendered":"<p>\n    \u00c0 l\u2019occasion d\u2019un investissement de la major fran\u00e7aise dans des centrales \u00e0 gaz d\u00e9tenues par le milliardaire tch\u00e8que, ce dernier va recevoir 4,1% des actions du groupe de Patrick Pouyann\u00e9.<\/p>\n<p class=\"fig-paragraph\">Et un actif de plus dans le panier d\u00e9j\u00e0 bien rempli du\u00a0<a href=\"http:\/\/www.lefigaro.fr\/flash-eco\/acier-thyssenkrupp-et-daniel-kretinsky-arretent-les-discussions-en-vue-d-une-coentreprise-20251002\" data-fig-type=\"NewsFlash\" data-gtm-custom-categorie=\"navigation\" data-gtm-custom-action=\"crossclick\" data-gtm-custom-label=\"Contextuel\" data-gtm-event=\"customEventSPE\" data-fig-domain=\"LEFIGARO\" target=\"_blank\" rel=\"noopener\">milliardaire tch\u00e8que Daniel Kretinsky<\/a>. Il va devenir un des principaux actionnaires de\u00a0<a href=\"https:\/\/lefigaro.fr\/tag\/totalenergies\" target=\"_blank\" rel=\"sponsored noopener\" data-gtm-custom-categorie=\"navigation\" data-gtm-custom-action=\"crossclick\" data-gtm-custom-label=\"Contextuel\" data-gtm-event=\"customEventSPE\">TotalEnergies<\/a>, avec 4,1% du capital de la major fran\u00e7aise, a-t-on appris ce lundi.<\/p>\n<p class=\"fig-paragraph\">Dans le d\u00e9tail, TotalEnergies a conclu un accord avec Energetick\u00fd a pr\u016fmyslov\u00fd holding, a.s. (EPH), l\u2019entreprise d\u00e9tenue par Daniel Kretinsky \u00e0 partir de laquelle il a b\u00e2ti son empire. Le fran\u00e7ais va acqu\u00e9rir 50% de l\u2019entreprise valoris\u00e9e \u00e0 10,6 milliards d\u2019euros. L\u2019accord pr\u00e9voit que EPH recevra l\u2019\u00e9quivalent de 5,1 milliards d\u2019euros en actions TotalEnergies via l\u2019\u00e9mission de 95,4 millions d\u2019actions. Cela repr\u00e9sente environ 4,1% du capital social de TotalEnergies et \u00abfera d\u2019EPH l\u2019un des premiers actionnaires de la Compagnie \u00e0 l\u2019issue de l\u2019op\u00e9ration\u00bb.<\/p>\n<p>                                    <a class=\"fig-a11y-skip a11y-hidden\" href=\"#fig-a11y-skip-main-inarticle\"><br \/>\n        Passer la publicit\u00e9<br \/>\n    <\/a><\/p>\n<p class=\"fig-paragraph\">Le calcul du cours de l\u2019action a \u00e9t\u00e9 effectu\u00e9 \u00absur la base d\u2019un prix \u00e9gal \u00e0 la moyenne pond\u00e9r\u00e9e par les volumes des cours des vingt s\u00e9ances de bourse ayant pr\u00e9c\u00e9d\u00e9 le 16 novembre (date de signature), soit 53,94 euros par action\u00bb, fait savoir le groupe. Le titre \u00e9volue dans la zone des 56 euros \u00e0 la Bourse de Paris en s\u00e9ance ce lundi.<\/p>\n<p>Un accord strat\u00e9gique majeur<\/p>\n<p class=\"fig-paragraph\">La transaction aboutira \u00e0 la cr\u00e9ation d\u2019une coentreprise d\u00e9tenue \u00e0 50\/50 par TotalEnergies et EPH, qui aura la charge de la gestion industrielle des actifs et du d\u00e9veloppement du portefeuille, tandis que chacune des deux entreprises commercialisera sa part de production via un accord de tolling avec la coentreprise. Les actifs rachet\u00e9s sont des centrales \u00e0 gaz, reparties dans plusieurs pays d\u2019Europe de l\u2019Ouest (Italie, Royaume-Uni et Irlande, Pays-Bas, France).<\/p>\n<p class=\"fig-paragraph\">\u00abCette op\u00e9ration s\u2019inscrit pleinement dans la strat\u00e9gie Integrated Power de TotalEnergies, visant \u00e0 renforcer sa position sur les march\u00e9s europ\u00e9ens de l\u2019\u00e9lectricit\u00e9, en d\u00e9veloppant la compl\u00e9mentarit\u00e9 de la g\u00e9n\u00e9ration intermittente d\u2019\u00e9lectricit\u00e9 renouvelable et de la g\u00e9n\u00e9ration d\u2019\u00e9lectricit\u00e9 flexible (centrales \u00e0 gaz, batteries)\u00bb, explique le groupe, attach\u00e9 au d\u00e9veloppement de \u00abson offre d\u2019\u00e9lectricit\u00e9 bas carbone et disponible 24h\/24 (Clean Firm Power)\u00bb.<\/p>\n","protected":false},"excerpt":{"rendered":"\u00c0 l\u2019occasion d\u2019un investissement de la major fran\u00e7aise dans des centrales \u00e0 gaz d\u00e9tenues par le milliardaire tch\u00e8que,&hellip;\n","protected":false},"author":2,"featured_media":540141,"comment_status":"","ping_status":"","sticky":false,"template":"","format":"standard","meta":{"footnotes":""},"categories":[6],"tags":[35,33,34,1011,27,33846],"class_list":{"0":"post-540140","1":"post","2":"type-post","3":"status-publish","4":"format-standard","5":"has-post-thumbnail","7":"category-economie","8":"tag-business","9":"tag-economie","10":"tag-economy","11":"tag-fr","12":"tag-france","13":"tag-totalenergies"},"share_on_mastodon":{"url":"https:\/\/pubeurope.com\/@fr\/115564865503762350","error":""},"_links":{"self":[{"href":"https:\/\/www.europesays.com\/fr\/wp-json\/wp\/v2\/posts\/540140","targetHints":{"allow":["GET"]}}],"collection":[{"href":"https:\/\/www.europesays.com\/fr\/wp-json\/wp\/v2\/posts"}],"about":[{"href":"https:\/\/www.europesays.com\/fr\/wp-json\/wp\/v2\/types\/post"}],"author":[{"embeddable":true,"href":"https:\/\/www.europesays.com\/fr\/wp-json\/wp\/v2\/users\/2"}],"replies":[{"embeddable":true,"href":"https:\/\/www.europesays.com\/fr\/wp-json\/wp\/v2\/comments?post=540140"}],"version-history":[{"count":0,"href":"https:\/\/www.europesays.com\/fr\/wp-json\/wp\/v2\/posts\/540140\/revisions"}],"wp:featuredmedia":[{"embeddable":true,"href":"https:\/\/www.europesays.com\/fr\/wp-json\/wp\/v2\/media\/540141"}],"wp:attachment":[{"href":"https:\/\/www.europesays.com\/fr\/wp-json\/wp\/v2\/media?parent=540140"}],"wp:term":[{"taxonomy":"category","embeddable":true,"href":"https:\/\/www.europesays.com\/fr\/wp-json\/wp\/v2\/categories?post=540140"},{"taxonomy":"post_tag","embeddable":true,"href":"https:\/\/www.europesays.com\/fr\/wp-json\/wp\/v2\/tags?post=540140"}],"curies":[{"name":"wp","href":"https:\/\/api.w.org\/{rel}","templated":true}]}}