{"id":540142,"date":"2025-11-17T11:44:14","date_gmt":"2025-11-17T11:44:14","guid":{"rendered":"https:\/\/www.europesays.com\/fr\/540142\/"},"modified":"2025-11-17T11:44:14","modified_gmt":"2025-11-17T11:44:14","slug":"comment-les-chars-de-combat-resistent-a-la-suprematie-des-drones","status":"publish","type":"post","link":"https:\/\/www.europesays.com\/fr\/540142\/","title":{"rendered":"comment les chars de combat r\u00e9sistent \u00e0 la supr\u00e9matie des drones"},"content":{"rendered":"<p>\n    <strong>ENTRETIEN <\/strong>&#8211; \u00abLe char reste un outil militaire important en haute intensit\u00e9 sur lequel la plupart des pays font le choix d\u2019investir, faute de solution plus pertinente ou adapt\u00e9e\u00bb, analyse L\u00e9o P\u00e9ria-Peign\u00e9, chercheur \u00e0 l\u2019Ifri dans une note \u00e0 para\u00eetre lundi.<\/p>\n<p class=\"fig-paragraph\">Avant de p\u00e9n\u00e9trer en Ukraine, l\u2019arm\u00e9e russe disposait de vastes arsenaux de chars h\u00e9rit\u00e9s de l\u2019\u00e8re sovi\u00e9tique. Mais les pertes ont \u00e9t\u00e9 telles qu\u2019ils semblaient avoir d\u00e9sert\u00e9 le champ de bataille. Certains observateurs pr\u00e9disaient sa disparition. Une obsolescence annonc\u00e9e que nuance L\u00e9o P\u00e9ria-Peign\u00e9 dans une \u00e9tude publi\u00e9e ce lundi\u00a0: Char de combat\u00a0: Obsolescence ou renaissance\u00a0?<\/p>\n<p class=\"fig-paragraph\">L\u00e9o P\u00e9ria-Peign\u00e9 est chercheur au Centre des \u00e9tudes de s\u00e9curit\u00e9 de l\u2019Institut fran\u00e7ais des relations internationales (IFRI), et sp\u00e9cialiste des armements.\u00a0<\/p>\n<p class=\"fig-paragraph\"><strong>LE FIGARO.- Selon\u00a0<\/strong><a href=\"http:\/\/www.lefigaro.fr\/international\/guerre-en-ukraine-mais-ou-sont-donc-passes-les-chars-russes-20250629\" target=\"_blank\" data-fig-type=\"NewsFlash\" rel=\"noopener nofollow\" data-gtm-custom-categorie=\"navigation\" data-gtm-custom-action=\"crossclick\" data-gtm-custom-label=\"Contextuel\" data-gtm-event=\"customEventSPE\" data-fig-domain=\"LEFIGARO\"><strong>le site Oryx<\/strong><\/a> <strong>, la Russie aurait perdu plus de 4000 chars de combat depuis le d\u00e9but de l\u2019invasion, un nombre in\u00e9dit depuis la Seconde Guerre mondiale. Quelles en sont les causes principales\u00a0?<\/strong><\/p>\n<p class=\"fig-paragraph\"><strong>LE FIGARO.- <\/strong>Plusieurs tendances se d\u00e9gagent. D\u2019abord, le combat \u00abchar contre char\u00bb reste tr\u00e8s rare et concerne d\u00e8s 2022 moins de 5% des pertes. La plupart de celles-ci sont caus\u00e9es par l\u2019artillerie, les mines et les armes antichars, le plus\u2026<\/p>\n<p class=\"fig-premium-paywall__infos\">\n        Cet article est r\u00e9serv\u00e9 aux abonn\u00e9s.        Il vous reste 90% \u00e0 d\u00e9couvrir.\n    <\/p>\n<p>                <img  data- alt=\"Le Figaro\" class=\"fig-img--complete fig-img\"\/><\/p>\n<p class=\"fig-premium-paywall__title\">Black Friday<\/p>\n<p class=\"fig-premium-paywall__subtitle\">-70% sur l&rsquo;abonnement num\u00e9rique<\/p>\n<p class=\"fig-premium-paywall__connect\">\n                D\u00e9j\u00e0 abonn\u00e9\u00a0?                <a class=\"fig-premium-paywall__connect-link\" href=\"https:\/\/connect.lefigaro.fr\/login?client=horizon_web&amp;type=main&amp;redirect_uri=https%3A%2F%2Fwww.lefigaro.fr%2Finternational%2Fleur-apport-tactique-est-encore-pertinent-comment-les-chars-de-combat-resistent-a-la-suprematie-des-drones-20251116\" data-js-gtm=\"{&quot;customCategorie&quot;: &quot;conversion&quot;, &quot;customAction&quot;: &quot;before_Landing_Connexion_paywall_auto&quot;, &quot;customLabel&quot;: &quot;bGVmaWdhcm8uZnJfXzFmMGMxMzZlLTZjZDAtNmE5OC1hNmQwLTg3NjQ2NmRmZjczOF9fQXJ0aWNsZQ==_\u00abLeur apport tactique est encore pertinent\u00bb\u00a0: comment les chars de combat r\u00e9sistent \u00e0 la supr\u00e9matie des drones_237&quot;, &quot;customIDSPE&quot;: &quot;bGVmaWdhcm8uZnJfXzFmMGMxMzZlLTZjZDAtNmE5OC1hNmQwLTg3NjQ2NmRmZjczOF9fQXJ0aWNsZQ==&quot;, &quot;event&quot;: &quot;customEventSPE&quot;}\" rel=\"nofollow noopener\" target=\"_blank\"><br \/>\n                    Connectez-vous<br \/>\n                <\/a>\n            <\/p>\n","protected":false},"excerpt":{"rendered":"ENTRETIEN &#8211; \u00abLe char reste un outil militaire important en haute intensit\u00e9 sur lequel la plupart des pays&hellip;\n","protected":false},"author":2,"featured_media":540143,"comment_status":"","ping_status":"","sticky":false,"template":"","format":"standard","meta":{"footnotes":""},"categories":[5],"tags":[11,21300,1011,27,131,14,12,28],"class_list":{"0":"post-540142","1":"post","2":"type-post","3":"status-publish","4":"format-standard","5":"has-post-thumbnail","7":"category-international","8":"tag-actualites","9":"tag-armee-russe","10":"tag-fr","11":"tag-france","12":"tag-guerre-en-ukraine","13":"tag-international","14":"tag-news","15":"tag-world"},"share_on_mastodon":{"url":"https:\/\/pubeurope.com\/@fr\/115564869395781921","error":""},"_links":{"self":[{"href":"https:\/\/www.europesays.com\/fr\/wp-json\/wp\/v2\/posts\/540142","targetHints":{"allow":["GET"]}}],"collection":[{"href":"https:\/\/www.europesays.com\/fr\/wp-json\/wp\/v2\/posts"}],"about":[{"href":"https:\/\/www.europesays.com\/fr\/wp-json\/wp\/v2\/types\/post"}],"author":[{"embeddable":true,"href":"https:\/\/www.europesays.com\/fr\/wp-json\/wp\/v2\/users\/2"}],"replies":[{"embeddable":true,"href":"https:\/\/www.europesays.com\/fr\/wp-json\/wp\/v2\/comments?post=540142"}],"version-history":[{"count":0,"href":"https:\/\/www.europesays.com\/fr\/wp-json\/wp\/v2\/posts\/540142\/revisions"}],"wp:featuredmedia":[{"embeddable":true,"href":"https:\/\/www.europesays.com\/fr\/wp-json\/wp\/v2\/media\/540143"}],"wp:attachment":[{"href":"https:\/\/www.europesays.com\/fr\/wp-json\/wp\/v2\/media?parent=540142"}],"wp:term":[{"taxonomy":"category","embeddable":true,"href":"https:\/\/www.europesays.com\/fr\/wp-json\/wp\/v2\/categories?post=540142"},{"taxonomy":"post_tag","embeddable":true,"href":"https:\/\/www.europesays.com\/fr\/wp-json\/wp\/v2\/tags?post=540142"}],"curies":[{"name":"wp","href":"https:\/\/api.w.org\/{rel}","templated":true}]}}