{"id":540144,"date":"2025-11-17T11:45:16","date_gmt":"2025-11-17T11:45:16","guid":{"rendered":"https:\/\/www.europesays.com\/fr\/540144\/"},"modified":"2025-11-17T11:45:16","modified_gmt":"2025-11-17T11:45:16","slug":"meteo-france-annonce-larrivee-des-premiers-flocons-dans-le-nord-et-le-pas-de-calais","status":"publish","type":"post","link":"https:\/\/www.europesays.com\/fr\/540144\/","title":{"rendered":"M\u00e9t\u00e9o France annonce l&rsquo;arriv\u00e9e des premiers flocons dans le Nord et le Pas-de-Calais"},"content":{"rendered":"<p>                    Par<br \/>\n        <strong><br \/>\n            <a href=\"https:\/\/actu.fr\/auteur\/nicolas-demollien\" title=\"Consulter tous les articles de Nicolas Demollien\" rel=\"nofollow noopener\" target=\"_blank\">Nicolas Demollien<\/a><br \/>\n                    <\/strong><\/p>\n<p>        Publi\u00e9 le<\/p>\n<p>            17 nov. 2025 \u00e0 10h40        <\/p>\n<p>C\u2019est un <b>cauchemar pour certains<\/b>, un <b>bonheur pour d\u2019autres<\/b>. La <a href=\"https:\/\/actu.fr\/tag\/neige\" rel=\"nofollow noopener\" target=\"_blank\">neige<\/a> pourrait bien faire son <b>arriv\u00e9e en cette mi-novembre 2025<\/b> dans le <a href=\"https:\/\/actu.fr\/hauts-de-france\/nord_59\" rel=\"nofollow noopener\" target=\"_blank\">Nord<\/a> comme le <a href=\"https:\/\/actu.fr\/hauts-de-france\/pas-de-calais_62\" rel=\"nofollow noopener\" target=\"_blank\">Pas-de-Calais<\/a> selon <a href=\"https:\/\/actu.fr\/tag\/meteo-france\" rel=\"nofollow noopener\" target=\"_blank\">M\u00e9t\u00e9o France<\/a>, alors qu\u2019un <a href=\"https:\/\/actu.fr\/societe\/arrivee-dun-air-polaire-les-temperatures-vont-chuter-subitement-dans-le-nord-et-le-pas-de-calais_63438878.html\" rel=\"nofollow noopener\" target=\"_blank\">air polaire touche les deux d\u00e9partements<\/a>. On fait l<b>e point sur les pr\u00e9visions<\/b>.<\/p>\n<p>Les premiers flocons de neige annonc\u00e9s dans le Nord et le Pas-de-Calais<\/p>\n<p class=\" wall-content\">C\u2019est en fin de semaine que le risque est le plus \u00e9lev\u00e9 selon les pr\u00e9visionnistes. Le <b>Pas-de-Calais serait ainsi le premier touch\u00e9<\/b> dans la nuit du vendredi 21 au samedi 22 novembre 2025. Une neige tr\u00e8s localis\u00e9e qui toucherait les secteurs de <a href=\"https:\/\/actu.fr\/hauts-de-france\/saint-pol-sur-ternoise_62767\" rel=\"nofollow noopener\" target=\"_blank\">Saint-Pol-sur-Ternoise<\/a> et <a href=\"https:\/\/actu.fr\/hauts-de-france\/renty_62704\" rel=\"nofollow noopener\" target=\"_blank\">Renty<\/a>.<\/p>\n<p>    <img   decoding=\"async\" loading=\"lazy\" class=\"size-large\" src=\"https:\/\/www.europesays.com\/fr\/wp-content\/uploads\/2025\/11\/8979bbc9da1968d79bbc9da198289bv-960x640.jpg\" alt=\"Les premiers flocons sont attendus dans le Pas-de-Calais, dans la nuit du vendredi 21 au samedi 22 novembre 2025.\" width=\"960\" height=\"640\"\/><br \/>\n    Les premiers flocons sont attendus dans le Pas-de-Calais, dans la nuit du vendredi 21 au samedi 22 novembre 2025. \u00a9Capture d\u2019\u00e9cran M\u00e9t\u00e9o France<\/p>\n<p class=\" wall-content\">Pour le <b>Nord, il faudra attendre la fin de journ\u00e9e du samedi 22 novembre<\/b>, voire la nuit. Et comme souvent, c\u2019est le sud du d\u00e9partement qui devrait \u00eatre touch\u00e9 : <a href=\"https:\/\/actu.fr\/hauts-de-france\/valenciennes_59606\" rel=\"nofollow noopener\" target=\"_blank\">Valenciennes<\/a> ou encore <a href=\"https:\/\/actu.fr\/hauts-de-france\/avesnes-sur-helpe_59036\" rel=\"nofollow noopener\" target=\"_blank\">Avesnes-sur-Helpe<\/a>.<\/p>\n<p class=\" wall-content\">La question que tout le monde se pose : <b>\u00ab\u00a0va-t-elle tenir au sol ?\u00a0\u00bb Rien n\u2019est moins s\u00fbr<\/b> alors que les sols seront d\u00e9tremp\u00e9s et les temp\u00e9ratures aux alentours de 0\u00b0C.<\/p>\n<p class=\" wall-content\">Toutefois, ces conditions de froid et de forte humidit\u00e9 rendront \u00e0 coup s\u00fbr la <a href=\"https:\/\/actu.fr\/tag\/circulation\" rel=\"nofollow noopener\" target=\"_blank\">circulation<\/a> difficile sur les routes et la prudence sera de mise. Nous y reviendrons.<\/p>\n<p class=\" wall-content\">Personnalisez votre actualit\u00e9 en ajoutant vos villes et m\u00e9dias en favori avec <a href=\"https:\/\/moncompte.actu.fr\" title=\"D\u00e9couvez Mon Actu\" rel=\"nofollow noopener\" data-trk=\"{&quot;cta&quot;:{&quot;action&quot;:&quot;https:\\\/\\\/moncompte.actu.fr&quot;,&quot;category&quot;:&quot;mon compte&quot;,&quot;from&quot;:&quot;article footer&quot;,&quot;name&quot;:&quot;Mon actu&quot;,&quot;type&quot;:&quot;cta&quot;}}\" target=\"_blank\">Mon Actu<\/a>.<\/p>\n","protected":false},"excerpt":{"rendered":"Par Nicolas Demollien Publi\u00e9 le 17 nov. 2025 \u00e0 10h40 C\u2019est un cauchemar pour certains, un bonheur pour&hellip;\n","protected":false},"author":2,"featured_media":540145,"comment_status":"","ping_status":"","sticky":false,"template":"","format":"standard","meta":{"footnotes":""},"categories":[4],"tags":[11,1011,27,2357,10584,12,25,104],"class_list":{"0":"post-540144","1":"post","2":"type-post","3":"status-publish","4":"format-standard","5":"has-post-thumbnail","7":"category-france","8":"tag-actualites","9":"tag-fr","10":"tag-france","11":"tag-meteo-france","12":"tag-neige","13":"tag-news","14":"tag-republique-francaise","15":"tag-societe"},"share_on_mastodon":{"url":"https:\/\/pubeurope.com\/@fr\/115564874502818167","error":""},"_links":{"self":[{"href":"https:\/\/www.europesays.com\/fr\/wp-json\/wp\/v2\/posts\/540144","targetHints":{"allow":["GET"]}}],"collection":[{"href":"https:\/\/www.europesays.com\/fr\/wp-json\/wp\/v2\/posts"}],"about":[{"href":"https:\/\/www.europesays.com\/fr\/wp-json\/wp\/v2\/types\/post"}],"author":[{"embeddable":true,"href":"https:\/\/www.europesays.com\/fr\/wp-json\/wp\/v2\/users\/2"}],"replies":[{"embeddable":true,"href":"https:\/\/www.europesays.com\/fr\/wp-json\/wp\/v2\/comments?post=540144"}],"version-history":[{"count":0,"href":"https:\/\/www.europesays.com\/fr\/wp-json\/wp\/v2\/posts\/540144\/revisions"}],"wp:featuredmedia":[{"embeddable":true,"href":"https:\/\/www.europesays.com\/fr\/wp-json\/wp\/v2\/media\/540145"}],"wp:attachment":[{"href":"https:\/\/www.europesays.com\/fr\/wp-json\/wp\/v2\/media?parent=540144"}],"wp:term":[{"taxonomy":"category","embeddable":true,"href":"https:\/\/www.europesays.com\/fr\/wp-json\/wp\/v2\/categories?post=540144"},{"taxonomy":"post_tag","embeddable":true,"href":"https:\/\/www.europesays.com\/fr\/wp-json\/wp\/v2\/tags?post=540144"}],"curies":[{"name":"wp","href":"https:\/\/api.w.org\/{rel}","templated":true}]}}