{"id":540148,"date":"2025-11-17T11:47:17","date_gmt":"2025-11-17T11:47:17","guid":{"rendered":"https:\/\/www.europesays.com\/fr\/540148\/"},"modified":"2025-11-17T11:47:17","modified_gmt":"2025-11-17T11:47:17","slug":"saint-etienne-apres-le-pc-les-ecologistes-sallient-au-ps-sainte-populaire-a-personne-specifiquement","status":"publish","type":"post","link":"https:\/\/www.europesays.com\/fr\/540148\/","title":{"rendered":"Saint-Etienne\u00a0: apr\u00e8s le PC, les \u00e9cologistes s\u2019allient au PS, Saint\u00e9 Populaire \u00e0 personne sp\u00e9cifiquement"},"content":{"rendered":"<p class=\"is-style-chapo\">Fin de ce feuilleton-l\u00e0. Les \u00e9changes \u00e0 r\u00e9p\u00e9tition entam\u00e9s au printemps entre diff\u00e9rents partis et l\u2019association Saint\u00e9 Populaire pour constituer une liste d\u2019union de gauche aux Municipales 2026 sont termin\u00e9s. A gauche, le paysage est d\u00e9sormais plus clair : au 1er tour, \u00e0 Saint-Etienne, LFI partira seule, faisant concurrence \u00e0 une liste d\u2019union entre PS, PC, Ecologistes, Radicaux de Gauche, Place Publique, G\u00e9n\u00e9ration.s. 75 % des militants \u00e9cologistes st\u00e9phanois ayant opt\u00e9 vendredi pour cette alliance. Quant \u00e0 l\u2019association Saint Populaire, sa consultation interne l\u2019am\u00e8ne \u00e0 ne pas choisir et \u00e0 essayer d\u2019\u00eatre sur\u2026 les deux. \u00a0\u00a0\u00a0\u00a0<\/p>\n<p><img fetchpriority=\"high\" decoding=\"async\" width=\"1024\" height=\"576\" src=\"https:\/\/www.europesays.com\/fr\/wp-content\/uploads\/2025\/11\/elections-22-1024x576.jpg\" alt=\"\" class=\"wp-image-32386\"  \/><\/p>\n<p>NFP bis moins un. Moins un de taille. Il \u00e9tait d\u00e9j\u00e0 acquis depuis la fin de l\u2019\u00e9t\u00e9, si ce n\u2019est <a href=\"https:\/\/www.if-saint-etienne.fr\/politique-societe\/municipales-a-saint-etienne-lfi-entrera-en-campagne-en-septembre-avec-sa-propre-tete-de-liste\" target=\"_blank\" rel=\"noreferrer noopener\">avant<\/a>, que l\u2019union de la gauche en vue des \u00e9lections municipales 2026 de Saint-Etienne ne pourrait pas \u00eatre compl\u00e8te. LFI revendiquant une t\u00eate de liste de cette union, excluant toute possibilit\u00e9 de la voir confi\u00e9e \u00e0 un socialiste. Sujet, sur lequel le PS st\u00e9phanois n\u2019a jamais d\u00e9mordu, sans pour autant claquer la porte, jugeant R\u00e9gis Juanico les plus \u00e0 m\u00eame de porter l\u2019\u00e9tendard d\u2019une union. Sondage tr\u00e8s favorable \u00e0 l\u2019appui et, avec, sans doute l\u2019id\u00e9e que sa personnalit\u00e9 n\u2019est pas marqu\u00e9e au fer rouge par \u00ab\u00a0trop\u00a0\u00bb de participation \u00e0 la difficile d\u00e9finition du \u00ab\u00a0Hollandisme\u00a0\u00bb. Ni \u00ab\u00a0trop\u00a0\u00bb \u00e0 gauche pour le bord davantage centriste.<\/p>\n<p>Regrettant que l\u2019union de gauche ne soit pas compl\u00e8te (il faudra aussi compter en plus de LFI, sur les listes d\u2019extr\u00eame gauche comme LO, et d\u2019\u00e9ventuelles autres initiatives de ce bord), les communistes st\u00e9phanois avaient annonc\u00e9 rejoindre le PS et ses alli\u00e9s <a href=\"https:\/\/www.if-saint-etienne.fr\/politique\/municipales-2026\/a-saint-etienne-le-pc-rejoint-le-ps-les-ecologistes-trancheront-demain\" target=\"_blank\" rel=\"noreferrer noopener\">jeudi<\/a>\u00a0: 75,86 % de ses militants locaux votants ayant fait ce choix. Pourcentage quasiment identique du c\u00f4t\u00e9 des \u00e9cologistes st\u00e9phanois interrog\u00e9s. R\u00e9sultat donn\u00e9 vendredi soir. \u00ab\u00a0Ce vote clair et responsable confirme la volont\u00e9 du mouvement \u00e9cologiste de s\u2019inscrire d\u00e8s maintenant dans une dynamique collective pour offrir un avenir politique cr\u00e9dible et victorieux \u00e0 Saint-\u00c9tienne, arguent ils dans leur communiqu\u00e9. Face \u00e0 la droite affaiblie par ses affaires, mais toujours pr\u00eate \u00e0 se maintenir au pouvoir, et \u00e0 une extr\u00eame-droite qui prosp\u00e8re sur les renoncements des ann\u00e9es Perdriau, la responsabilit\u00e9 de la gauche et des \u00e9cologistes est immense.\u00a0\u00bb<\/p>\n<p>La gauche n\u2019en a pas encore fini de trancher<\/p>\n<p>Il est temps de \u00ab\u00a0tourner d\u00e9finitivement la page de Ga\u00ebl Perdriau\u00a0\u00bb, ajoutent ils. \u00ab\u00a0Saint-\u00c9tienne m\u00e9rite cette union, mieux que les divisions artificielles, l\u2019immobilisme et les d\u00e9rives autoritaires qui ont marqu\u00e9 ces derni\u00e8res ann\u00e9es.\u00a0(\u2026) Nous porterons dans cette alliance un projet profond\u00e9ment \u00e9cologiste et humaniste, centr\u00e9 sur la qualit\u00e9 de vie des St\u00e9phanois\u00b7es : v\u00e9g\u00e9talisation massive, d\u00e9veloppement des mobilit\u00e9s actives, apaisement urbain, justice sociale et transition \u00e9nerg\u00e9tique ambitieuses. Saint-\u00c9tienne doit redevenir respirable, accueillante et attirante.\u00a0\u00bb Il faudra maintenant trancher, et sans se f\u00e2cher, sur le programme, les sujets potentiellement diviseurs, sur la gratuit\u00e9 des transports en commun par exemple. Trancher, aussi, sur la r\u00e9partition des places entre les diff\u00e9rents partis \u2013 et les \u00e9ventuelles d\u00e9l\u00e9gations les plus importantes en cas de victoire \u2013 dans cette liste commune.<\/p>\n<blockquote>\n<p>Saint-\u00c9tienne m\u00e9rite cette union, mieux que les divisions artificielles, l\u2019immobilisme et les d\u00e9rives autoritaires qui ont marqu\u00e9 ces derni\u00e8res ann\u00e9es.<\/p>\n<p>Les Ecologistes st\u00e9phanois<\/p><\/blockquote>\n<p>Elle devra aussi compter sur la sollicitation de <a href=\"https:\/\/www.if-saint-etienne.fr\/politique-societe\/municipales-2026-sainte-populaire-donnee-transversale-a-gauche\" target=\"_blank\" rel=\"noreferrer noopener\">Saint\u00e9 Populaire<\/a>, lanc\u00e9e elle-m\u00eame dans des initiatives de campagne \u00e9lectorale depuis cet \u00e9t\u00e9, pour y prendre part. L\u2019association <a href=\"https:\/\/www.facebook.com\/profile.php?id=61563283078508\" target=\"_blank\" rel=\"noreferrer noopener\">militante<\/a> de gauche qui ambitionne un projet type communalisme, plut\u00f4t radicale mais \u00ab\u00a0transpartisane\u00a0\u00bb, a aussi sollicit\u00e9 ses adh\u00e9rents \u2013 environ 300, sans compter ses sympathisants \u2013 sur la marche \u00e0 suivre. \u00ab\u00a0Ce sera sur le mode du jugement majoritaire dont nous avons l\u2019habitude, avait indiqu\u00e9 jeudi dernier \u00e0 If Fanny Vincent, une de ses portes parole. Quatre options seront soumises \u00e0 la possibilit\u00e9 de les consid\u00e9rer, chacune, comme \u00ab\u00a0tr\u00e8s satisfaisant, satisfaisant, peu satisfaisant, \u00e0 rejeter.\u00a0\u00bb\u00a0Les options en question ? L\u2019id\u00e9e d\u2019une liste isol\u00e9e, d\u00e9j\u00e0 \u00e9cart\u00e9e, une union avec LFI\u00a0; une union avec les Ecologistes (le r\u00e9sultat de leurs votes au moment de lancer les propositions n\u2019\u00e9taient pas connus) et Debout (le parti de l\u2019ex Insoumis Fran\u00e7ois Ruffin)\u00a0; une union avec le PS, le PC, les Ecologistes et Debout.<\/p>\n<p>Pas d\u2019alliance sp\u00e9cifique pour Saint\u00e9 Populaire<\/p>\n<p>La quatri\u00e8me enfin\u00a0: \u00ab\u00a0Saint\u00e9 Populaire n\u2019engage pas son \u00e9tiquette, continue de porter ses id\u00e9es et place des candidat.es sur les listes de gauche pour les d\u00e9fendre\u00a0\u00bb. C\u2019est cette derni\u00e8re qui a obtenu le plus fort pourcentage et de loin de tr\u00e8s satisfaisants \/ satisfaisants parmi les 149 votants\u00a0: 65,9 % (dont 30,9 de tr\u00e8s satisfaisant). C\u2019est donc la ligne qui est retenue. Le scenario LFI arrivant en seconde position avec 43 % cumul\u00e9s de favorables. L\u2019option retenue n\u2019a, elle, provoqu\u00e9 que 8,7 % de rejet total contre 24,8 % pour celle consistant \u00e0 rejoindre LFI et\u2026 42,9 % avec l\u2019union men\u00e9e par la t\u00eate de liste socialiste. Il y aura donc probablement davantage de volontaires pour s\u2019assurer de ses\u00a0id\u00e9es c\u00f4t\u00e9 Insoumis que PS\/PC\/Ecologistes. A moins que la logique soit justement d\u2019y placer des \u00e9l\u00e9ments plut\u00f4t d\u00e9fiants vis-\u00e0-vis de ses partis pour mieux imposer les synth\u00e8ses programmatiques du mouvement.<\/p>\n<blockquote>\n<p>Nous proposerons des candidat.es sur les listes de gauche pour porter et d\u00e9fendre nos id\u00e9es et garantir leur application dans les programmes. <\/p>\n<p>Saint\u00e9 Populaire<\/p><\/blockquote>\n<p>\u00ab\u00a0Saint\u00e9 Populaire conservera son autonomie en tant que mouvement citoyen et maintiendra sa dynamique : \u00e9v\u00e8nements pendant la campagne, commissions programmatiques\u2026, commente l\u2019association. Nous proposerons des candidat.es sur les listes de gauche pour porter et d\u00e9fendre nos id\u00e9es et garantir leur application dans les programmes. Les candidat.es qui seront propos\u00e9.es et soutenu.es par le mouvement devront suivre un certain nombre de principes : respecter la charte des \u00e9lu.es de Saint\u00e9 Populaire, \u00eatre guid\u00e9.es et encadr\u00e9.es par les assembl\u00e9es populaires, d\u00e9finir les orientations de leurs d\u00e9l\u00e9gations en lien avec le travail des commissions th\u00e9matiques. Cette fa\u00e7on de fonctionner sera propos\u00e9e aux autres candidat.es des listes concern\u00e9es.\u00a0\u00bb<\/p>\n","protected":false},"excerpt":{"rendered":"Fin de ce feuilleton-l\u00e0. Les \u00e9changes \u00e0 r\u00e9p\u00e9tition entam\u00e9s au printemps entre diff\u00e9rents partis et l\u2019association Saint\u00e9 Populaire&hellip;\n","protected":false},"author":2,"featured_media":540149,"comment_status":"","ping_status":"","sticky":false,"template":"","format":"standard","meta":{"footnotes":""},"categories":[9653],"tags":[1111,11,2430,2339,15916,2761,15917,1777,674,1011,27,780,54124,3434,12,429,25,4001,31911,34409],"class_list":{"0":"post-540148","1":"post","2":"type-post","3":"status-publish","4":"format-standard","5":"has-post-thumbnail","7":"category-saint-etienne","8":"tag-actu","9":"tag-actualites","10":"tag-auvergne-rhone-alpes","11":"tag-ecologistes","12":"tag-electif","13":"tag-elections-municipales-2026","14":"tag-elections-municipales-saint-etienne","15":"tag-eu","16":"tag-europe","17":"tag-fr","18":"tag-france","19":"tag-lfi","20":"tag-mairie-de-saint-etienne","21":"tag-municipales-2026","22":"tag-news","23":"tag-ps","24":"tag-republique-francaise","25":"tag-saint-etienne","26":"tag-sainte-populaire","27":"tag-union-de-la-gauche"},"share_on_mastodon":{"url":"https:\/\/pubeurope.com\/@fr\/115564881845115363","error":""},"_links":{"self":[{"href":"https:\/\/www.europesays.com\/fr\/wp-json\/wp\/v2\/posts\/540148","targetHints":{"allow":["GET"]}}],"collection":[{"href":"https:\/\/www.europesays.com\/fr\/wp-json\/wp\/v2\/posts"}],"about":[{"href":"https:\/\/www.europesays.com\/fr\/wp-json\/wp\/v2\/types\/post"}],"author":[{"embeddable":true,"href":"https:\/\/www.europesays.com\/fr\/wp-json\/wp\/v2\/users\/2"}],"replies":[{"embeddable":true,"href":"https:\/\/www.europesays.com\/fr\/wp-json\/wp\/v2\/comments?post=540148"}],"version-history":[{"count":0,"href":"https:\/\/www.europesays.com\/fr\/wp-json\/wp\/v2\/posts\/540148\/revisions"}],"wp:featuredmedia":[{"embeddable":true,"href":"https:\/\/www.europesays.com\/fr\/wp-json\/wp\/v2\/media\/540149"}],"wp:attachment":[{"href":"https:\/\/www.europesays.com\/fr\/wp-json\/wp\/v2\/media?parent=540148"}],"wp:term":[{"taxonomy":"category","embeddable":true,"href":"https:\/\/www.europesays.com\/fr\/wp-json\/wp\/v2\/categories?post=540148"},{"taxonomy":"post_tag","embeddable":true,"href":"https:\/\/www.europesays.com\/fr\/wp-json\/wp\/v2\/tags?post=540148"}],"curies":[{"name":"wp","href":"https:\/\/api.w.org\/{rel}","templated":true}]}}