{"id":540150,"date":"2025-11-17T11:48:16","date_gmt":"2025-11-17T11:48:16","guid":{"rendered":"https:\/\/www.europesays.com\/fr\/540150\/"},"modified":"2025-11-17T11:48:16","modified_gmt":"2025-11-17T11:48:16","slug":"un-quadragenaire-en-garde-a-vue","status":"publish","type":"post","link":"https:\/\/www.europesays.com\/fr\/540150\/","title":{"rendered":"un quadrag\u00e9naire en garde \u00e0 vue"},"content":{"rendered":"<p>Il \u00e9tait environ 2 heures ce vendredi 14\u00a0novembre, quand un \u00e9quipage de police secours nuit circule sur le boulevard Jules-Janin, dans le quartier de la Plaine-Achille \u00e0 Saint-Etienne. C\u2019est alors que les fonctionnaires distinguent un v\u00e9hicule roulant sans phare.<\/p>\n<p>  Un v\u00e9hicule sans assurance<\/p>\n<p>Les policiers proc\u00e8dent au contr\u00f4le du chauffeur de la Citro\u00ebn de type Saxo. L\u2019homme derri\u00e8re le volant va se r\u00e9v\u00e9ler \u00eatre fortement alcoolis\u00e9, dans la mesure o\u00f9 l\u2019\u00e9thylom\u00e8tre indique qu\u2019il a pris son automobile avec 1,20 gramme d\u2019alcool par litre de sang.<\/p>\n<p>De plus, l\u2019homme, \u00e2g\u00e9 de 41 ans et originaire de Saint-Etienne, n\u2019a pas assur\u00e9 son v\u00e9hicule et n\u2019a pas non effectu\u00e9 le transfert de nom de sa carte grise.<\/p>\n<p>Pour toutes ces raisons, le quadrag\u00e9naire a \u00e9t\u00e9 interpell\u00e9 et plac\u00e9 en garde \u00e0 vue. \u00c0 l\u2019issue, il s\u2019est vu signifier une convocation devant le tribunal correctionnel de Saint-Etienne au cours des prochaines semaines.<\/p>\n","protected":false},"excerpt":{"rendered":"Il \u00e9tait environ 2 heures ce vendredi 14\u00a0novembre, quand un \u00e9quipage de police secours nuit circule sur le&hellip;\n","protected":false},"author":2,"featured_media":540151,"comment_status":"","ping_status":"","sticky":false,"template":"","format":"standard","meta":{"footnotes":""},"categories":[9653],"tags":[1111,11,2430,271,272,7539,1777,674,274,1011,27,3367,12,25,4001,7538],"class_list":{"0":"post-540150","1":"post","2":"type-post","3":"status-publish","4":"format-standard","5":"has-post-thumbnail","7":"category-saint-etienne","8":"tag-actu","9":"tag-actualites","10":"tag-auvergne-rhone-alpes","11":"tag-crime","12":"tag-delit-et-contravention","13":"tag-edition-loire-sud","14":"tag-eu","15":"tag-europe","16":"tag-faits-divers-justice","17":"tag-fr","18":"tag-france","19":"tag-loire","20":"tag-news","21":"tag-republique-francaise","22":"tag-saint-etienne","23":"tag-saint-etienne-ville"},"share_on_mastodon":{"url":"https:\/\/pubeurope.com\/@fr\/115564885128139435","error":""},"_links":{"self":[{"href":"https:\/\/www.europesays.com\/fr\/wp-json\/wp\/v2\/posts\/540150","targetHints":{"allow":["GET"]}}],"collection":[{"href":"https:\/\/www.europesays.com\/fr\/wp-json\/wp\/v2\/posts"}],"about":[{"href":"https:\/\/www.europesays.com\/fr\/wp-json\/wp\/v2\/types\/post"}],"author":[{"embeddable":true,"href":"https:\/\/www.europesays.com\/fr\/wp-json\/wp\/v2\/users\/2"}],"replies":[{"embeddable":true,"href":"https:\/\/www.europesays.com\/fr\/wp-json\/wp\/v2\/comments?post=540150"}],"version-history":[{"count":0,"href":"https:\/\/www.europesays.com\/fr\/wp-json\/wp\/v2\/posts\/540150\/revisions"}],"wp:featuredmedia":[{"embeddable":true,"href":"https:\/\/www.europesays.com\/fr\/wp-json\/wp\/v2\/media\/540151"}],"wp:attachment":[{"href":"https:\/\/www.europesays.com\/fr\/wp-json\/wp\/v2\/media?parent=540150"}],"wp:term":[{"taxonomy":"category","embeddable":true,"href":"https:\/\/www.europesays.com\/fr\/wp-json\/wp\/v2\/categories?post=540150"},{"taxonomy":"post_tag","embeddable":true,"href":"https:\/\/www.europesays.com\/fr\/wp-json\/wp\/v2\/tags?post=540150"}],"curies":[{"name":"wp","href":"https:\/\/api.w.org\/{rel}","templated":true}]}}