{"id":540164,"date":"2025-11-17T11:57:14","date_gmt":"2025-11-17T11:57:14","guid":{"rendered":"https:\/\/www.europesays.com\/fr\/540164\/"},"modified":"2025-11-17T11:57:14","modified_gmt":"2025-11-17T11:57:14","slug":"des-manifestants-bloquent-lusine-basf-pres-de-rouen-pour-denoncer-les-rejets-de-polluants-eternels","status":"publish","type":"post","link":"https:\/\/www.europesays.com\/fr\/540164\/","title":{"rendered":"des manifestants bloquent l\u2019usine BASF pr\u00e8s de Rouen pour d\u00e9noncer les rejets de polluants \u00e9ternels"},"content":{"rendered":"<p>\u00c0 Saint-Aubin-l\u00e8s-Elbeuf (Seine-Maritime), plusieurs centaines de manifestants ont bloqu\u00e9 l\u2019usine BASF ce lundi 17 novembre. Ils d\u00e9noncent la production de pesticides ainsi que les rejets de polluants dits \u00ab\u00a0\u00e9ternels\u00a0\u00bb dans l\u2019environnement.<\/p>\n<p>Plusieurs centaines de manifestants ont bloqu\u00e9 ce lundi 17 novembre au matin l&rsquo;usine BASF de Saint-Aubin-l\u00e8s-Elbeuf, pr\u00e8s de Rouen (Seine-Maritime), pour d\u00e9noncer la <a href=\"https:\/\/www.bfmtv.com\/economie\/entreprises\/agriculture\/ca-n-amuse-personne-de-repandre-des-pesticides-peut-on-reduire-l-usage-des-produits-phytosanitaires-dans-les-vignes_AN-202509200052.html\" title=\"&quot;\u00c7a n&#039;amuse personne de r\u00e9pandre des pesticides&quot;: peut-on r\u00e9duire l&#039;usage des produits phytosanitaires dans les vignes?\" class=\"internal_link\" rel=\"nofollow noopener\" target=\"_blank\">production de pesticides<\/a> et des rejets de polluants \u00e9ternels dans l&rsquo;environnement, a constat\u00e9 un journaliste de l&rsquo;AFP.<\/p>\n<p>Les manifestants affirmaient \u00eatre environ 500 agriculteurs et citoyens. \u00ab\u00a0Les premiers touch\u00e9s, c&rsquo;est les paysans, les paysannes et les salari\u00e9s agricoles de ce syst\u00e8me agrochimique\u00a0\u00bb, a d\u00e9clar\u00e9 Thomas Gibert de la Conf\u00e9d\u00e9ration paysanne, syndicat agricole co-organisateur du blocage.<\/p>\n<p>\u00ab\u00a0Industrie criminelle des pesticides\u00a0\u00bb<\/p>\n<p>Sur leur compte Facebook, le syndicat a diffus\u00e9 des images de l\u2019action: plusieurs personnes, v\u00eatues de combinaisons blanches, brandissaient des pancartes sur lesquelles on pouvait lire \u00ab\u00a0BASF the cancer company\u00a0\u00bb, \u00ab\u00a0Halte au colonialisme chimique\u00a0\u00bb ou encore \u00ab\u00a0exportateur de poison\u00a0\u00bb.<\/p>\n<p>\u00ab\u00a0Ce lieu incarne les d\u00e9rives et l&rsquo;impunit\u00e9 persistantes de l&rsquo;industrie criminelle des pesticides (&#8230;) Pour faire cesser cette situation ici et ailleurs, nous avons bloqu\u00e9 avec nos tracteurs l&rsquo;entr\u00e9e du site BASF de Saint-Aubin-l\u00e8s-Elbeuf et interrompu la production du site\u00a0\u00bb peut-on lire dans le message publi\u00e9 sur le r\u00e9seau social.<\/p>\n<p>Ils \u00e9taient encadr\u00e9s par un important dispositif policier.<\/p>\n<p>\u00ab\u00a0Des intrusions et des d\u00e9gradations\u00a0\u00bb selon BASF<\/p>\n<p>Arriv\u00e9s vers 7h45 lundi matin, au moins une quinzaine de militants ont r\u00e9ussi \u00e0 s&rsquo;introduire dans l&rsquo;enceinte de l&rsquo;usine apr\u00e8s avoir perc\u00e9 le grillage, tandis que sept tracteurs et des amas de terre interdisaient le passage \u00e0 six poids lourds bloqu\u00e9s devant l&rsquo;entr\u00e9e, selon l&rsquo;AFP.<\/p>\n<blockquote class=\"embed embed_quote\"><p>\u00ab\u00a0Des intrusions, des d\u00e9gradations de mat\u00e9riels, des comportements pouvant porter atteinte \u00e0 la s\u00e9curit\u00e9 du site et des attitudes d&rsquo;intimidation \u00e0 l&rsquo;\u00e9gard des personnels ont \u00e9t\u00e9 constat\u00e9s\u00a0\u00bb, a d\u00e9nonc\u00e9 la direction de BASF France.<\/p><\/blockquote>\n<p>Avec l&rsquo;intervention des forces de l&rsquo;ordre, \u00ab\u00a0l&rsquo;action a \u00e9t\u00e9 rapidement contenue (&#8230;) Les personnes impliqu\u00e9es ont \u00e9t\u00e9 appr\u00e9hend\u00e9es\u00a0\u00bb, a affirm\u00e9 le groupe, annon\u00e7ant son intention de d\u00e9poser plainte.<\/p>\n<p>Ce n\u2019est pas la premi\u00e8re fois que le site de Saint-Aubin-l\u00e8s-Elbeuf est point\u00e9 du doigt. En janvier, plusieurs associations avaient d\u00e9nonc\u00e9 l&rsquo;impact du site sur l&rsquo;environnement. Elles affirmaient que cette usine d\u00e9tenait le <a href=\"https:\/\/www.bfmtv.com\/normandie\/des-associations-denoncent-un-record-de-france-de-rejet-d-un-polluant-eternel-par-basf-pres-de-rouen_AD-202501100866.html\" title=\"Des associations d\u00e9noncent un &quot;record de France&quot; de rejet d&#039;un polluant \u00e9ternel par BASF pr\u00e8s de Rouen\" class=\"internal_link\" rel=\"nofollow noopener\" target=\"_blank\">\u00ab\u00a0record fran\u00e7ais, et de tr\u00e8s loin, de rejets de TFA dans la Seine\u00a0\u00bb<\/a>, un polluant \u00e9ternel de la famille des PFAS.<\/p>\n<p><img decoding=\"async\" src=\"https:\/\/www.europesays.com\/fr\/wp-content\/uploads\/2025\/08\/principale-221_1.png\"  alt=\"Les PFAS, ces polluants \u00e9ternels ind\u00e9tectables\" title=\"Les PFAS, ces polluants \u00e9ternels ind\u00e9tectables\"\/>Les PFAS, ces polluants \u00e9ternels ind\u00e9tectables<\/p>\n<p>L&rsquo;usine \u00ab\u00a0respecte les r\u00e9glementations\u00a0\u00bb, assure BASF, affirmant qu&rsquo;un plan a permis \u00ab\u00a0une r\u00e9duction de 85% des \u00e9missions de TFA\u00a0\u00bb depuis janvier.<\/p>\n<p>Un \u00ab\u00a0probl\u00e8me majeur de sant\u00e9 publique\u00a0\u00bb<\/p>\n<p>Plusieurs organisation, le Collectif de soutien aux victimes des pesticides de l&rsquo;Ouest (CSVPO), Cancer Col\u00e8re, les Faucheurs volontaires et les Soul\u00e8vements de la Terre en lien avec la Conf\u00e9d\u00e9ration paysanne, ont d\u00e9crit cette op\u00e9ration comme une \u00ab\u00a0inspection des stocks afin de r\u00e9cup\u00e9rer des preuves suppl\u00e9mentaires de la fabrication et du stockage de pesticides interdits, notamment \u00e0 base de Fipronil, export\u00e9s ensuite au Br\u00e9sil\u00a0\u00bb, dans un communiqu\u00e9.<\/p>\n<p>\u00ab\u00a0Cette usine produit en immense majorit\u00e9 des pesticides interdits en Europe pour l&rsquo;exportation vers l&rsquo;Am\u00e9rique du Sud, c&rsquo;est totalement ill\u00e9gitime\u00a0\u00bb, a affirm\u00e9 Thomas Gibert, d\u00e9non\u00e7ant la recherche de profits au d\u00e9triment du bien commun et \u00ab\u00a0l&rsquo;ind\u00e9cence\u00a0\u00bb d&rsquo;entreprises qui, selon lui, \u00ab\u00a0vont profiter aussi des accords de libre-\u00e9change comme <a href=\"https:\/\/www.bfmtv.com\/economie\/international\/accord-ue-mercosur-emmanuel-macron-se-dit-plutot-positif-sur-la-possibilite-d-accepter-le-traite-avec-des-clauses-de-sauvegarde_AD-202511070357.html\" title=\"Accord UE-Mercosur: Emmanuel Macron se dit &quot;plut\u00f4t positif&quot; sur la possibilit\u00e9 d&#039;accepter le trait\u00e9 avec des clauses de sauvegarde\" class=\"internal_link\" rel=\"nofollow noopener\" target=\"_blank\">le trait\u00e9 du Mercosur<\/a>\u00ab\u00a0.<\/p>\n<p>Les PFAS et les pesticides posent un \u00ab\u00a0probl\u00e8me majeur de sant\u00e9 publique\u00a0\u00bb, d\u00e9noncent les manifestants, citant notamment la multiplication de \u00ab\u00a0cancers p\u00e9diatriques, maladies neurod\u00e9g\u00e9n\u00e9ratives et troubles hormonaux\u00a0\u00bb.<\/p>\n<p>Alexandre Simoes avec AFP<\/p>\n","protected":false},"excerpt":{"rendered":"\u00c0 Saint-Aubin-l\u00e8s-Elbeuf (Seine-Maritime), plusieurs centaines de manifestants ont bloqu\u00e9 l\u2019usine BASF ce lundi 17 novembre. Ils d\u00e9noncent la&hellip;\n","protected":false},"author":2,"featured_media":540165,"comment_status":"","ping_status":"","sticky":false,"template":"","format":"standard","meta":{"footnotes":""},"categories":[9587],"tags":[1111,11,1777,674,1011,27,12,5161,25,9590],"class_list":{"0":"post-540164","1":"post","2":"type-post","3":"status-publish","4":"format-standard","5":"has-post-thumbnail","7":"category-rouen","8":"tag-actu","9":"tag-actualites","10":"tag-eu","11":"tag-europe","12":"tag-fr","13":"tag-france","14":"tag-news","15":"tag-normandie","16":"tag-republique-francaise","17":"tag-rouen"},"share_on_mastodon":{"url":"https:\/\/pubeurope.com\/@fr\/115564922003464255","error":""},"_links":{"self":[{"href":"https:\/\/www.europesays.com\/fr\/wp-json\/wp\/v2\/posts\/540164","targetHints":{"allow":["GET"]}}],"collection":[{"href":"https:\/\/www.europesays.com\/fr\/wp-json\/wp\/v2\/posts"}],"about":[{"href":"https:\/\/www.europesays.com\/fr\/wp-json\/wp\/v2\/types\/post"}],"author":[{"embeddable":true,"href":"https:\/\/www.europesays.com\/fr\/wp-json\/wp\/v2\/users\/2"}],"replies":[{"embeddable":true,"href":"https:\/\/www.europesays.com\/fr\/wp-json\/wp\/v2\/comments?post=540164"}],"version-history":[{"count":0,"href":"https:\/\/www.europesays.com\/fr\/wp-json\/wp\/v2\/posts\/540164\/revisions"}],"wp:featuredmedia":[{"embeddable":true,"href":"https:\/\/www.europesays.com\/fr\/wp-json\/wp\/v2\/media\/540165"}],"wp:attachment":[{"href":"https:\/\/www.europesays.com\/fr\/wp-json\/wp\/v2\/media?parent=540164"}],"wp:term":[{"taxonomy":"category","embeddable":true,"href":"https:\/\/www.europesays.com\/fr\/wp-json\/wp\/v2\/categories?post=540164"},{"taxonomy":"post_tag","embeddable":true,"href":"https:\/\/www.europesays.com\/fr\/wp-json\/wp\/v2\/tags?post=540164"}],"curies":[{"name":"wp","href":"https:\/\/api.w.org\/{rel}","templated":true}]}}