{"id":540170,"date":"2025-11-17T12:01:20","date_gmt":"2025-11-17T12:01:20","guid":{"rendered":"https:\/\/www.europesays.com\/fr\/540170\/"},"modified":"2025-11-17T12:01:20","modified_gmt":"2025-11-17T12:01:20","slug":"entre-50-000-et-100-000-euros-de-bijoux-voles","status":"publish","type":"post","link":"https:\/\/www.europesays.com\/fr\/540170\/","title":{"rendered":"entre 50 000 et 100 000 euros de bijoux vol\u00e9s"},"content":{"rendered":"<p>                    Par<br \/>\n        <strong><br \/>\n            <a href=\"https:\/\/actu.fr\/auteur\/brian-legoff\" title=\"Consulter tous les articles de Brian Le Goff\" rel=\"nofollow noopener\" target=\"_blank\">Brian Le Goff<\/a><br \/>\n                    <\/strong><\/p>\n<p>        Publi\u00e9 le<\/p>\n<p>            17 nov. 2025 \u00e0 12h46        <\/p>\n<p>Le <strong>pr\u00e9judice est important<\/strong>. Dimanche 16\u00a0novembre, <strong>entre 21h et 22h,<\/strong> des cambrioleurs ont p\u00e9n\u00e9tr\u00e9 dans le local de Vasselot Antiquit\u00e9s, situ\u00e9 \u00e0 l\u2019angle des rues \u00e9ponyme et Jules Simon, indique \u00e0 <a href=\"https:\/\/actu.fr\/rennes\/\" rel=\"nofollow noopener\" target=\"_blank\">actu Rennes<\/a> la <a href=\"https:\/\/actu.fr\/tag\/police\" rel=\"nofollow noopener\" target=\"_blank\">police<\/a>, confirmant <a href=\"https:\/\/www.rennes-infos-autrement.fr\/cambriolage-chez-un-antiquaire\/\" rel=\"nofollow noopener\" target=\"_blank\">Rennes Infos Autrement<\/a>.<\/p>\n<p>Sans effraction<\/p>\n<p class=\" wall-content\">Selon nos informations, ils ont r\u00e9ussi \u00e0 <strong>rentrer sans effraction<\/strong>. Les voleurs ont <strong>principalement d\u00e9rob\u00e9 des bijoux<\/strong>, pour un pr\u00e9judice financier estim\u00e9 pour l\u2019heure entre 50\u2009000\u00a0et 100\u2009000 euros.<\/p>\n<p class=\" wall-content\">Les policiers se sont rendus sur place dans la soir\u00e9e. Une enqu\u00eate a \u00e9t\u00e9 ouverte.<\/p>\n<p class=\" wall-content\">Personnalisez votre actualit\u00e9 en ajoutant vos villes et m\u00e9dias en favori avec <a href=\"https:\/\/moncompte.actu.fr\" title=\"D\u00e9couvez Mon Actu\" rel=\"nofollow noopener\" data-trk=\"{&quot;cta&quot;:{&quot;action&quot;:&quot;https:\\\/\\\/moncompte.actu.fr&quot;,&quot;category&quot;:&quot;mon compte&quot;,&quot;from&quot;:&quot;article footer&quot;,&quot;name&quot;:&quot;Mon actu&quot;,&quot;type&quot;:&quot;cta&quot;}}\" target=\"_blank\">Mon Actu<\/a>.<\/p>\n","protected":false},"excerpt":{"rendered":"Par Brian Le Goff Publi\u00e9 le 17 nov. 2025 \u00e0 12h46 Le pr\u00e9judice est important. Dimanche 16\u00a0novembre, entre&hellip;\n","protected":false},"author":2,"featured_media":540171,"comment_status":"","ping_status":"","sticky":false,"template":"","format":"standard","meta":{"footnotes":""},"categories":[2821],"tags":[1111,11,829,1174,1777,674,118,1011,27,12,1072,584,25],"class_list":{"0":"post-540170","1":"post","2":"type-post","3":"status-publish","4":"format-standard","5":"has-post-thumbnail","7":"category-rennes","8":"tag-actu","9":"tag-actualites","10":"tag-bretagne","11":"tag-cambriolage","12":"tag-eu","13":"tag-europe","14":"tag-faits-divers","15":"tag-fr","16":"tag-france","17":"tag-news","18":"tag-police","19":"tag-rennes","20":"tag-republique-francaise"},"share_on_mastodon":{"url":"https:\/\/pubeurope.com\/@fr\/115564936199194496","error":""},"_links":{"self":[{"href":"https:\/\/www.europesays.com\/fr\/wp-json\/wp\/v2\/posts\/540170","targetHints":{"allow":["GET"]}}],"collection":[{"href":"https:\/\/www.europesays.com\/fr\/wp-json\/wp\/v2\/posts"}],"about":[{"href":"https:\/\/www.europesays.com\/fr\/wp-json\/wp\/v2\/types\/post"}],"author":[{"embeddable":true,"href":"https:\/\/www.europesays.com\/fr\/wp-json\/wp\/v2\/users\/2"}],"replies":[{"embeddable":true,"href":"https:\/\/www.europesays.com\/fr\/wp-json\/wp\/v2\/comments?post=540170"}],"version-history":[{"count":0,"href":"https:\/\/www.europesays.com\/fr\/wp-json\/wp\/v2\/posts\/540170\/revisions"}],"wp:featuredmedia":[{"embeddable":true,"href":"https:\/\/www.europesays.com\/fr\/wp-json\/wp\/v2\/media\/540171"}],"wp:attachment":[{"href":"https:\/\/www.europesays.com\/fr\/wp-json\/wp\/v2\/media?parent=540170"}],"wp:term":[{"taxonomy":"category","embeddable":true,"href":"https:\/\/www.europesays.com\/fr\/wp-json\/wp\/v2\/categories?post=540170"},{"taxonomy":"post_tag","embeddable":true,"href":"https:\/\/www.europesays.com\/fr\/wp-json\/wp\/v2\/tags?post=540170"}],"curies":[{"name":"wp","href":"https:\/\/api.w.org\/{rel}","templated":true}]}}