{"id":540172,"date":"2025-11-17T12:02:12","date_gmt":"2025-11-17T12:02:12","guid":{"rendered":"https:\/\/www.europesays.com\/fr\/540172\/"},"modified":"2025-11-17T12:02:12","modified_gmt":"2025-11-17T12:02:12","slug":"un-premier-titre-de-champion-de-france-interclubs-petit-bassin-pour-le-cpb-rennes","status":"publish","type":"post","link":"https:\/\/www.europesays.com\/fr\/540172\/","title":{"rendered":"Un premier titre de champion de France Interclubs petit bassin pour le CPB Rennes"},"content":{"rendered":"<p>Les Rennais <a href=\"https:\/\/www.letelegramme.fr\/sports\/natation\/cest-la-competition-que-tous-les-athletes-attendent-lelite-bretonne-se-retrouve-pour-la-fete-de-la-natation-a-brest-ce-week-end-6923013.php\" target=\"_blank\" rel=\"nofollow noopener\">avaient nag\u00e9 \u00e0 Brest, dimanche 9 novembre<\/a>, et attendaient de conna\u00eetre les r\u00e9sultats des concurrents, qui, eux, nageaient le dimanche 16 novembre dans les piscines de France pour savoir quelle serait leur place. Les voil\u00e0 champions de France !<\/p>\n<p>Avec 16 788 points, le collectif du CPB Br\u00e9quigny a devanc\u00e9 de\u2026 15 petits points l\u2019Olympic Nice Natation (16 753) et le CN Marseille (16 574), qui ont nag\u00e9 \u00e0 Istres, mais aussi les Dauphins du TOEC de Toulouse (16 543) et Montpellier M\u00e9tropole Natation (16 292), qui, eux, se sont mis \u00e0 l\u2019eau dans le bassin montpelli\u00e9rain. Et \u00e0 Massy, Villejuif Natation (16 640) n\u2019a pu faire mieux\u2026<\/p>\n<p>Le premier titre pour le club<\/p>\n<p>\u00ab On est tr\u00e8s content, c\u2019est le premier titre de champion de France du club, se r\u00e9jouit Mathieu Burban, l\u2019entra\u00eeneur de Rennes \u00c9lite Natation. \u00c7a fait vraiment plaisir de briller dans ce type de format, avec onze courses individuelles et deux relais. Le format permet de montrer une densit\u00e9 de notre \u00e9quipe. \u00bb<\/p>\n<p>Chez les dames, le CN Brest s\u2019est class\u00e9 4e, avec un total de 15 417 points, derri\u00e8re Canet 66 Natation (16 632), TOEC Toulouse (16 056) et Amiens M\u00e9tropole Natation (15 529).<\/p>\n","protected":false},"excerpt":{"rendered":"Les Rennais avaient nag\u00e9 \u00e0 Brest, dimanche 9 novembre, et attendaient de conna\u00eetre les r\u00e9sultats des concurrents, qui,&hellip;\n","protected":false},"author":2,"featured_media":540173,"comment_status":"","ping_status":"","sticky":false,"template":"","format":"standard","meta":{"footnotes":""},"categories":[2821],"tags":[1111,11,829,64260,3166,1777,674,1011,27,5216,12,584,25,60],"class_list":{"0":"post-540172","1":"post","2":"type-post","3":"status-publish","4":"format-standard","5":"has-post-thumbnail","7":"category-rennes","8":"tag-actu","9":"tag-actualites","10":"tag-bretagne","11":"tag-cpb-rennes","12":"tag-en-continu-sports","13":"tag-eu","14":"tag-europe","15":"tag-fr","16":"tag-france","17":"tag-natation","18":"tag-news","19":"tag-rennes","20":"tag-republique-francaise","21":"tag-sports"},"share_on_mastodon":{"url":"https:\/\/pubeurope.com\/@fr\/115564940121698852","error":""},"_links":{"self":[{"href":"https:\/\/www.europesays.com\/fr\/wp-json\/wp\/v2\/posts\/540172","targetHints":{"allow":["GET"]}}],"collection":[{"href":"https:\/\/www.europesays.com\/fr\/wp-json\/wp\/v2\/posts"}],"about":[{"href":"https:\/\/www.europesays.com\/fr\/wp-json\/wp\/v2\/types\/post"}],"author":[{"embeddable":true,"href":"https:\/\/www.europesays.com\/fr\/wp-json\/wp\/v2\/users\/2"}],"replies":[{"embeddable":true,"href":"https:\/\/www.europesays.com\/fr\/wp-json\/wp\/v2\/comments?post=540172"}],"version-history":[{"count":0,"href":"https:\/\/www.europesays.com\/fr\/wp-json\/wp\/v2\/posts\/540172\/revisions"}],"wp:featuredmedia":[{"embeddable":true,"href":"https:\/\/www.europesays.com\/fr\/wp-json\/wp\/v2\/media\/540173"}],"wp:attachment":[{"href":"https:\/\/www.europesays.com\/fr\/wp-json\/wp\/v2\/media?parent=540172"}],"wp:term":[{"taxonomy":"category","embeddable":true,"href":"https:\/\/www.europesays.com\/fr\/wp-json\/wp\/v2\/categories?post=540172"},{"taxonomy":"post_tag","embeddable":true,"href":"https:\/\/www.europesays.com\/fr\/wp-json\/wp\/v2\/tags?post=540172"}],"curies":[{"name":"wp","href":"https:\/\/api.w.org\/{rel}","templated":true}]}}