{"id":540176,"date":"2025-11-17T12:04:15","date_gmt":"2025-11-17T12:04:15","guid":{"rendered":"https:\/\/www.europesays.com\/fr\/540176\/"},"modified":"2025-11-17T12:04:15","modified_gmt":"2025-11-17T12:04:15","slug":"il-va-rivaliser-avec-vienne-ou-strasbourg-le-plus-beau-marche-de-noel-deurope-nest-pas-la-ou-vous-le-croyez","status":"publish","type":"post","link":"https:\/\/www.europesays.com\/fr\/540176\/","title":{"rendered":"Il va rivaliser avec Vienne ou Strasbourg, le plus beau march\u00e9 de No\u00ebl d&rsquo;Europe n&rsquo;est pas l\u00e0 o\u00f9 vous le croyez"},"content":{"rendered":"<p class=\"app_entry_lead\">\n<p>                    <a title=\"\u00a0\u00a9\u00a0Peter Austin - stock.adobe.com\" href=\"https:\/\/www.europesays.com\/fr\/wp-content\/uploads\/2025\/11\/82811934.jpg\" class=\"fancy\"><\/p>\n<p>                            <img loading=\"lazy\" decoding=\"async\" src=\"https:\/\/www.europesays.com\/fr\/wp-content\/uploads\/2025\/11\/82811934.jpg\" alt=\"Il va rivaliser avec Vienne ou Strasbourg, le plus beau march\u00e9 de No\u00ebl d'Europe n'est pas l\u00e0 o\u00f9 vous le croyez\" width=\"1500\" height=\"1000\"\/><\/p>\n<p>                    <\/a><\/p>\n<p>                Ce nouveau march\u00e9 de No\u00ebl promet de d\u00e9tr\u00f4ner les plus beaux d&rsquo;Europe.<\/p>\n<p>Chaque hiver et ce depuis des d\u00e9cennies, l&rsquo;Allemagne et l&rsquo;Autriche sont les rois des march\u00e9s de No\u00ebl les plus f\u00e9\u00e9riques d&rsquo;Europe, o\u00f9 les lumi\u00e8res scintillantes, les chalets en bois et les gourmandises attirent les visiteurs de tout le continent. Mais cette ann\u00e9e, ce pays sera sous les feux des projecteurs avec un march\u00e9 qui ambitionne de rivaliser avec ces foires embl\u00e9matiques.<\/p>\n<p>Non, on ne parle pas de nos march\u00e9s les plus c\u00e9l\u00e8bres, de Strasbourg \u00e0 Colmar en passant par ceux de Paris ou des villages alsaciens traditionnels comme Riquewihr ou Ribeauvill\u00e9. D&rsquo;ici quelques jours, c&rsquo;est l&rsquo;Espagne qui s&rsquo;appr\u00eate \u00e0 monter en puissance avec un march\u00e9 de No\u00ebl qui va s&rsquo;inspirer des plus grandes traditions continentales.<\/p>\n<p>Et c&rsquo;est en Galice,\u00a0au nord-ouest de l&rsquo;Espagne, que ce nouveau march\u00e9 f\u00e9erique compte faire parler de lui dans toute l&rsquo;Europe. Ce r\u00eave va devenir r\u00e9alit\u00e9 \u00e0 La Corogne. Dans sa vieille ville m\u00e9di\u00e9vale, un appel d&rsquo;offres a \u00e9t\u00e9 lanc\u00e9 pour b\u00e2tir un v\u00e9ritable village de No\u00ebl\u00a0qui promet de faire de l&rsquo;ombre aux plus beaux march\u00e9s allemands ou autrichiens.\u00a0Entre le 28 novembre 2025 et le 2 janvier 2026, plus de 50 chalets en bois transformeront la place Mar\u00eda Pita, r\u00e9put\u00e9e pour ses arcades entour\u00e9e de petites rues pi\u00e9tonnes, en un paradis hivernal fait de lumi\u00e8res scintillantes et guirlandes dans une ambiance musicale enchant\u00e9e.\u00a0<\/p>\n<p><img decoding=\"async\" alt=\"\" src=\"https:\/\/www.europesays.com\/fr\/wp-content\/uploads\/2025\/11\/82706586.jpg\"\/><br \/>\nVue nocturne de la Plaza Mar\u00eda Pita \u00e0 La Corogne, en Galice, avec son architecture illumin\u00e9e se refl\u00e9tant sur le sol mouill\u00e9 apr\u00e8s la pluie. \u00a9\u00a0Azulblue &#8211; stock.adobe.com<\/p>\n<p>Les visiteurs pourront explorer l&rsquo;artisanat galicien traditionnel &#8211; sous forme de bijoux, textiles, objets d&rsquo;art &#8211; et go\u00fbter \u00e0 des d\u00e9lices culinaires de No\u00ebl locaux comme le turr\u00f3n, les polvorones et les bicas, accompagn\u00e9es de boissons r\u00e9confortantes telles que le vin chaud et le chocolat.<\/p>\n<p>Le march\u00e9 de No\u00ebl de La Corogne promet ainsi d&rsquo;allier\u00a0l&rsquo;\u00e9l\u00e9gance des foires europ\u00e9ennes aux saveurs et \u00e0 l&rsquo;art de vivre espagnols et \u00e0 la chaleur de l&rsquo;hospitalit\u00e9 galicienne.<\/p>\n<p>La foire promettra des activit\u00e9s pens\u00e9es pour tous les \u00e2ges. Les plus jeunes pourront s&rsquo;immerger dans la magie de No\u00ebl gr\u00e2ce \u00e0 des ateliers interactifs, des contes et des rencontres f\u00e9eriques. Le clou du spectacle sera sans nul doute la reconstitution de la mythique maison du P\u00e8re No\u00ebl en Laponie !\u00a0Toute la famille pourra \u00e9galement profiter des spectacles vivants tels que des marionnettes et de magnifiques d\u00e9fil\u00e9s.\u00a0Le point culminant musical sera le concert de No\u00ebl du 17 d\u00e9cembre \u00e0 l&rsquo;Aula Magna.<\/p>\n<p>Le march\u00e9 de No\u00ebl de La Corogne se tiendra du lundi au jeudi de 17h \u00e0 20h et les horaires seront \u00e9tendus les vendredis et samedis, ainsi que la veille des jours f\u00e9ri\u00e9s, de 11h \u00e0 15h et de 17h \u00e0 23h, et les dimanches et jours f\u00e9ri\u00e9s de 11h \u00e0 15h et de 17h \u00e0 22h. Les visiteurs pourront\u00a0combiner la magie du march\u00e9 avec la d\u00e9couverte du centre historique de La Corogne.<\/p>\n","protected":false},"excerpt":{"rendered":"Ce nouveau march\u00e9 de No\u00ebl promet de d\u00e9tr\u00f4ner les plus beaux d&rsquo;Europe. Chaque hiver et ce depuis des&hellip;\n","protected":false},"author":2,"featured_media":540177,"comment_status":"","ping_status":"","sticky":false,"template":"","format":"standard","meta":{"footnotes":""},"categories":[2820],"tags":[1111,11,65846,51761,1777,674,51763,1011,27,775,51979,12,51767,25,640],"class_list":{"0":"post-540176","1":"post","2":"type-post","3":"status-publish","4":"format-standard","5":"has-post-thumbnail","7":"category-strasbourg","8":"tag-actu","9":"tag-actualites","10":"tag-cms-linternaute-9229727","11":"tag-controller-content","12":"tag-eu","13":"tag-europe","14":"tag-format-papier","15":"tag-fr","16":"tag-france","17":"tag-grand-est","18":"tag-les-histoires-de-linternaute","19":"tag-news","20":"tag-parallaxeinfeed","21":"tag-republique-francaise","22":"tag-strasbourg"},"share_on_mastodon":{"url":"https:\/\/pubeurope.com\/@fr\/115564948963090783","error":""},"_links":{"self":[{"href":"https:\/\/www.europesays.com\/fr\/wp-json\/wp\/v2\/posts\/540176","targetHints":{"allow":["GET"]}}],"collection":[{"href":"https:\/\/www.europesays.com\/fr\/wp-json\/wp\/v2\/posts"}],"about":[{"href":"https:\/\/www.europesays.com\/fr\/wp-json\/wp\/v2\/types\/post"}],"author":[{"embeddable":true,"href":"https:\/\/www.europesays.com\/fr\/wp-json\/wp\/v2\/users\/2"}],"replies":[{"embeddable":true,"href":"https:\/\/www.europesays.com\/fr\/wp-json\/wp\/v2\/comments?post=540176"}],"version-history":[{"count":0,"href":"https:\/\/www.europesays.com\/fr\/wp-json\/wp\/v2\/posts\/540176\/revisions"}],"wp:featuredmedia":[{"embeddable":true,"href":"https:\/\/www.europesays.com\/fr\/wp-json\/wp\/v2\/media\/540177"}],"wp:attachment":[{"href":"https:\/\/www.europesays.com\/fr\/wp-json\/wp\/v2\/media?parent=540176"}],"wp:term":[{"taxonomy":"category","embeddable":true,"href":"https:\/\/www.europesays.com\/fr\/wp-json\/wp\/v2\/categories?post=540176"},{"taxonomy":"post_tag","embeddable":true,"href":"https:\/\/www.europesays.com\/fr\/wp-json\/wp\/v2\/tags?post=540176"}],"curies":[{"name":"wp","href":"https:\/\/api.w.org\/{rel}","templated":true}]}}