{"id":540193,"date":"2025-11-17T12:13:12","date_gmt":"2025-11-17T12:13:12","guid":{"rendered":"https:\/\/www.europesays.com\/fr\/540193\/"},"modified":"2025-11-17T12:13:12","modified_gmt":"2025-11-17T12:13:12","slug":"belgique-la-police-lance-un-appel-apres-la-disparition-dune-femme-de-33-ans-a-quelques-kilometres-de-lille","status":"publish","type":"post","link":"https:\/\/www.europesays.com\/fr\/540193\/","title":{"rendered":"Belgique. La police lance un appel apr\u00e8s la disparition d&rsquo;une femme de 33 ans \u00e0 quelques kilom\u00e8tres de Lille"},"content":{"rendered":"<p>                    Par<br \/>\n        <strong><br \/>\n            <a href=\"https:\/\/actu.fr\/auteur\/nicolas-demollien\" title=\"Consulter tous les articles de Nicolas Demollien\" rel=\"nofollow noopener\" target=\"_blank\">Nicolas Demollien<\/a><br \/>\n                    <\/strong><\/p>\n<p>        Publi\u00e9 le<\/p>\n<p>            17 nov. 2025 \u00e0 13h03        <\/p>\n<p>Qui a vu Shannen Liessens ? Un <b>appel \u00e0 t\u00e9moins<\/b> vient d\u2019\u00eatre lanc\u00e9 en <a href=\"https:\/\/actu.fr\/tag\/belgique\" rel=\"nofollow noopener\" target=\"_blank\">Belgique<\/a> par la <b>police f\u00e9d\u00e9rale belge<\/b> apr\u00e8s sa <a href=\"https:\/\/actu.fr\/tag\/disparition\" rel=\"nofollow noopener\" target=\"_blank\">disparition jug\u00e9e inqui\u00e9tante<\/a> de cette f<b>emme de 33 ans<\/b>. Elle a \u00e9t\u00e9 vue pour la derni\u00e8re fois <b>tout pr\u00e8s de la fronti\u00e8re<\/b> avec le <a href=\"https:\/\/actu.fr\/hauts-de-france\/nord_59\" rel=\"nofollow noopener\" target=\"_blank\">Nord<\/a>, \u00e0 quelques kilom\u00e8tres seulement de <a href=\"https:\/\/actu.fr\/hauts-de-france\/lille_59350\" rel=\"nofollow noopener\" target=\"_blank\">Lille<\/a>.<\/p>\n<p>Une femme de 33 ans dispara\u00eet \u00e0 quelques kilom\u00e8tres de Lille<\/p>\n<p class=\" wall-content\">Autant dire qu\u2019<b>elle pourrait se trouver en France<\/b>. \u00ab\u00a0Vendredi 14 novembre 2025 vers 18h30, elle a quitt\u00e9 le centre psychiatrique de <b>Menin<\/b>. Depuis, elle ne s\u2019est plus manifest\u00e9e\u00a0\u00bb, r\u00e9v\u00e8lent les <a href=\"https:\/\/actu.fr\/tag\/police\" rel=\"nofollow noopener\" target=\"_blank\">policiers<\/a> en charge de l\u2019enqu\u00eate.<\/p>\n<p class=\" wall-content\">Elle se <b>d\u00e9pla\u00e7ait alors sur un v\u00e9lo<\/b> qui a \u00e9t\u00e9 \u00ab\u00a0retrouv\u00e9 le m\u00eame jour \u00e0 20h30 <b>sur la voie express N32 en direction de la France<\/b>, \u00e0 hauteur du pont sur la Lys\u00a0\u00bb.<\/p>\n<p class=\" wall-content\">Shannen mesure <b>1m62 et est d\u00e9crite comme \u00e9tant de corpulence mince<\/b>. Elle a les cheveux blonds fonc\u00e9 mi-longs port\u00e9s habituellement en queue de cheval. Elle porte des lunettes.<\/p>\n<p class=\" wall-content\">\u00ab\u00a0Au moment de sa disparition, elle portait un pantalon de training fonc\u00e9, une veste bleu fonc\u00e9 et des chaussures basses de type All Star de marque Converse\u00a0\u00bb, compl\u00e8tent les policiers.<\/p>\n<p class=\" wall-content\">Les enqu\u00eateurs demandent \u00e0 Shannen de prendre contact le plus rapidement avec ses proches afin de les rassurer. Vous pouvez aider les enqu\u00eateurs en remplissant le formulaire pr\u00e9sent sur le site <a href=\"https:\/\/www.police.be\/avis-de-recherche\/fr\/avis-de-recherche\/personnes-disparues\/majeurs\/shannen-liessens\" rel=\"nofollow noopener\" target=\"_blank\">police.be<\/a> ou en appelant au 0032 2 554 44 88 (depuis la France).<\/p>\n<p class=\" wall-content\">Personnalisez votre actualit\u00e9 en ajoutant vos villes et m\u00e9dias en favori avec <a href=\"https:\/\/moncompte.actu.fr\" title=\"D\u00e9couvez Mon Actu\" rel=\"nofollow noopener\" data-trk=\"{&quot;cta&quot;:{&quot;action&quot;:&quot;https:\\\/\\\/moncompte.actu.fr&quot;,&quot;category&quot;:&quot;mon compte&quot;,&quot;from&quot;:&quot;article footer&quot;,&quot;name&quot;:&quot;Mon actu&quot;,&quot;type&quot;:&quot;cta&quot;}}\" target=\"_blank\">Mon Actu<\/a>.<\/p>\n","protected":false},"excerpt":{"rendered":"Par Nicolas Demollien Publi\u00e9 le 17 nov. 2025 \u00e0 13h03 Qui a vu Shannen Liessens ? Un appel&hellip;\n","protected":false},"author":2,"featured_media":540194,"comment_status":"","ping_status":"","sticky":false,"template":"","format":"standard","meta":{"footnotes":""},"categories":[2815],"tags":[1111,11,828,3676,1777,674,118,1011,27,811,1307,12,1072,25],"class_list":{"0":"post-540193","1":"post","2":"type-post","3":"status-publish","4":"format-standard","5":"has-post-thumbnail","7":"category-lille","8":"tag-actu","9":"tag-actualites","10":"tag-belgique","11":"tag-disparition-inquietante","12":"tag-eu","13":"tag-europe","14":"tag-faits-divers","15":"tag-fr","16":"tag-france","17":"tag-hauts-de-france","18":"tag-lille","19":"tag-news","20":"tag-police","21":"tag-republique-francaise"},"share_on_mastodon":{"url":"https:\/\/pubeurope.com\/@fr\/115564984575414386","error":""},"_links":{"self":[{"href":"https:\/\/www.europesays.com\/fr\/wp-json\/wp\/v2\/posts\/540193","targetHints":{"allow":["GET"]}}],"collection":[{"href":"https:\/\/www.europesays.com\/fr\/wp-json\/wp\/v2\/posts"}],"about":[{"href":"https:\/\/www.europesays.com\/fr\/wp-json\/wp\/v2\/types\/post"}],"author":[{"embeddable":true,"href":"https:\/\/www.europesays.com\/fr\/wp-json\/wp\/v2\/users\/2"}],"replies":[{"embeddable":true,"href":"https:\/\/www.europesays.com\/fr\/wp-json\/wp\/v2\/comments?post=540193"}],"version-history":[{"count":0,"href":"https:\/\/www.europesays.com\/fr\/wp-json\/wp\/v2\/posts\/540193\/revisions"}],"wp:featuredmedia":[{"embeddable":true,"href":"https:\/\/www.europesays.com\/fr\/wp-json\/wp\/v2\/media\/540194"}],"wp:attachment":[{"href":"https:\/\/www.europesays.com\/fr\/wp-json\/wp\/v2\/media?parent=540193"}],"wp:term":[{"taxonomy":"category","embeddable":true,"href":"https:\/\/www.europesays.com\/fr\/wp-json\/wp\/v2\/categories?post=540193"},{"taxonomy":"post_tag","embeddable":true,"href":"https:\/\/www.europesays.com\/fr\/wp-json\/wp\/v2\/tags?post=540193"}],"curies":[{"name":"wp","href":"https:\/\/api.w.org\/{rel}","templated":true}]}}