{"id":540199,"date":"2025-11-17T12:17:18","date_gmt":"2025-11-17T12:17:18","guid":{"rendered":"https:\/\/www.europesays.com\/fr\/540199\/"},"modified":"2025-11-17T12:17:18","modified_gmt":"2025-11-17T12:17:18","slug":"le-procureur-confirme-la-piste-du-crime-davertissement","status":"publish","type":"post","link":"https:\/\/www.europesays.com\/fr\/540199\/","title":{"rendered":"Le procureur confirme la piste du \u00ab\u00a0crime d\u2019avertissement\u00a0\u00bb"},"content":{"rendered":"<p>La piste du \u00ab\u00a0crime d\u2019avertissement\u00a0\u00bb est privil\u00e9gi\u00e9e par les enqu\u00eateurs dans l\u2019enqu\u00eate pour l\u2019<a href=\"https:\/\/www.20minutes.fr\/dossier\/assassinat\" class=\"c-link c-link--is-underlined\" target=\"_blank\" rel=\"noopener\">assassinat<\/a> du fr\u00e8re d\u2019Amine Kessaci. Ce dernier, militant \u00e9cologiste qui se bat pour d\u00e9noncer les guerres de territoire li\u00e9es au narcotrafic dans les cit\u00e9s, semble bien \u00eatre vis\u00e9 par les assassins de son fr\u00e8re.<\/p>\n<\/p>\n<p>\u00ab\u00a0Naturellement, nous sommes \u00e0 quelques jours de ces faits dramatiques et nous devons envisager toutes les hypoth\u00e8ses\u00a0\u00bb, pr\u00e9cise le procureur de la R\u00e9publique de <a href=\"https:\/\/www.20minutes.fr\/marseille\/\" class=\"c-link c-link--is-underlined\" target=\"_blank\" rel=\"noopener\">Marseille<\/a>, Nicolas Bessone, \u00e0 <a href=\"https:\/\/www.20minutes.fr\/medias\/france_inter\/\" class=\"c-link c-link--is-underlined\" target=\"_blank\" rel=\"noopener\">France Inter<\/a>. Mais \u00ab\u00a0c\u2019est \u00e0 ce stade la piste privil\u00e9gi\u00e9e\u00a0\u00bb. La victime, Mehdi Kessaci, \u00ab\u00a0\u00e9tait totalement inconnue des services de police, il n\u2019\u00e9tait jamais rentr\u00e9 dans un commissariat. Sa volont\u00e9 \u00e9tait de rentrer par la grande porte en portant l\u2019uniforme bleu de la R\u00e9publique, puisqu\u2019il \u00e9tait en train de passer le concours de gardien de la paix\u00a0\u00bb.<\/p>\n<p>Son fr\u00e8re en revanche, fait \u00ab\u00a0l\u2019objet de menaces et de pressions tr\u00e8s fortes, \u00e0 tel point qu\u2019il \u00e9tait plac\u00e9 sous protection polici\u00e8re. Il a un discours tr\u00e8s clair sur les ravages caus\u00e9s par le narcotrafic, il peut d\u00e9ranger ceux qui ont besoin d\u2019un minimum de consensus social dans les cit\u00e9s\u00a0\u00bb, souligne le magistrat.<\/p>\n<p>\u00ab\u00a0Point de bascule\u00a0\u00bb<\/p>\n<p>Si cette hypoth\u00e8se \u00e9tait confirm\u00e9e, il s\u2019agirait d\u2019un \u00ab\u00a0v\u00e9ritable point de bascule\u00a0\u00bb. Car si les victimes de balles perdues lors des guerres de territoire ne sont pas rares, ce ph\u00e9nom\u00e8ne \u00e9tait jusqu\u2019\u00e0 pr\u00e9sent inconnu en France. Cet \u00ab\u00a0acte d\u00e9lib\u00e9r\u00e9\u00a0\u00bb avait \u00ab\u00a0vraisemblablement\u00a0\u00bb pour ambition de \u00ab\u00a0faire taire son fr\u00e8re\u00a0\u00bb, conclut le procureur.<\/p>\n","protected":false},"excerpt":{"rendered":"La piste du \u00ab\u00a0crime d\u2019avertissement\u00a0\u00bb est privil\u00e9gi\u00e9e par les enqu\u00eateurs dans l\u2019enqu\u00eate pour l\u2019assassinat du fr\u00e8re d\u2019Amine Kessaci.&hellip;\n","protected":false},"author":2,"featured_media":540200,"comment_status":"","ping_status":"","sticky":false,"template":"","format":"standard","meta":{"footnotes":""},"categories":[2814],"tags":[1111,47,11,885,1777,674,1011,27,303,884,813,12,883,882,25,887],"class_list":{"0":"post-540199","1":"post","2":"type-post","3":"status-publish","4":"format-standard","5":"has-post-thumbnail","7":"category-marseille","8":"tag-actu","9":"tag-actualite","10":"tag-actualites","11":"tag-bouches-du-rhone","12":"tag-eu","13":"tag-europe","14":"tag-fr","15":"tag-france","16":"tag-justice","17":"tag-marseille","18":"tag-narcotrafiquants","19":"tag-news","20":"tag-paca","21":"tag-provence-alpes-cote-dazur","22":"tag-republique-francaise","23":"tag-trafic-de-drogue"},"share_on_mastodon":{"url":"https:\/\/pubeurope.com\/@fr\/115564999178809892","error":""},"_links":{"self":[{"href":"https:\/\/www.europesays.com\/fr\/wp-json\/wp\/v2\/posts\/540199","targetHints":{"allow":["GET"]}}],"collection":[{"href":"https:\/\/www.europesays.com\/fr\/wp-json\/wp\/v2\/posts"}],"about":[{"href":"https:\/\/www.europesays.com\/fr\/wp-json\/wp\/v2\/types\/post"}],"author":[{"embeddable":true,"href":"https:\/\/www.europesays.com\/fr\/wp-json\/wp\/v2\/users\/2"}],"replies":[{"embeddable":true,"href":"https:\/\/www.europesays.com\/fr\/wp-json\/wp\/v2\/comments?post=540199"}],"version-history":[{"count":0,"href":"https:\/\/www.europesays.com\/fr\/wp-json\/wp\/v2\/posts\/540199\/revisions"}],"wp:featuredmedia":[{"embeddable":true,"href":"https:\/\/www.europesays.com\/fr\/wp-json\/wp\/v2\/media\/540200"}],"wp:attachment":[{"href":"https:\/\/www.europesays.com\/fr\/wp-json\/wp\/v2\/media?parent=540199"}],"wp:term":[{"taxonomy":"category","embeddable":true,"href":"https:\/\/www.europesays.com\/fr\/wp-json\/wp\/v2\/categories?post=540199"},{"taxonomy":"post_tag","embeddable":true,"href":"https:\/\/www.europesays.com\/fr\/wp-json\/wp\/v2\/tags?post=540199"}],"curies":[{"name":"wp","href":"https:\/\/api.w.org\/{rel}","templated":true}]}}