{"id":540207,"date":"2025-11-17T12:22:12","date_gmt":"2025-11-17T12:22:12","guid":{"rendered":"https:\/\/www.europesays.com\/fr\/540207\/"},"modified":"2025-11-17T12:22:12","modified_gmt":"2025-11-17T12:22:12","slug":"la-desolation-au-bhv-un-prodige-du-karting-un-violent-incendie-linfo-a-midi-en-ile-de-france","status":"publish","type":"post","link":"https:\/\/www.europesays.com\/fr\/540207\/","title":{"rendered":"La d\u00e9solation au BHV, un prodige du karting, un violent incendie&#8230; L\u2019info \u00e0 midi en \u00cele-de-France"},"content":{"rendered":"<p>                    Par<br \/>\n        <strong><br \/>\n            <a href=\"https:\/\/actu.fr\/auteur\/redaction-paris\" title=\"Consulter tous les articles de R\u00e9daction Paris\" rel=\"nofollow noopener\" target=\"_blank\">R\u00e9daction Paris<\/a><br \/>\n                    <\/strong><\/p>\n<p>        Publi\u00e9 le<\/p>\n<p>            17 nov. 2025 \u00e0 12h09        <\/p>\n<p>Une nouvelle semaine commence. Que s\u2019est-il pass\u00e9 ce lundi 17 novembre 2025 en \u00cele-de-France ? Voici l\u2019essentiel de l\u2019actualit\u00e9 \u00e0 midi : dans les Hauts-de-Seine, Alexandre Demanche, 8 ans, pourrait bien \u00eatre le futur du pilotage automobile fran\u00e7ais, \u00e0 Paris, l\u2019arriv\u00e9e de Shein au BHV n\u2019en finit pas de faire des d\u00e9\u00e7us et dans les Yvelines, des navettes sans chauffeur sont test\u00e9es.\u00a0<\/p>\n<p>Les informations \u00e0 retenir ce lundi 17 novembre 2025, \u00e0 midi, en \u00cele-de-France<\/p>\n<p class=\"expresso-item wall-content\"><strong>Essonne. <\/strong><a title=\"Lire l&#039;article\" href=\"https:\/\/actu.fr\/ile-de-france\/evry-courcouronnes_91228\/incendie-en-essonne-un-appartement-en-flammes-50-personnes-evacuees_63445752.html\" rel=\"nofollow noopener\" target=\"_blank\">Incendie dans un appartement en flammes, 50 personnes \u00e9vacu\u00e9es<\/a><br \/>Un incendie s\u2019est d\u00e9clar\u00e9 ce dimanche 16 novembre 2025 dans un appartement de 25 m\u00b2 \u00e0 \u00c9vry-Courcouronnes.<\/p>\n<p class=\"expresso-item wall-content\"><strong>Hauts-de-Seine. <\/strong><a title=\"Lire l&#039;article\" href=\"https:\/\/actu.fr\/ile-de-france\/clamart_92023\/on-me-dit-souvent-que-je-ressemble-a-lewis-hamilton-a-8-ans-alexandre-est-un-genie-du-karting_63444306.html\" rel=\"nofollow noopener\" target=\"_blank\">\u00ab\u00a0On me dit souvent que je ressemble \u00e0 Lewis Hamilton \u00a0\u00bb : \u00e0 8 ans, Alexandre est un g\u00e9nie du karting<\/a><br \/>Passionn\u00e9 de karting, Alexandre Demanche, licenci\u00e9 \u00e0 l\u2019\u00c9cole fran\u00e7aise de karting de Rosny-sous-Bois, fait partie des meilleurs pilotes de sa g\u00e9n\u00e9ration. Rencontre.<\/p>\n<p class=\"expresso-item wall-content\"><strong>Yvelines. <\/strong><a title=\"Lire l&#039;article\" href=\"https:\/\/actu.fr\/ile-de-france\/montigny-le-bretonneux_78423\/des-navettes-sans-chauffeur-testees-a-lheure-du-midi-autour-de-cette-grande-gare-des-yvelines_63444811.html\" rel=\"nofollow noopener\" target=\"_blank\">Des navettes sans chauffeur test\u00e9es \u00e0 l\u2019heure du midi autour de cette grande gare<\/a><br \/>Depuis ce lundi 17\u00a0novembre 2025, la navette autonome SQY Flex est exp\u00e9riment\u00e9e autour de la gare de Saint-Quentin-en-Yvelines. Ce minibus sans chauffeur circule \u00e0 la demande.<\/p>\n<p class=\"expresso-item wall-content\"><strong>Seine-et-Marne. <\/strong><a title=\"Lire l&#039;article\" href=\"https:\/\/actu.fr\/ile-de-france\/villeparisis_77514\/un-pere-trois-fils-du-pain-dans-cette-ville-de-seine-et-marne-une-boulangerie-familiale-ouvre-ses-portes_63441332.html\" rel=\"nofollow noopener\" target=\"_blank\">Un p\u00e8re, trois fils, du pain : dans cette ville, une boulangerie familiale ouvre ses portes<\/a><br \/>A Villeparisis, une nouvelle boulangerie ouvre ses portes. Deux fr\u00e8res venus d\u2019une famille de boulangers ont lanc\u00e9 leur activit\u00e9.\u00a0<\/p>\n<p class=\"expresso-item wall-content\"><strong>Paris. <\/strong><a title=\"Lire l&#039;article\" href=\"https:\/\/actu.fr\/ile-de-france\/paris_75056\/un-champ-de-ruines-au-bhv-a-paris-un-climat-morose-depuis-l-arrivee-controversee-de-shein_63442322.html\" rel=\"nofollow noopener\" target=\"_blank\">\u00ab\u00a0Un champ de ruines\u00a0\u00bb : au BHV, un climat morose depuis l\u2019arriv\u00e9e controvers\u00e9e de Shein<\/a><br \/>L\u2019ouverture du premier magasin physique de Shein, \u00ab\u00a0boycott\u00e9\u00a0\u00bb par certains clients, peine \u00e0 redonner un second souffle au grand magasin parisien. Les salari\u00e9s s\u2019avouent r\u00e9sign\u00e9s.<\/p>\n<p class=\" wall-content\"><strong>Suivez-nous pour en savoir plus\u2009!<\/strong><br \/>Vous voulez plus d\u2019infos sur l\u2019\u00cele-de-France\u2009? Vous pouvez nous retrouver sur actu \u00cele-de-France. Pour nous suivre sur les r\u00e9seaux sociaux, dans vos d\u00e9partements\u2009:<\/p>\n<p class=\" wall-content\"><strong>Paris<\/strong>\u2009: retrouvez\u00a0actu\u00a0Paris\u00a0sur\u00a0<a href=\"https:\/\/www.facebook.com\/actufr.paris\/\" rel=\"nofollow noopener\" target=\"_blank\">Facebook<\/a>\u00a0et\u00a0<a href=\"https:\/\/twitter.com\/actufrparis\" rel=\"nofollow noopener\" target=\"_blank\">Twitter<\/a>\u2009;<br \/><strong>Seine-et-Marne<\/strong>\u2009: retrouvez\u00a0La R\u00e9publique de Seine-et-Marne\u00a0(sud) sur\u00a0<a href=\"https:\/\/www.facebook.com\/RepubliqueSeineMarne\/\" rel=\"nofollow noopener\" target=\"_blank\">Facebook<\/a>\u00a0et\u00a0<a href=\"https:\/\/twitter.com\/LaRep77\" rel=\"nofollow noopener\" target=\"_blank\">Twitter<\/a>\u2009;\u00a0La Marne\u00a0(nord) sur\u00a0<a href=\"https:\/\/www.facebook.com\/journallarmarne\/?__tn__=%2Cd%2CP-R&amp;eid=ARDLZc91LaHbXzDwChLLLQJVMBLx_ABJremTC2-RG0CYvg0f4f8CLvbV5G1Lli4g_6QoXDcKkU1_LX1W\" rel=\"nofollow noopener\" target=\"_blank\">Facebook<\/a>\u00a0et\u00a0<a href=\"https:\/\/twitter.com\/JournalLaMarne\" rel=\"nofollow noopener\" target=\"_blank\">Twitter<\/a>\u2009; et\u00a0Le Pays Briard\u00a0sur\u00a0<a href=\"https:\/\/www.facebook.com\/LePaysBriard\/?ref=bookmarks\" rel=\"nofollow noopener\" target=\"_blank\">Facebook<\/a>\u00a0et\u00a0<a href=\"https:\/\/twitter.com\/LePaysBriard\" rel=\"nofollow noopener\" target=\"_blank\">Twitter<\/a>\u2009;<br \/><strong>Yvelines\u2009:<\/strong>\u00a0retrouvez\u00a078actu\u00a0sur\u00a0<a href=\"https:\/\/www.facebook.com\/78actu\/\" rel=\"nofollow noopener\" target=\"_blank\">Facebook<\/a>\u00a0et\u00a0<a href=\"https:\/\/x.com\/78actu\" rel=\"nofollow\">Twitter<\/a>\u2009;<br \/><strong>Essonne\u2009:<\/strong>\u00a0retrouvez\u00a0actu Essonne\u00a0sur\u00a0<a href=\"https:\/\/www.facebook.com\/actuessonne\/?ref=br_rs\" rel=\"nofollow noopener\" target=\"_blank\">Facebook<\/a>\u00a0et\u00a0<a href=\"https:\/\/twitter.com\/ActuEssonne\" rel=\"nofollow noopener\" target=\"_blank\">Twitter<\/a>\u2009;<br \/><strong>Hauts-de-Seine\u2009:<\/strong>\u00a0retrouvez\u00a0actu\u00a0Hauts-de-Seine\u00a0sur\u00a0<a href=\"https:\/\/www.facebook.com\/actufr.hautsdeseine\/\" rel=\"nofollow noopener\" target=\"_blank\">Facebook<\/a>\u00a0et\u00a0<a href=\"https:\/\/twitter.com\/actufr92\" rel=\"nofollow noopener\" target=\"_blank\">Twitter<\/a>\u2009;<br \/><strong>Seine-Saint-Denis\u2009:<\/strong>\u00a0retrouvez actu Seine-Saint-Denis sur\u00a0<a href=\"https:\/\/www.facebook.com\/actufr.seinesaintdenis\/\" rel=\"nofollow noopener\" target=\"_blank\">Facebook<\/a>\u00a0et\u00a0<a href=\"https:\/\/x.com\/Actufr93\" rel=\"nofollow\">Twitter<\/a>\u2009;<br \/><strong>Val-de-Marne\u2009:\u00a0<\/strong>retrouvez actu Val-de-Marne sur\u00a0<a href=\"https:\/\/www.facebook.com\/actu94.valdemarne\/\" rel=\"nofollow noopener\" target=\"_blank\">Facebook<\/a>\u00a0et\u00a0<a href=\"https:\/\/x.com\/actufr94\" rel=\"nofollow\">Twitter<\/a>\u2009;<br \/><strong>Val-d\u2019Oise\u2009:<\/strong>\u00a0retrouvez La Gazette du Val-d\u2019Oise sur\u00a0<a href=\"https:\/\/x.com\/actufr94\" rel=\"nofollow\">Twitter<\/a><\/p>\n<p class=\" wall-content\">Personnalisez votre actualit\u00e9 en ajoutant vos villes et m\u00e9dias en favori avec <a href=\"https:\/\/moncompte.actu.fr\" title=\"D\u00e9couvez Mon Actu\" rel=\"nofollow noopener\" data-trk=\"{&quot;cta&quot;:{&quot;action&quot;:&quot;https:\\\/\\\/moncompte.actu.fr&quot;,&quot;category&quot;:&quot;mon compte&quot;,&quot;from&quot;:&quot;article footer&quot;,&quot;name&quot;:&quot;Mon actu&quot;,&quot;type&quot;:&quot;cta&quot;}}\" target=\"_blank\">Mon Actu<\/a>.<\/p>\n<p>                    <script async src=\"https:\/\/platform.twitter.com\/widgets.js\" charset=\"utf-8\"><\/script><\/p>\n","protected":false},"excerpt":{"rendered":"Par R\u00e9daction Paris Publi\u00e9 le 17 nov. 2025 \u00e0 12h09 Une nouvelle semaine commence. Que s\u2019est-il pass\u00e9 ce&hellip;\n","protected":false},"author":2,"featured_media":518562,"comment_status":"","ping_status":"","sticky":false,"template":"","format":"standard","meta":{"footnotes":""},"categories":[1888],"tags":[1111,1928,11,1927,4753,1777,674,1011,27,1310,12,1926,626,1925,25,104],"class_list":{"0":"post-540207","1":"post","2":"type-post","3":"status-publish","4":"format-standard","5":"has-post-thumbnail","7":"category-paris","8":"tag-actu","9":"tag-actu-paris","10":"tag-actualites","11":"tag-actualites-paris","12":"tag-bhv","13":"tag-eu","14":"tag-europe","15":"tag-fr","16":"tag-france","17":"tag-incendie","18":"tag-news","19":"tag-news-paris","20":"tag-paris","21":"tag-paris-news","22":"tag-republique-francaise","23":"tag-societe"},"share_on_mastodon":{"url":"https:\/\/pubeurope.com\/@fr\/115565018788046214","error":""},"_links":{"self":[{"href":"https:\/\/www.europesays.com\/fr\/wp-json\/wp\/v2\/posts\/540207","targetHints":{"allow":["GET"]}}],"collection":[{"href":"https:\/\/www.europesays.com\/fr\/wp-json\/wp\/v2\/posts"}],"about":[{"href":"https:\/\/www.europesays.com\/fr\/wp-json\/wp\/v2\/types\/post"}],"author":[{"embeddable":true,"href":"https:\/\/www.europesays.com\/fr\/wp-json\/wp\/v2\/users\/2"}],"replies":[{"embeddable":true,"href":"https:\/\/www.europesays.com\/fr\/wp-json\/wp\/v2\/comments?post=540207"}],"version-history":[{"count":0,"href":"https:\/\/www.europesays.com\/fr\/wp-json\/wp\/v2\/posts\/540207\/revisions"}],"wp:featuredmedia":[{"embeddable":true,"href":"https:\/\/www.europesays.com\/fr\/wp-json\/wp\/v2\/media\/518562"}],"wp:attachment":[{"href":"https:\/\/www.europesays.com\/fr\/wp-json\/wp\/v2\/media?parent=540207"}],"wp:term":[{"taxonomy":"category","embeddable":true,"href":"https:\/\/www.europesays.com\/fr\/wp-json\/wp\/v2\/categories?post=540207"},{"taxonomy":"post_tag","embeddable":true,"href":"https:\/\/www.europesays.com\/fr\/wp-json\/wp\/v2\/tags?post=540207"}],"curies":[{"name":"wp","href":"https:\/\/api.w.org\/{rel}","templated":true}]}}