{"id":540208,"date":"2025-11-17T12:23:22","date_gmt":"2025-11-17T12:23:22","guid":{"rendered":"https:\/\/www.europesays.com\/fr\/540208\/"},"modified":"2025-11-17T12:23:22","modified_gmt":"2025-11-17T12:23:22","slug":"150-stands-au-pied-de-la-cathedrale-gothique-accessible-en-train-depuis-paris","status":"publish","type":"post","link":"https:\/\/www.europesays.com\/fr\/540208\/","title":{"rendered":"150 stands au pied de la cath\u00e9drale gothique, accessible en train depuis Paris"},"content":{"rendered":"<p>Lepointdujour.fr &#8211; March\u00e9 de No\u00ebl de Cologne: 150 stands au pied de la cath\u00e9drale gothique, accessible en train depuis Paris &#8211; Cr\u00e9dit photo \u00a9 Paris Select Book<\/p>\n<p>\u00c0 Cologne, l\u2019hiver prend des airs de f\u00eate. Ainsi, entre la cath\u00e9drale et le Rhin, chaque <a href=\"https:\/\/www.parisselectbook.com\/2025\/11\/16\/marche-de-noel-de-montlhery-2025-91-propose-pere-noel-concerts-et-deambulations-magiques\/\" target=\"_blank\" rel=\"noopener\">march\u00e9 de No\u00ebl<\/a> attire familles et curieux. L\u2019ambiance r\u00e9chauffe les soir\u00e9es froides, sans artifice.<\/p>\n<p>Cologne, capitale rh\u00e9nane des f\u00eates<\/p>\n<p>Au pied de la <strong>Cath\u00e9drale de Cologne<\/strong>, les chalets forment un d\u00e9cor vivant. De plus, la vieille ville s\u2019anime d\u00e8s la fin novembre. Chaque place accueille un <a href=\"https:\/\/www.parisselectbook.com\/2025\/11\/15\/le-guide-de-noel-a-paris-illuminations-feeriques-patinoires-en-rooftop-sapins-geants-et-tea-time-dexception\/\" target=\"_blank\" rel=\"noopener\">march\u00e9 de No\u00ebl<\/a> au style diff\u00e9rent. Par cons\u00e9quent, on passe d\u2019une ambiance \u00e0 une autre en quelques pas.<\/p>\n<p>Autour d\u2019<strong>Heumarkt<\/strong> et d\u2019Alter Markt, la f\u00e9erie est ludique. Aussi, une patinoire serpente au c\u0153ur du march\u00e9 de No\u00ebl. Les familles y trouvent jeux, musiques et <a href=\"https:\/\/www.parisselectbook.com\/2025\/11\/15\/le-top-des-buches-de-noel-reperees-aux-galeries-lafayette-le-gourmet-laquelle-sera-sur-votre-table-de-fete\/\" target=\"_blank\" rel=\"noopener\">odeurs sucr\u00e9es<\/a>. Ensuite, les ruelles m\u00e8nent vers des artisans plus au calme.<\/p>\n<p>\u00c0 <strong>Neumarkt<\/strong>, le march\u00e9 des anges mise sur la douceur. D\u2019ailleurs, <strong>Rudolfplatz<\/strong> affiche son village de Saint-Nicolas. Le port pr\u00e8s du <a href=\"https:\/\/www.parisselectbook.com\/2025\/11\/16\/picard-comment-la-tablette-de-chocolat-dubai-inspire-sa-buche-de-noel\/\" target=\"_blank\" rel=\"noopener\"><strong>mus\u00e9e du Chocolat<\/strong><\/a> ajoute une note maritime. Ce march\u00e9 de No\u00ebl change le regard sur la ville.<\/p>\n<blockquote>\n<p>\u00ab \u00c0 Cologne, on vient pour la magie, on reste pour la chaleur humaine. \u00bb<\/p>\n<\/blockquote>\n<p>Quel march\u00e9 pour quel style ?<\/p>\n<p>Vous aimez les lumi\u00e8res douces et l\u2019artisanat fin ? Alors, le march\u00e9 de No\u00ebl de Neumarkt conviendra bien. Les gourmands viseront Alter Markt pour ses sp\u00e9cialit\u00e9s fumantes. En revanche, <strong>Stadtgarten<\/strong> pla\u00eet aux amateurs de pi\u00e8ces uniques.<\/p>\n<p>Envie d\u2019une balade au bord de l\u2019eau ? Ainsi, le march\u00e9 du port propose poissons fum\u00e9s et vues sur le Rhin. Ceux qui cherchent un ton plus d\u00e9cal\u00e9 trouveront une sc\u00e8ne festive pr\u00e8s de Rudolfplatz. Ce march\u00e9 de No\u00ebl montre une Cologne cr\u00e9ative.<\/p>\n<ul>\n<li>V\u00e9rifiez les dates et horaires officiels avant le d\u00e9part.<\/li>\n<li>Privil\u00e9giez les matins de semaine pour \u00e9viter la foule.<\/li>\n<li>Pr\u00e9voyez de l\u2019esp\u00e8ce pour les stands sans carte.<\/li>\n<li>Comptez une consigne gobelet, souvent autour de 2\u20134 \u20ac.<\/li>\n<li>Habillez-vous chaudement, avec gants et chaussures \u00e9tanches.<\/li>\n<\/ul>\n<p>Gourmandises, artisanat et conseils pratiques<\/p>\n<p>Le <strong>vin chaud aux \u00e9pices<\/strong> r\u00e9chauffe mains et c\u0153urs. De plus, le <strong>pain d\u2019\u00e9pices d\u00e9cor\u00e9<\/strong> se partage sans fa\u00e7on. On grignote des <strong>sp\u00e9cialit\u00e9s grill\u00e9es<\/strong> entre deux concerts. Dans chaque march\u00e9 de No\u00ebl, ces classiques rassemblent toutes les g\u00e9n\u00e9rations.<\/p>\n<p>Les gobelets sont consign\u00e9s, gr\u00e2ce au <strong>pfand de 2\u20134 \u20ac<\/strong>. Ainsi, vous r\u00e9duisez les d\u00e9chets et gardez un souvenir. Pr\u00e9voyez de l\u2019esp\u00e8ce, car certains stands refusent la carte. Par cons\u00e9quent, anticipez vos retraits en journ\u00e9e.<\/p>\n<p>Les foules arrivent le soir et le week-end. En semaine, le matin reste plus fluide. Vous profiterez alors du march\u00e9 de No\u00ebl sans file ni bousculade. Cependant, gardez vos effets pr\u00e8s de vous.<\/p>\n<p>Venir depuis la France, budget et horaires<\/p>\n<p>Depuis Paris, un train rapide rejoint Cologne en environ <strong>3 h 20<\/strong>. Aussi, des correspondances via Bruxelles ou Lille existent selon la saison. V\u00e9rifiez les horaires avant de viser un march\u00e9 de No\u00ebl en soir\u00e9e. Les gares m\u00e8nent \u00e0 pied vers le centre historique.<\/p>\n<p>C\u00f4t\u00e9 budget, les prix varient selon le stand. De plus, la consigne s\u2019ajoute au premier verre. Ensuite, la qualit\u00e9 artisanale justifie parfois un tarif plus haut. Pour un march\u00e9 de No\u00ebl, pr\u00e9voyez une enveloppe souple.<\/p>\n<p>Pr\u00e9parer sa visite et respecter l\u2019esprit local<\/p>\n<p>Les dates changent chaque ann\u00e9e selon les lieux. D\u00e9sormais, la ville publie t\u00f4t les programmes et plans. D\u2019ailleurs, certaines animations prolongent jusqu\u2019au d\u00e9but de janvier. Avant tout march\u00e9 de No\u00ebl, confirmez heures d\u2019ouverture le jour m\u00eame.<\/p>\n<p>Appr\u00e9ciez les stands sans bloquer l\u2019acc\u00e8s. Aussi, un \u00ab Danke \u00bb fait toujours plaisir. Habillez-vous chaudement, couches et chaussures imperm\u00e9ables. Puis, gardez un sac pour vos achats fragiles.<\/p>\n<p>Pensez au carnet r\u00e9utilisable pour les notes et adresses. En revanche, \u00e9vitez le plastique \u00e0 usage unique. Utilisez tram et bus pour rejoindre votre march\u00e9 de No\u00ebl. Ainsi, la f\u00eate reste belle pour tous.<\/p>\n","protected":false},"excerpt":{"rendered":"Lepointdujour.fr &#8211; March\u00e9 de No\u00ebl de Cologne: 150 stands au pied de la cath\u00e9drale gothique, accessible en train&hellip;\n","protected":false},"author":2,"featured_media":540209,"comment_status":"","ping_status":"","sticky":false,"template":"","format":"standard","meta":{"footnotes":""},"categories":[1888],"tags":[1111,1928,11,1927,1777,674,1011,27,36053,12,1926,626,1925,25],"class_list":{"0":"post-540208","1":"post","2":"type-post","3":"status-publish","4":"format-standard","5":"has-post-thumbnail","7":"category-paris","8":"tag-actu","9":"tag-actu-paris","10":"tag-actualites","11":"tag-actualites-paris","12":"tag-eu","13":"tag-europe","14":"tag-fr","15":"tag-france","16":"tag-marche-de-noel","17":"tag-news","18":"tag-news-paris","19":"tag-paris","20":"tag-paris-news","21":"tag-republique-francaise"},"share_on_mastodon":{"url":"https:\/\/pubeurope.com\/@fr\/115565022738776123","error":""},"_links":{"self":[{"href":"https:\/\/www.europesays.com\/fr\/wp-json\/wp\/v2\/posts\/540208","targetHints":{"allow":["GET"]}}],"collection":[{"href":"https:\/\/www.europesays.com\/fr\/wp-json\/wp\/v2\/posts"}],"about":[{"href":"https:\/\/www.europesays.com\/fr\/wp-json\/wp\/v2\/types\/post"}],"author":[{"embeddable":true,"href":"https:\/\/www.europesays.com\/fr\/wp-json\/wp\/v2\/users\/2"}],"replies":[{"embeddable":true,"href":"https:\/\/www.europesays.com\/fr\/wp-json\/wp\/v2\/comments?post=540208"}],"version-history":[{"count":0,"href":"https:\/\/www.europesays.com\/fr\/wp-json\/wp\/v2\/posts\/540208\/revisions"}],"wp:featuredmedia":[{"embeddable":true,"href":"https:\/\/www.europesays.com\/fr\/wp-json\/wp\/v2\/media\/540209"}],"wp:attachment":[{"href":"https:\/\/www.europesays.com\/fr\/wp-json\/wp\/v2\/media?parent=540208"}],"wp:term":[{"taxonomy":"category","embeddable":true,"href":"https:\/\/www.europesays.com\/fr\/wp-json\/wp\/v2\/categories?post=540208"},{"taxonomy":"post_tag","embeddable":true,"href":"https:\/\/www.europesays.com\/fr\/wp-json\/wp\/v2\/tags?post=540208"}],"curies":[{"name":"wp","href":"https:\/\/api.w.org\/{rel}","templated":true}]}}