{"id":540213,"date":"2025-11-17T12:26:24","date_gmt":"2025-11-17T12:26:24","guid":{"rendered":"https:\/\/www.europesays.com\/fr\/540213\/"},"modified":"2025-11-17T12:26:24","modified_gmt":"2025-11-17T12:26:24","slug":"en-direct-ukraine-kiev-va-acquerir-jusqua-100-rafale-avec-armement-complet-affirme-emmanuel-macron","status":"publish","type":"post","link":"https:\/\/www.europesays.com\/fr\/540213\/","title":{"rendered":"EN DIRECT &#8211; Ukraine : Kiev va acqu\u00e9rir \u00ab\u00a0jusqu&rsquo;\u00e0 100 Rafale\u00a0\u00bb avec armement complet, affirme Emmanuel Macron"},"content":{"rendered":"<ul class=\"jsx-862013697 ArticleChapo__List\">\n<li class=\"jsx-862013697 ArticleChapo__List_Item flex\">Le pr\u00e9sident ukrainien est en visite \u00e0 Paris ce lundi, re\u00e7u par son homologue fran\u00e7ais Emmanuel Macron.<\/li>\n<li class=\"jsx-862013697 ArticleChapo__List_Item flex\">Volodymyr Zelensky a sign\u00e9 une \u00ab\u00a0d\u00e9claration d&rsquo;intention\u00a0\u00bb qu&rsquo;il a qualifi\u00e9e d'\u00a0\u00bbhistorique\u00a0\u00bb en vue de l&rsquo;achat futur d&rsquo;avions de combat fran\u00e7ais Rafale.<\/li>\n<li class=\"jsx-862013697 ArticleChapo__List_Item flex\">Suivez les derni\u00e8res informations en direct.<\/li>\n<\/ul>\n<p><a href=\"https:\/\/www.tf1info.fr\/actualite\/invasion-de-l-ukraine-par-la-russie-une-guerre-qui-dure-12951\/\" rel=\"noopener\" class=\"jsx-484472199 Link jsx-1428418400 jsx-554215408\" target=\"_blank\"><\/p>\n<p style=\"font-weight:400\" class=\"jsx-1837267516\">Suivez la couverture compl\u00e8te<\/p>\n<p style=\"font-weight:800\" class=\"jsx-1837267516\">Ukraine : 4\u1d49 ann\u00e9e de guerre<\/p>\n<p><\/a>Les \u00e9l\u00e9ments marquants\u00a0\u00bbJUSQU&rsquo;\u00c0 100 RAFALE\u00a0\u00bb13:23<\/p>\n<p>Le pr\u00e9sident fran\u00e7ais a, \u00e0 son tour, confirm\u00e9 que Kiev allait acqu\u00e9rir \u00ab\u00a0jusqu&rsquo;\u00e0 100 Rafale\u00a0\u00bb avec armement complet, au cours de sa conf\u00e9rence de presse conjointe avec son homologue ukrainien \u00e0 l&rsquo;\u00c9lys\u00e9e.<\/p>\n<p>Voir plus d&rsquo;\u00e9l\u00e9ments marquants<\/p>\n<p>Valider les filtresR\u00e9initialiser les filtres<\/p>\n<p>Minute par minuteFiltrer par Temps fortsFiltrerRECONNAISSANCE13:25<\/p>\n<p>\u00ab\u00a0Je suis reconnaissant au pr\u00e9sident du fait que la France est aux c\u00f4t\u00e9s de l&rsquo;Ukraine et que l&rsquo;Ukraine n&rsquo;est pas seule\u00a0\u00bb, a soulign\u00e9 le pr\u00e9sident ukrainien en prenant la parole \u00e0 l&rsquo;\u00c9lys\u00e9e.<\/p>\n<p>\u00ab\u00a0JUSQU&rsquo;\u00c0 100 RAFALE\u00a0\u00bb13:23<\/p>\n<p>Le pr\u00e9sident fran\u00e7ais a, \u00e0 son tour, confirm\u00e9 que Kiev allait acqu\u00e9rir \u00ab\u00a0jusqu&rsquo;\u00e0 100 Rafale\u00a0\u00bb avec armement complet, au cours de sa conf\u00e9rence de presse conjointe avec son homologue ukrainien \u00e0 l&rsquo;\u00c9lys\u00e9e.<\/p>\n<p>QUARTIER G\u00c9N\u00c9RAL13:19<\/p>\n<p>Emmanuel Macron a soulign\u00e9 le r\u00f4le de la Coalition pour l&rsquo;Ukraine, dont Volodymyr Zelensky a pu visiter le quartier g\u00e9n\u00e9ral op\u00e9rationnel ce matin.<\/p>\n<p>DES LIVRAISONS \u00c0 COURT TERME13:18<\/p>\n<p>Le pr\u00e9sident fran\u00e7ais a \u00e9voqu\u00e9 le rapprochement des industries de D\u00e9fense fran\u00e7aise et ukrainienne. Il a \u00e9num\u00e9r\u00e9 les livraisons envisag\u00e9es \u00ab\u00a0\u00e0 tr\u00e8s court terme\u00a0\u00bb comme les drones, ou bombes guid\u00e9es.\u00a0<\/p>\n<p>\u00c0 plus long terme, la commande d&rsquo;une centaine de Rafale s&rsquo;accompagnera d&rsquo;\u00e9l\u00e9ments d&rsquo;\u00e9quipement, de formation et de maintenance.<\/p>\n<p>\u00ab\u00a0LA RUSSIE A FAIT LE CHOIX DE LA GUERRE\u00a0\u00bb13:14<\/p>\n<p>Le pr\u00e9sident fran\u00e7ais a rappel\u00e9 l&rsquo;engagement de la France aux c\u00f4t\u00e9s de l&rsquo;Ukraine depuis le d\u00e9but de \u00ab\u00a0l&rsquo;agression russe\u00a0\u00bb en f\u00e9vrier 2022. \u00ab\u00a0La Russie poursuit l&rsquo;objectif de prendre le contr\u00f4le de votre territoire\u00a0\u00bb, a gliss\u00e9 Emmanuel Macron \u00e0 Volodymyr Zelensky.<\/p>\n<p>\u00ab\u00a0Nous demeurons ent\u00eat\u00e9s pour la paix\u00a0\u00bb, a-t-il encore affirm\u00e9, avant de confirmer la signature d&rsquo;une \u00ab\u00a0d\u00e9claration d&rsquo;intention sur l&rsquo;acquisition par l&rsquo;Ukraine d&rsquo;\u00e9quipement de D\u00e9fense\u00a0\u00bb.<\/p>\n<p>ZELENSKY \u00c0 L&rsquo;\u00c9LYS\u00c9E13:02<\/p>\n<p>Le pr\u00e9sident ukrainien Volodymyr Zelensky arrive au palais de l&rsquo;\u00c9lys\u00e9e. Il est accueilli par Emmanuel Macron. Les deux dirigeants vont tenir une conf\u00e9rence de presse dans quelques instants. \u00c0 suivre sur LCI (canal 15).<\/p>\n<p>QUEL CO\u00dbT ?12:47<\/p>\n<p>Le pr\u00e9sident ukrainien vient de commander 100 Rafale fran\u00e7ais pour \u00e9quiper l&rsquo;arm\u00e9e ukrainienne. Un contrat \u00ab\u00a0historique\u00a0\u00bb, dont le montant total n&rsquo;a pas encore \u00e9t\u00e9 r\u00e9v\u00e9l\u00e9. Le prix de base du fleuron de Dassault, et des contrats de vente ant\u00e9rieurs, permettent d&rsquo;\u00e9tablir une fourchette.<\/p>\n<p>International<img decoding=\"async\" src=\"https:\/\/www.europesays.com\/fr\/wp-content\/uploads\/2025\/11\/rafale-a-villacoublay-17-nov-2025-d4a760-2@1x.jpeg\" alt=\"Un avion Rafale sur le tarmac de Villacoublay, \u00e0 l'occasion de la visite en France de Volodymyr Zelensky\" loading=\"lazy\" importance=\"low\" fetchpriority=\"low\" class=\"\" aria-hidden=\"true\"\/>Publi\u00e9 aujourd&rsquo;hui \u00e0 12h45&Prime;UN MOMENT HISTORIQUE\u00a0\u00bb12:44<\/p>\n<p>Emmanuel Macron et Volodymyr Zelensky ont sign\u00e9 lundi 17 novembre un accord en vue de l&rsquo;achat de 100 avions de chasse Rafale \u00e0 la France. Au micro de LCI, le pr\u00e9sident ukrainien a salu\u00e9 \u00ab\u00a0un moment historique\u00a0\u00bb.<\/p>\n<p>International<img decoding=\"async\" src=\"https:\/\/www.europesays.com\/fr\/wp-content\/uploads\/2025\/11\/zelensky-macron-17-nov-a419c4-0@1x.jpeg\" alt=\"Zelensky et Macron signent un accord sur l'achat d'avions Rafale, le 17 novembre 2025.\" loading=\"lazy\" importance=\"low\" fetchpriority=\"low\" class=\"\" aria-hidden=\"true\"\/>Publi\u00e9 aujourd&rsquo;hui \u00e0 12h21PRISE DE VILLAGES UKRAINIENS PAR MOSCOU12:40<\/p>\n<p>Moscou a revendiqu\u00e9 lundi la prise de trois nouveaux villages sur la ligne de front orientale en Ukraine, o\u00f9 l&rsquo;arm\u00e9e russe poursuit sa lente progression face \u00e0 des forces ukrainiennes moins nombreuses. Alors que le pr\u00e9sident ukrainien Volodymyr Zelensky poursuit sa tourn\u00e9e chez ses alli\u00e9s europ\u00e9ens, Moscou revendique, village par village, la prise de nouveaux territoires tout le long du front Est.<\/p>\n<p>Le minist\u00e8re russe de la D\u00e9fense a ainsi d\u00e9clar\u00e9 lundi sur Telegram que les forces russes avaient pris le contr\u00f4le des villages de Platonivka dans la r\u00e9gion de Donetsk, de Dvoritchansk\u00e9 dans la r\u00e9gion de Kharkiv et de Ga\u00ef dans celle de Dnipropetrovsk. La veille, Moscou avait d\u00e9j\u00e0 revendiqu\u00e9 la prise de deux nouveaux villages dans la r\u00e9gion de Zaporijia (sud).<\/p>\n<p>MACRON : \u00ab\u00a0100 RAFALE, C&rsquo;EST \u00c9NORME\u00a0\u00bb12:34<\/p>\n<p>Emmanuel Macron s&rsquo;est confi\u00e9 \u00e0 TF1 sur l&rsquo;accord sign\u00e9 entre la France et l&rsquo;Ukraine : \u00ab\u00a0Ce qu&rsquo;on signe aujourd&rsquo;hui, ce sont des capacit\u00e9s pour le court terme\u00a0\u00bb, dit-il. \u00ab\u00a0On pr\u00e9voit 100 Rafale, c&rsquo;est \u00e9norme.\u00a0\u00bb<\/p>\n<p>Rafale : l&rsquo;interview d&rsquo;Emmanuel MacronSource : TF1 Info<\/p>\n<p><img decoding=\"async\" src=\"https:\/\/www.europesays.com\/fr\/wp-content\/uploads\/2025\/11\/rafale-l-interview-d-emmanuel-macron-d9c0ef-0@1x.jpeg\" alt=\"Rafale : l'interview d'Emmanuel Macron\" loading=\"lazy\" importance=\"low\" fetchpriority=\"low\" class=\"\"\/><img decoding=\"async\" src=\"https:\/\/www.tf1info.fr\/images\/icons\/player-logo-play.svg\" alt=\"Logo lecture\" class=\"jsx-d0de44c05fe3042c PlayerLazyload__Play\"\/>VOLODYMYR ZELENSKY R\u00c9POND \u00c0 LCI11:45<\/p>\n<p>\u00ab\u00a0C&rsquo;est un grand moment, historique\u00a0\u00bb, a d\u00e9clar\u00e9 le pr\u00e9sident ukrainien \u00e0 l&rsquo;envoy\u00e9 sp\u00e9cial de TF1-LCI. \u00ab\u00a0100 Rafale, c&rsquo;est une nouvelle \u00e9tape pour notre industrie, pour notre peuple\u00a0\u00bb. Un \u00e9change survenu quelques minutes apr\u00e8s la signature conjointe avec Emmanuel Macron, et que vous pouvez retrouver ci-dessous. \u2b07\ufe0f<\/p>\n<p>Commande de 100 Rafale : Volodymyr Zelensky s&rsquo;exprime sur LCISource : TF1 Info<\/p>\n<p><img decoding=\"async\" src=\"https:\/\/www.europesays.com\/fr\/wp-content\/uploads\/2025\/11\/commande-de-100-rafale-volodymyr-zelensky-s-exprime-sur-lci-d267eb-0@1x.jpeg\" alt=\"Commande de 100 Rafale : Volodymyr Zelensky s'exprime sur LCI\" loading=\"lazy\" importance=\"low\" fetchpriority=\"low\" class=\"\"\/><img decoding=\"async\" src=\"https:\/\/www.tf1info.fr\/images\/icons\/player-logo-play.svg\" alt=\"Logo lecture\" class=\"jsx-d0de44c05fe3042c PlayerLazyload__Play\"\/>SIGNATURE D&rsquo;UN ACCORD \u00ab\u00a0HISTORIQUE\u00a0\u00bb11:10<\/p>\n<p>Les pr\u00e9sidents fran\u00e7ais ont sign\u00e9 sous les yeux de la presse, sur le tarmac de la base a\u00e9rienne de Villacoublay, un accord pr\u00e9sent\u00e9 comme \u00ab\u00a0historique\u00a0\u00bb, qui porte vraisemblablement sur l&rsquo;acquisition de Rafale par l&rsquo;arm\u00e9e ukrainienne.<\/p>\n<p>\u00ab\u00a0Accord historique\u00a0\u00bb Kiev \/ Paris : la signature Source : TF1 Info<\/p>\n<p><img decoding=\"async\" src=\"https:\/\/www.europesays.com\/fr\/wp-content\/uploads\/2025\/11\/accord-historique-kiev-paris-la-signature-1a1351-0@1x.jpeg\" alt=\"&quot;Accord historique&quot; Kiev \/ Paris : la signature \" loading=\"lazy\" importance=\"low\" fetchpriority=\"low\" class=\"\"\/><img decoding=\"async\" src=\"https:\/\/www.tf1info.fr\/images\/icons\/player-logo-play.svg\" alt=\"Logo lecture\" class=\"jsx-d0de44c05fe3042c PlayerLazyload__Play\"\/>UN ACHAT DE 100 RAFALE11:09<\/p>\n<p>L&rsquo;Ukraine vient de passer une commande historique de 100 Rafale pour \u00e9quiper son arm\u00e9e, a annonc\u00e9 Volodymyr Zelensky \u00e0 Thomas Misrachi, de TF1-LCI, juste apr\u00e8s la signature du contrat sur la base de Villacoublay.<\/p>\n<p>ARRIV\u00c9E DE ZELENSKY10:23<\/p>\n<p>Emmanuel Macron a accueilli ce lundi matin Volodymyr Zelensky sur la base a\u00e9rienne de Villacoublay (Yvelines), avant la signature d&rsquo;un accord d&rsquo;armement qualifi\u00e9 d'\u00a0\u00bbhistorique\u00a0\u00bb par le pr\u00e9sident ukrainien pour \u00ab\u00a0renforcer\u00a0\u00bb l&rsquo;aviation de combat et la d\u00e9fense a\u00e9rienne de l&rsquo;Ukraine.<\/p>\n<p>Les industriels vont notamment pr\u00e9senter au dirigeant du pays en guerre depuis 2022 avec la Russie l&rsquo;avion de combat fran\u00e7ais Rafale et son armement, le syst\u00e8me de d\u00e9fense anti-a\u00e9rienne SAMP-T de nouvelle g\u00e9n\u00e9ration, ainsi que plusieurs syst\u00e8mes de drones. Une \u00ab\u00a0lettre d&rsquo;intention\u00a0\u00bb, dont la teneur pr\u00e9cise n&rsquo;a pas \u00e9t\u00e9 d\u00e9voil\u00e9e, doit ensuite \u00eatre sign\u00e9e.<\/p>\n<p>Il s&rsquo;agit selon la pr\u00e9sidence fran\u00e7aise de \u00ab\u00a0mettre l&rsquo;excellence fran\u00e7aise en mati\u00e8re d&rsquo;industrie d&rsquo;armement au service de la d\u00e9fense de l&rsquo;Ukraine\u00a0\u00bb et de \u00ab\u00a0permettre d&rsquo;acqu\u00e9rir les syst\u00e8mes qui lui sont n\u00e9cessaires pour r\u00e9pondre \u00e0 l&rsquo;agression russe\u00a0\u00bb.<\/p>\n<p><img decoding=\"async\" src=\"https:\/\/www.europesays.com\/fr\/wp-content\/uploads\/2025\/11\/volodymyr-zelensky-accueilli-par-emmanuel-macron-a-villacoublay-le-17-nov-2025-59bac1-0@1x.jpeg\" alt=\"Christophe Ena \/ POOL \/ AFP\" loading=\"lazy\" importance=\"low\" fetchpriority=\"low\" class=\"\"\/>Christophe Ena \/ POOL \/ AFPRENCONTRE MACRON-ZELENSKY10:12<\/p>\n<p>Le pr\u00e9sident fran\u00e7ais a accueilli son homologue ukrainien \u00e0 Villacoublay (Yvelines), un \u00e9v\u00e8nement suivi en direct par LCI. \u2b07\ufe0f<\/p>\n<p>Zelensky est arriv\u00e9 \u00e0 ParisSource : TF1 Info<\/p>\n<p><img decoding=\"async\" src=\"https:\/\/www.europesays.com\/fr\/wp-content\/uploads\/2025\/11\/zelensky-est-arrive-a-paris-818d27-0@1x.jpeg\" alt=\"Zelensky est arriv\u00e9 \u00e0 Paris\" loading=\"lazy\" importance=\"low\" fetchpriority=\"low\" class=\"\"\/><img decoding=\"async\" src=\"https:\/\/www.tf1info.fr\/images\/icons\/player-logo-play.svg\" alt=\"Logo lecture\" class=\"jsx-d0de44c05fe3042c PlayerLazyload__Play\"\/>PRODUCTION DU RAFALE10:07<\/p>\n<p>En juin dernier, une \u00e9quipe de TF1 avait pu acc\u00e9der aux coulisses de la production du Rafale. \u2b07\ufe0f\u00a0<\/p>\n<p>\u00c9conomie<img decoding=\"async\" src=\"https:\/\/www.europesays.com\/fr\/wp-content\/uploads\/2025\/11\/cap-jt-20h-tf1-avion-rafale-de-dassault-aviation-38c8bc-0@1x.jpeg\" alt=\"Dans les coulisses de la fabrication du Rafale, ce fleuron de l'industrie fran\u00e7aise de d\u00e9fense\" loading=\"lazy\" importance=\"low\" fetchpriority=\"low\" class=\"\" aria-hidden=\"true\"\/>Publi\u00e9 le 15 juin 2025 \u00e0 17h30RAFALE09:17<\/p>\n<p>L&rsquo;achat de Rafale par l&rsquo;arm\u00e9e ukrainienne doit \u00eatre au centre des discussions entre Emmanuel Macron et Volodymyr Zelensky, attendu incessamment \u00e0 l&rsquo;a\u00e9roport de V\u00e9lizy-Villacoublay (Yvelines). Les explications de Gwendoline Debono, envoy\u00e9e sp\u00e9ciale de LCI \u00e0 Kiev\u2b07\ufe0f.<\/p>\n<p>Zelensky attendu \u00e0 Paris pour acheter des Rafale ?Source : TF1 Info<\/p>\n<p><img decoding=\"async\" src=\"https:\/\/www.europesays.com\/fr\/wp-content\/uploads\/2025\/11\/zelensky-attendu-a-paris-pour-acheter-des-rafale-1a8580-0@1x.jpg\" alt=\"Zelensky attendu \u00e0 Paris pour acheter des Rafale ?\" loading=\"lazy\" class=\"jsx-d0de44c05fe3042c PlayerLazyload__Image\"\/><img decoding=\"async\" src=\"https:\/\/www.tf1info.fr\/images\/icons\/player-logo-play.svg\" alt=\"Logo lecture\" class=\"jsx-d0de44c05fe3042c PlayerLazyload__Play\"\/>R\u00c9GION D&rsquo;ODESSA08:03<\/p>\n<p>Une attaque massive de drones russes aurait touch\u00e9 cette nuit la r\u00e9gion d&rsquo;Odessa, selon Hromadske TV, qui cite le ministre ukrainien des Infrastructures. \u00ab\u00a0L&rsquo;attaque a endommag\u00e9 des \u00e9quipements portuaires et plusieurs navires civils \u00e0 proximit\u00e9 des quais\u00a0\u00bb du port d&rsquo;Odessa, rapporte la cha\u00eene ukrainienne.<\/p>\n<blockquote data-testid=\"EmbedTwitter\" id=\"tweet-1990312996149866782-:Red4jb9cpd6j979m:\" class=\"jsx-aeff1a1c40f54d7a twitter-tweet flex justify-center items-center\"><p>\u0440\u043e\u0441\u0456\u044f\u043d\u0438 \u0430\u0442\u0430\u043a\u0443\u0432\u0430\u043b\u0438 \u043f\u043e\u0440\u0442\u043e\u0432\u0443 \u0442\u0430 \u0435\u043d\u0435\u0440\u0433\u0435\u0442\u0438\u0447\u043d\u0443 \u0456\u043d\u0444\u0440\u0430\u0441\u0442\u0440\u0443\u043a\u0442\u0443\u0440\u0443 \u041e\u0434\u0435\u0441\u044c\u043a\u043e\u0457 \u043e\u0431\u043b\u0430\u0441\u0442\u0456. \u041f\u043e\u0448\u043a\u043e\u0434\u0436\u0435\u043d\u043e \u043f\u043e\u0440\u0442\u043e\u0432\u0435 \u043e\u0431\u043b\u0430\u0434\u043d\u0430\u043d\u043d\u044f \u0442\u0430 \u043a\u0456\u043b\u044c\u043a\u0430 \u0446\u0438\u0432\u0456\u043b\u044c\u043d\u0438\u0445 \u0441\u0443\u0434\u0435\u043d. \u0412\u0456\u0434\u043e\u043c\u043e \u043f\u0440\u043e \u043e\u0434\u043d\u043e\u0433\u043e \u043f\u043e\u0441\u0442\u0440\u0430\u0436\u0434\u0430\u043b\u043e\u0433\u043e  https:\/\/t.co\/5PVucHxIs8 \u2014 hromadske (@HromadskeUA)  November 17, 2025<\/p><\/blockquote>\n<p>DES RAFALE POUR KIEV ?06:34<\/p>\n<p>Le pr\u00e9sident ukrainien, qui a sign\u00e9 le mois dernier une lettre d&rsquo;intention en vue d&rsquo;acqu\u00e9rir 100 \u00e0 150 avions de chasse su\u00e9dois Gripen, se verra pr\u00e9senter l&rsquo;avion de combat fran\u00e7ais Rafale et son armement, ainsi que des syst\u00e8mes de drones et le syst\u00e8me de d\u00e9fense anti-a\u00e9rienne SAMP-T de nouvelle g\u00e9n\u00e9ration.<\/p>\n<p>Macron va-t-il livrer des Rafale \u00e0 l&rsquo;Ukraine ?Source : TF1 Info<\/p>\n<p><img decoding=\"async\" src=\"https:\/\/www.europesays.com\/fr\/wp-content\/uploads\/2025\/11\/macron-va-t-il-livrer-des-rafale-a-l-ukraine-52cca3-0@1x.jpeg\" alt=\"Macron va-t-il livrer des Rafale \u00e0 l'Ukraine ?\" loading=\"lazy\" importance=\"low\" fetchpriority=\"low\" class=\"\"\/><img decoding=\"async\" src=\"https:\/\/www.tf1info.fr\/images\/icons\/player-logo-play.svg\" alt=\"Logo lecture\" class=\"jsx-d0de44c05fe3042c PlayerLazyload__Play\"\/>VOLODYMYR ZELENSKY \u00c0 PARIS06:12<\/p>\n<p>Les pr\u00e9sidents ukrainien et fran\u00e7ais Volodymyr Zelensky et Emmanuel Macron se retrouvent lundi \u00e0 Paris pour discuter des besoins militaires de Kiev et de la coop\u00e9ration des industries de d\u00e9fense des deux pays, le dirigeant ukrainien \u00e9voquant un \u00ab\u00a0accord majeur en pr\u00e9paration\u00a0\u00bb. Voici le programme de cette visite, la neuvi\u00e8me depuis le d\u00e9but de la guerre.<\/p>\n<p>International<img decoding=\"async\" src=\"https:\/\/www.europesays.com\/fr\/wp-content\/uploads\/2025\/11\/zelensky-macron-elysee-10-10-24-25-203cdf-0@1x.jpeg\" alt=\"Emmanuel Macron re\u00e7oit Volodymyr Zelensky lundi \u00e0 Paris : voici le programme de leur rencontre\" loading=\"lazy\" importance=\"low\" fetchpriority=\"low\" class=\"\" aria-hidden=\"true\"\/>TROIS MORTS DANS L&rsquo;EST DE L&rsquo;UKRAINE06:10<\/p>\n<p>Des frappes russes ont tu\u00e9 au moins trois personnes dans la r\u00e9gion ukrainienne de Kharkiv (est) au cours de la nuit, ont annonc\u00e9 les autorit\u00e9s locales lundi matin. \u00ab\u00a0L&rsquo;ennemi a lanc\u00e9 des frappes de missile sur la ville de Balakliya\u00a0\u00bb, endommageant des immeubles d&rsquo;appartements et des v\u00e9hicules, a indiqu\u00e9 le chef de l&rsquo;administration militaire de la r\u00e9gion de Kharkiv Oleg Synegoubov sur le r\u00e9seau social Telegram.<\/p>\n<p>\u00ab\u00a0Selon de premi\u00e8res informations, trois personnes ont \u00e9t\u00e9 tu\u00e9es\u00a0\u00bb et au moins dix autres bless\u00e9es, dont plusieurs enfants, dans cette attaque nocturne, a ensuite d\u00e9plor\u00e9 sur Telegram Vitalii Karabanov, \u00e0 la t\u00eate de l&rsquo;administration militaire de Balakliya.<\/p>\n<p>BONJOUR06:08<\/p>\n<p>Bienvenue dans ce direct consacr\u00e9 \u00e0 l&rsquo;actualit\u00e9 de la guerre en Ukraine, d\u00e9but\u00e9e il y a plus de trois ans apr\u00e8s l&rsquo;invasion des troupes russes de Vladimir Poutine. Suivez ici, tout au long de la journ\u00e9e, les derni\u00e8res actualit\u00e9s, mais aussi les \u00e9clairages de nos sp\u00e9cialistes et envoy\u00e9s sp\u00e9ciaux.<\/p>\n<p data-module=\"article-paragraph\" class=\"jsx-3046738180 Paragraph\">Une 9\u1d49 visite pour une signature \u00ab\u00a0historique\u00a0\u00bb ? Le pr\u00e9sident ukrainien Volodymyr Zelensky est \u00e0 Paris, ce lundi 16 novembre. Il sera re\u00e7u d\u00e8s 9h30 du matin <a href=\"https:\/\/www.tf1info.fr\/international\/guerre-ukraine-russie-emmanuel-macron-recoit-volodymyr-zelensky-lundi-a-paris-voici-le-programme-de-leur-rencontre-2407044.html\" target=\"_blank\" rel=\"noopener\">par son homologue fran\u00e7ais Emmanuel Macron<\/a>. Une entrevue qui doit permettre de \u00ab\u00a0r\u00e9affirmer l&rsquo;engagement de la France aux c\u00f4t\u00e9s de l&rsquo;Ukraine\u00a0\u00bb et \u00ab\u00a0d&rsquo;entretenir la dynamique du travail engag\u00e9 sur la question des garanties de s\u00e9curit\u00e9\u00a0\u00bb dans le cadre de la \u00ab\u00a0coalition des (pays) volontaires\u00a0\u00bb en soutien de Kiev.<\/p>\n<p data-module=\"article-paragraph\" class=\"jsx-3046738180 Paragraph Paragraph__End\">Les deux hommes commenceront leur journ\u00e9e \u00a0par un d\u00e9placement sur la base a\u00e9rienne militaire de Villacoublay, au sud-ouest de la capitale, pour \u00e9voquer les moyens \u00ab\u00a0d&rsquo;aller encore plus loin pour permettre \u00e0 l&rsquo;Ukraine de se d\u00e9fendre\u00a0\u00bb, a expliqu\u00e9 \u00e0 la presse la pr\u00e9sidence. Des <a href=\"https:\/\/www.tf1info.fr\/international\/guerre-ukraine-russie-emmanuel-macron-recoit-volodymyr-zelensky-lundi-a-paris-de-quoi-vont-ils-parler-2406742.html\" target=\"_blank\" rel=\"noopener\">annonces de nouvelles aides ou coop\u00e9rations en mati\u00e8re d&rsquo;armements<\/a> sont ainsi possibles, dont une concernant les Rafale fran\u00e7ais.<\/p>\n<p data-module=\"article-paragraph\" class=\"jsx-3046738180 Paragraph Paragraph__End\">Sur X, Volodymyr Zelensky a en effet affirm\u00e9, dimanche, avoir conclu un \u00ab\u00a0accord historique\u00a0\u00bb avec la France qui \u00ab\u00a0pr\u00e9voit un renforcement significatif de notre aviation de combat, de notre d\u00e9fense a\u00e9rienne et de nos autres capacit\u00e9s de d\u00e9fense\u00a0\u00bb. Depuis des mois, le pr\u00e9sident ukrainien tente en effet d&rsquo;acqu\u00e9rir de nouveaux avions de combat pour constituer une flotte de 250 engins dans le futur. Il avait ainsi d\u00e9j\u00e0 indiqu\u00e9 mener \u00ab\u00a0trois discussions parall\u00e8les avec les Su\u00e9dois, les Fran\u00e7ais et les Am\u00e9ricains\u00a0\u00bb.\u00a0<\/p>\n<p><a href=\"https:\/\/www.tf1info.fr\/international\/video-drones-russes-au-coeur-de-la-mission-des-rafale-francais-charges-de-surveiller-le-ciel-polonais-2395186.html\" rel=\"noopener\" class=\"jsx-3308031228 Link flex\" target=\"_blank\"><img decoding=\"async\" src=\"https:\/\/www.europesays.com\/fr\/wp-content\/uploads\/2025\/11\/jta-rafales-mission-otan-pologne-3bbb10-0@1x.jpeg\" alt=\"Les Rafale fran\u00e7ais missionn\u00e9s en Pologne\" loading=\"lazy\" importance=\"low\" fetchpriority=\"low\" class=\"\" aria-hidden=\"true\"\/><\/p>\n<p class=\"jsx-3657663356 ReadMoreArticle__Title\">Lire aussi<\/p>\n<p class=\"jsx-3657663356\">Drones russes : au c\u0153ur de la mission des Rafale fran\u00e7ais charg\u00e9s de surveiller le ciel polonais<\/p>\n<p><\/a><\/p>\n<p data-module=\"article-paragraph\" class=\"jsx-3046738180 Paragraph Paragraph__End\">La r\u00e9ponse devrait intervenir lors d&rsquo;une conf\u00e9rence de presse que tiendront les deux hommes \u00e0 la mi-journ\u00e9e apr\u00e8s la signature, \u00e0 partir de 12h30, de plusieurs accords. \u00c0 la suite de cette visite, Volodymyr Zelensky devrait poursuivre ses \u00e9changes avec ses partenaires europ\u00e9ens. Apr\u00e8s la Gr\u00e8ce dimanche, la France lundi, il se rendra en Espagne, \u00e0 Madrid, mardi, o\u00f9 il rencontrera notamment les repr\u00e9sentants des deux chambres du Parlement espagnol.<\/p>\n<p>La r\u00e9daction de TF1info<\/p>\n","protected":false},"excerpt":{"rendered":"Le pr\u00e9sident ukrainien est en visite \u00e0 Paris ce lundi, re\u00e7u par son homologue fran\u00e7ais Emmanuel Macron. Volodymyr&hellip;\n","protected":false},"author":2,"featured_media":540214,"comment_status":"","ping_status":"","sticky":false,"template":"","format":"standard","meta":{"footnotes":""},"categories":[1591],"tags":[65847,1111,11,1921,1073,1887,1922,12,2543,1885,1886,132,220,1917,133,1920,134],"class_list":{"0":"post-540213","1":"post","2":"type-post","3":"status-publish","4":"format-standard","5":"has-post-thumbnail","7":"category-russie","8":"tag-accord-historique-entre-la-france-et-lukraine-sur-lachat-davions-rafale","9":"tag-actu","10":"tag-actualites","11":"tag-article-video","12":"tag-emmanuel-macron","13":"tag-federation-de-russie","14":"tag-info","15":"tag-news","16":"tag-relations-internationales","17":"tag-russia","18":"tag-russian-federation","19":"tag-russie","20":"tag-ukraine","21":"tag-ukraine-4-annee-de-guerre","22":"tag-video","23":"tag-video-international","24":"tag-volodymyr-zelensky"},"share_on_mastodon":{"url":"https:\/\/pubeurope.com\/@fr\/115565035703991419","error":""},"_links":{"self":[{"href":"https:\/\/www.europesays.com\/fr\/wp-json\/wp\/v2\/posts\/540213","targetHints":{"allow":["GET"]}}],"collection":[{"href":"https:\/\/www.europesays.com\/fr\/wp-json\/wp\/v2\/posts"}],"about":[{"href":"https:\/\/www.europesays.com\/fr\/wp-json\/wp\/v2\/types\/post"}],"author":[{"embeddable":true,"href":"https:\/\/www.europesays.com\/fr\/wp-json\/wp\/v2\/users\/2"}],"replies":[{"embeddable":true,"href":"https:\/\/www.europesays.com\/fr\/wp-json\/wp\/v2\/comments?post=540213"}],"version-history":[{"count":0,"href":"https:\/\/www.europesays.com\/fr\/wp-json\/wp\/v2\/posts\/540213\/revisions"}],"wp:featuredmedia":[{"embeddable":true,"href":"https:\/\/www.europesays.com\/fr\/wp-json\/wp\/v2\/media\/540214"}],"wp:attachment":[{"href":"https:\/\/www.europesays.com\/fr\/wp-json\/wp\/v2\/media?parent=540213"}],"wp:term":[{"taxonomy":"category","embeddable":true,"href":"https:\/\/www.europesays.com\/fr\/wp-json\/wp\/v2\/categories?post=540213"},{"taxonomy":"post_tag","embeddable":true,"href":"https:\/\/www.europesays.com\/fr\/wp-json\/wp\/v2\/tags?post=540213"}],"curies":[{"name":"wp","href":"https:\/\/api.w.org\/{rel}","templated":true}]}}