{"id":540220,"date":"2025-11-17T12:30:19","date_gmt":"2025-11-17T12:30:19","guid":{"rendered":"https:\/\/www.europesays.com\/fr\/540220\/"},"modified":"2025-11-17T12:30:19","modified_gmt":"2025-11-17T12:30:19","slug":"lallemagne-leve-ses-restrictions-a-lexportation-darmes-vers-israel","status":"publish","type":"post","link":"https:\/\/www.europesays.com\/fr\/540220\/","title":{"rendered":"L\u2019Allemagne l\u00e8ve ses restrictions \u00e0 l\u2019exportation d\u2019armes vers Isra\u00ebl"},"content":{"rendered":"<p style=\"text-align: left\">Il y a trois mois et demi, le 8 ao\u00fbt, l\u2019Allemagne <a href=\"https:\/\/www.euractiv.com\/news\/germany-suspends-some-weapon-exports-to-israel-in-response-to-gaza-decision\/\" target=\"_blank\" rel=\"noopener nofollow\">avait d\u00e9cid\u00e9 de suspendre<\/a> toute livraison d\u2019armes vers Isra\u00ebl en r\u00e9action \u00e0 la d\u00e9cision de Tel-Aviv de poursuivre son offensive dans la bande de Gaza. Quelques heures plus t\u00f4t, le cabinet de s\u00e9curit\u00e9 isra\u00e9lien <a href=\"https:\/\/www.euractiv.com\/news\/israel-to-take-control-of-gaza-city-after-approving-new-war-plan\/\" target=\"_blank\" rel=\"noopener nofollow\">avait donn\u00e9 son feu vert<\/a> \u00e0 une op\u00e9ration visant \u00e0 prendre le contr\u00f4le de la ville de Gaza.<\/p>\n<p style=\"text-align: left\">Stefan Kornelius, porte-parole du gouvernement allemand, a d\u00e9clar\u00e9 ce lundi qu\u2019en ce qui concerne les exportations d\u2019armes, l\u2019Allemagne allait d\u00e9sormais \u00ab\u2009revenir \u00e0 l\u2019examen individuel de chaque cas et r\u00e9agir aux d\u00e9veloppements ult\u00e9rieurs\u2009\u00bb. Une pratique qui est la norme pour les exportations d\u2019armes allemandes.<\/p>\n<p style=\"text-align: left\">L\u2019interdiction sera lev\u00e9e \u00e0 compter du 24 novembre, a ajout\u00e9 le porte-parole. Le cessez-le-feu entre Isra\u00ebl et le Hamas palestinien s\u2019est \u00ab\u2009stabilis\u00e9 ces derni\u00e8res semaines\u2009\u00bb et les efforts en faveur d\u2019une paix durable ainsi que l\u2019aide humanitaire se poursuivent, a-t-il affirm\u00e9.<\/p>\n<p style=\"text-align: left\">Les experts <a href=\"https:\/\/euractiv.fr\/news\/armes-vers-israel-en-allemagne-un-embargo-aux-contours-flous\/\" target=\"_blank\" rel=\"noopener nofollow\">estiment<\/a> que les liens profonds et de longue date entre les fabricants d\u2019armes allemands et l\u2019arm\u00e9e isra\u00e9lienne ne devraient pas \u00eatre gravement affect\u00e9s par la d\u00e9cision de suspension.<\/p>\n<p style=\"text-align: left\">Les d\u00e9tails concernant les exportations d\u2019armes allemandes sont en grande partie confidentiels, les licences d\u2019exportation \u00e9tant approuv\u00e9es secr\u00e8tement par le Conseil national de s\u00e9curit\u00e9 allemand, qui si\u00e8ge au niveau du cabinet. Au-del\u00e0 des chiffres semestriels sur la valeur totale des exportations de produits de d\u00e9fense, peu d\u2019informations sont officiellement divulgu\u00e9es.<\/p>\n<p style=\"text-align: left\">L\u2019Allemagne a d\u00e9livr\u00e9 des licences d\u2019exportation d\u2019armes pour un montant total d\u2019environ 326 millions d\u2019euros \u00e0 Isra\u00ebl en 2023, soit pr\u00e8s de dix fois plus que l\u2019ann\u00e9e pr\u00e9c\u00e9dente, apr\u00e8s un processus d\u2019approbation prioritaire \u00e0 la suite des attaques du 7 octobre. Un montant suppl\u00e9mentaire de 161 millions d\u2019euros a \u00e9t\u00e9 approuv\u00e9 en 2024.<\/p>\n<p style=\"text-align: left\">Au cours du premier semestre\u00a02025, le pays europ\u00e9en a export\u00e9 pour environ 90\u00a0millions d\u2019euros d\u2019armes vers Isra\u00ebl, selon les chiffres du minist\u00e8re de l\u2019\u00c9conomie. Les livraisons comprenaient des armes \u00e0 feu, des munitions, des pi\u00e8ces d\u2019armes, des \u00e9quipements sp\u00e9ciaux pour l\u2019arm\u00e9e et la marine, des appareils \u00e9lectroniques et des v\u00e9hicules blind\u00e9s sp\u00e9ciaux, selon les informations obtenues par le parti de gauche Die Linke dans le cadre d\u2019<a href=\"https:\/\/www.bundestag.de\/presse\/hib\/kurzmeldungen-1082536\" target=\"_blank\" rel=\"noopener nofollow\">une enqu\u00eate parlementaire<\/a>.<\/p>\n","protected":false},"excerpt":{"rendered":"Il y a trois mois et demi, le 8 ao\u00fbt, l\u2019Allemagne avait d\u00e9cid\u00e9 de suspendre toute livraison d\u2019armes&hellip;\n","protected":false},"author":2,"featured_media":540221,"comment_status":"","ping_status":"","sticky":false,"template":"","format":"standard","meta":{"footnotes":""},"categories":[1587],"tags":[11,672,1804,1805,1803,1777,674,1801,12,1802],"class_list":{"0":"post-540220","1":"post","2":"type-post","3":"status-publish","4":"format-standard","5":"has-post-thumbnail","7":"category-allemagne","8":"tag-actualites","9":"tag-allemagne","10":"tag-bundesrepublik-deutschland","11":"tag-de","12":"tag-deutschland","13":"tag-eu","14":"tag-europe","15":"tag-germany","16":"tag-news","17":"tag-republique-federale-dallemagne"},"share_on_mastodon":{"url":"https:\/\/pubeurope.com\/@fr\/115565050367829668","error":""},"_links":{"self":[{"href":"https:\/\/www.europesays.com\/fr\/wp-json\/wp\/v2\/posts\/540220","targetHints":{"allow":["GET"]}}],"collection":[{"href":"https:\/\/www.europesays.com\/fr\/wp-json\/wp\/v2\/posts"}],"about":[{"href":"https:\/\/www.europesays.com\/fr\/wp-json\/wp\/v2\/types\/post"}],"author":[{"embeddable":true,"href":"https:\/\/www.europesays.com\/fr\/wp-json\/wp\/v2\/users\/2"}],"replies":[{"embeddable":true,"href":"https:\/\/www.europesays.com\/fr\/wp-json\/wp\/v2\/comments?post=540220"}],"version-history":[{"count":0,"href":"https:\/\/www.europesays.com\/fr\/wp-json\/wp\/v2\/posts\/540220\/revisions"}],"wp:featuredmedia":[{"embeddable":true,"href":"https:\/\/www.europesays.com\/fr\/wp-json\/wp\/v2\/media\/540221"}],"wp:attachment":[{"href":"https:\/\/www.europesays.com\/fr\/wp-json\/wp\/v2\/media?parent=540220"}],"wp:term":[{"taxonomy":"category","embeddable":true,"href":"https:\/\/www.europesays.com\/fr\/wp-json\/wp\/v2\/categories?post=540220"},{"taxonomy":"post_tag","embeddable":true,"href":"https:\/\/www.europesays.com\/fr\/wp-json\/wp\/v2\/tags?post=540220"}],"curies":[{"name":"wp","href":"https:\/\/api.w.org\/{rel}","templated":true}]}}