{"id":540234,"date":"2025-11-17T12:38:11","date_gmt":"2025-11-17T12:38:11","guid":{"rendered":"https:\/\/www.europesays.com\/fr\/540234\/"},"modified":"2025-11-17T12:38:11","modified_gmt":"2025-11-17T12:38:11","slug":"mais-de-qui-au-juste-parle-galthie","status":"publish","type":"post","link":"https:\/\/www.europesays.com\/fr\/540234\/","title":{"rendered":"mais de qui au juste parle Galthi\u00e9\u00a0?"},"content":{"rendered":"<p>                    Par<br \/>\n        <strong><br \/>\n            <a href=\"https:\/\/actu.fr\/auteur\/clement-mazella\" title=\"Consulter tous les articles de Cl\u00e9ment Mazella\" target=\"_blank\" rel=\"noopener\">Cl\u00e9ment Mazella<\/a><br \/>\n                    <\/strong><\/p>\n<p>        Publi\u00e9 le<\/p>\n<p>            17 nov. 2025 \u00e0 12h32        <\/p>\n<p>Depuis le d\u00e9but des tests de novembre, Fabien Galthi\u00e9 affiche une tr\u00e8s \u00e9tonnante \u00ab\u00a0positive attitude\u00a0\u00bb malgr\u00e9 une d\u00e9faite face \u00e0 l\u2019Afrique Sud (17-32) et une performance m\u00e9diocre contre les Fidji (34-21). \u00c0 chaud, au sortir de la victoire contre les joueurs du Pacifique, le s\u00e9lectionneur du <a href=\"https:\/\/actu.fr\/rugby\/xv-de-france\" target=\"_blank\" rel=\"noopener\">XV de France<\/a>, qui a point\u00e9 du doigt un manque de v\u00e9cu collectif au contraire de son adversaire, a aussi mis en avant <strong>les tr\u00e8s nombreux bless\u00e9s<\/strong>.<\/p>\n<p class=\" wall-content\">\u00ab\u00a0On a une \u00e9quipe enti\u00e8re sur le flanc\u00a0\u00bb, a-t-il notamment souffl\u00e9 au micro de TF1. Une \u00e9quipe enti\u00e8re, vraiment ? On s\u2019est pench\u00e9 sur ses propos pour voir si l\u2019ancien capitaine du XV de France n\u2019exag\u00e9rait pas un peu.\u00a0<\/p>\n<p>XV de France : qui sont les absents ?<\/p>\n<p class=\" wall-content\">Au sein du pack, difficile de donner tord \u00e0 Galthi\u00e9 : <strong>Erdocio, Mauvaka, Atonio, Tatafu, Flament, Meafou, Guillard, Cros<\/strong>, voire <strong>Brennan<\/strong> et <strong>Nouchi<\/strong> faisaient d\u00e9faut. Seraient-ils tous titulaires ? Pour Atonio, Cros, Flament et Meafou\/Guillard, on peut r\u00e9pondre par l\u2019affirmatif. Au sujet de Mauvaka, cela rel\u00e8ve plus de l\u2019appr\u00e9ciation \u00e0 un poste de talonneur ou Julien Marchand op\u00e8re en Bleu depuis des ann\u00e9es.<\/p>\n<p class=\" wall-content\">Concernant Erdocio, Tatafu, Brennan et Nouchi, nous sommes plus sur des doublures. Et vu la densit\u00e9 qu\u2019il y a en 3e ligne, avec les Jelonch, Boudehent, Alldritt, Jegou voire Ollivon, pas s\u00fbr que le Toulousain et le Montpellierain seraient parmi les 23 de la feuille de match.<\/p>\n<p>Dupont et Moefana, seuls titulaires derri\u00e8re<\/p>\n<p class=\" wall-content\">Derri\u00e8re ? Les absents semblent bien moins nombreux. Forc\u00e9ment, l\u2019absence d\u2019<strong>Antoine Dupont<\/strong> p\u00e8se lourd. Il ne faut pas n\u00e9gliger non plus celle du Bordelais <strong>Yoram Moefana<\/strong>, tant celui-ci \u00e9tait mont\u00e9 en puissance ces derniers mois en Bleu.\u00a0<\/p>\n<p class=\" wall-content\">Le reste ? Forc\u00e9ment, le nom de <strong>Matthieu Jalibert<\/strong> est sur toutes les l\u00e8vres, avec ce fameux d\u00e9bat l\u2019opposant \u00e0 Romain Ntamack. Mais aux yeux du staff tricolore, le Bordelais, forfait en raison d\u2019<a href=\"https:\/\/actu.fr\/sports\/rugby\/xv-de-france\/xv-de-france-matthieu-jalibert-devrait-manquer-tous-les-tests-de-novembre_63357059.html\" target=\"_blank\" rel=\"noopener\">un p\u00e9pin \u00e0 une cuisse<\/a>, est au mieux une doublure, et une configuration du banc en 6-2 ne plaide clairement pas en sa faveur.<\/p>\n<p class=\" wall-content\">\u00ab\u00a0Aujourd\u2019hui, le XV de France joue beaucoup autour de son n\u00b09. Les joueurs se projettent \u00e0 4, 5 ou 6 au milieu du terrain, et le n\u00b010 des Bleus ne touche le ballon que sur la 3e passe. Il a beaucoup moins d\u2019affluence. Alors que Jalibert, c\u2019est un maestro, il a besoin de toucher le ballon, d\u2019attaquer. Et il est moins enclin \u00e0 \u00eatre patient que Ntamack. Jalibert est le plus talentueux de tous, j\u2019en suis presque s\u00fbr. Mais son jeu ne correspond pas \u00e0 celui de l\u2019\u00e9quipe de France\u00a0\u00bb, argumentait de mani\u00e8re pertinente Jean-Baptiste \u00c9lissalde sur Sud Radio.\u00a0<\/p>\n<p class=\" wall-content\">\n<p class=\" wall-content\">\u00c0 l\u2019infirmerie, signalons \u00e9galement <a href=\"https:\/\/actu.fr\/sports\/rugby\/pro\/villiere-forfait-avec-les-bleus-skelton-repart-les-6-infos-rugby-qu-il-ne-fallait-pas-louper-aujourd-hui_63196465.html\" target=\"_blank\" rel=\"noopener\">les pr\u00e9sences de <strong>Gabin Villi\u00e8re<\/strong><\/a> et <strong><a href=\"https:\/\/actu.fr\/nouvelle-aquitaine\/pau_64445\/la-tuile-pour-pau-et-le-xv-de-france-theo-attissogbe-ne-rejouera-pas-en-2025_63208165.html\" target=\"_blank\" rel=\"noopener\">Th\u00e9o Attissogbe<\/a><\/strong>, alors que <strong>Romain Buros<\/strong> vient tout juste de refaire son retour \u00e0 la comp\u00e9tition. Arriveraient-ils \u00e0 s\u2019inviter parmi le triangle d\u2019attaque LBB-Ramos-Penaud ? On en doute fort.\u00a0<\/p>\n<p>Votre r\u00e9gion, votre actu !<\/p>\n<p>Recevez chaque jour les infos qui comptent pour vous.<\/p>\n<p>\t<a href=\"https:\/\/actu.fr\/newsletter\" class=\"ac-btn ac-btn--corner ac-btn--medium ac-btn--blue800\" target=\"_blank\" rel=\"noopener\">S&rsquo;incrire<\/a><\/p>\n<p class=\" wall-content\">Quoi qu\u2019il en soit, \u00e7a fait du monde en moins. \u00ab\u00a0Une \u00e9quipe enti\u00e8re\u00a0\u00bb, comme le dit Galthi\u00e9 ? Presque. Mais seulement la moiti\u00e9 sont des titulaires.\u00a0\u00ab\u00a0\u00c7a donne l\u2019opportunit\u00e9 \u00e0 des jeunes de venir travailler avec nous et de prendre leur chance quand \u00e7a s\u2019ouvre\u00a0\u00bb, a r\u00e9agi le s\u00e9lectionneur des Bleus. Une mani\u00e8re de positiver, encore.<\/p>\n<p>XV de France : le possible XV des absents<\/p>\n<p>Buros ; Attissogbe, ?, Moefana, Villi\u00e8re ; (o) Jalibert, (m) Dupont ; Nouchi*, Guillard, Cros ; Meafou*, Flament* ; Atonio, Mauvaka, Erdocio.<\/p>\n<p>* ils sont de retour dans le groupe contre l&rsquo;Australie. Barassi se rajoute alors au centre, et Boudehent en 3e ligne.<\/p>\n<p class=\" wall-content\">Personnalisez votre actualit\u00e9 en ajoutant vos villes et m\u00e9dias en favori avec <a href=\"https:\/\/moncompte.actu.fr\" title=\"D\u00e9couvez Mon Actu\" rel=\"nofollow noopener\" data-trk=\"{&quot;cta&quot;:{&quot;action&quot;:&quot;https:\\\/\\\/moncompte.actu.fr&quot;,&quot;category&quot;:&quot;mon compte&quot;,&quot;from&quot;:&quot;article footer&quot;,&quot;name&quot;:&quot;Mon actu&quot;,&quot;type&quot;:&quot;cta&quot;}}\" target=\"_blank\">Mon Actu<\/a>.<\/p>\n","protected":false},"excerpt":{"rendered":"Par Cl\u00e9ment Mazella Publi\u00e9 le 17 nov. 2025 \u00e0 12h32 Depuis le d\u00e9but des tests de novembre, Fabien&hellip;\n","protected":false},"author":2,"featured_media":540235,"comment_status":"","ping_status":"","sticky":false,"template":"","format":"standard","meta":{"footnotes":""},"categories":[1416],"tags":[515,1011,27,479,1468,60,513],"class_list":{"0":"post-540234","1":"post","2":"type-post","3":"status-publish","4":"format-standard","5":"has-post-thumbnail","7":"category-rugby","8":"tag-fabien-galthie","9":"tag-fr","10":"tag-france","11":"tag-rugby","12":"tag-rugby-football","13":"tag-sports","14":"tag-xv-de-france"},"share_on_mastodon":{"url":"https:\/\/pubeurope.com\/@fr\/115565081784725768","error":""},"_links":{"self":[{"href":"https:\/\/www.europesays.com\/fr\/wp-json\/wp\/v2\/posts\/540234","targetHints":{"allow":["GET"]}}],"collection":[{"href":"https:\/\/www.europesays.com\/fr\/wp-json\/wp\/v2\/posts"}],"about":[{"href":"https:\/\/www.europesays.com\/fr\/wp-json\/wp\/v2\/types\/post"}],"author":[{"embeddable":true,"href":"https:\/\/www.europesays.com\/fr\/wp-json\/wp\/v2\/users\/2"}],"replies":[{"embeddable":true,"href":"https:\/\/www.europesays.com\/fr\/wp-json\/wp\/v2\/comments?post=540234"}],"version-history":[{"count":0,"href":"https:\/\/www.europesays.com\/fr\/wp-json\/wp\/v2\/posts\/540234\/revisions"}],"wp:featuredmedia":[{"embeddable":true,"href":"https:\/\/www.europesays.com\/fr\/wp-json\/wp\/v2\/media\/540235"}],"wp:attachment":[{"href":"https:\/\/www.europesays.com\/fr\/wp-json\/wp\/v2\/media?parent=540234"}],"wp:term":[{"taxonomy":"category","embeddable":true,"href":"https:\/\/www.europesays.com\/fr\/wp-json\/wp\/v2\/categories?post=540234"},{"taxonomy":"post_tag","embeddable":true,"href":"https:\/\/www.europesays.com\/fr\/wp-json\/wp\/v2\/tags?post=540234"}],"curies":[{"name":"wp","href":"https:\/\/api.w.org\/{rel}","templated":true}]}}