{"id":540238,"date":"2025-11-17T12:43:13","date_gmt":"2025-11-17T12:43:13","guid":{"rendered":"https:\/\/www.europesays.com\/fr\/540238\/"},"modified":"2025-11-17T12:43:13","modified_gmt":"2025-11-17T12:43:13","slug":"cc-championnat-deurope-masters-classements-actualite","status":"publish","type":"post","link":"https:\/\/www.europesays.com\/fr\/540238\/","title":{"rendered":"CC &#8211; Championnat d&rsquo;Europe &#8211; Masters : Classements &#8211; Actualit\u00e9"},"content":{"rendered":"<p style=\"text-align: justify;\">Le Championnat d&rsquo;Europe Masters de cyclo-cross s&rsquo;est disput\u00e9 vendredi 14 et dimanche 16 novembre \u00e0 Samorin (Slovaquie). Pier Filippo Bertuzzo (Italie) a remport\u00e9 le titre de Champion d&rsquo;Europe Masters dans la cat\u00e9gorie 35-39 ans. Il a devanc\u00e9 David Mauhourat (France) et Domas Manikas (Lituanie). Retrouvez ci-dessous l&rsquo;ensemble des classements.<\/p>\n<p><strong>Classements :<\/strong><br \/><strong>Hommes 35-39 ans<\/strong><br \/>1. BERTUZZO Pier Filippo ITA en 50&rsquo;04\u00a0\u00bb<br \/>2. MAUHOURAT David FRA 00:28<br \/>3. MANIKAS Domas LTU 01:47<br \/>4. W\u00c4FLER Simon SUI 01:55<br \/>5. GRZEMPA Jan POL 03:34<br \/>6. HINNOV Ahti EST 03:55<br \/>7. SO\u00d3S Tam\u00e1s G\u00e1bor HUN 05:03<br \/>8. SCHILS Dominic GBR 07:44<br \/>9. LIND\u00c1K Jaroslav SVK \u00e0 2 tours<\/p>\n<p><strong>Hommes 40-44 ans<\/strong><br \/>1. GIL Mariusz POL en 49&rsquo;57\u00a0\u00bb<br \/>2. KAR\u00c1SEK Vladislav CZE 00:26<br \/>3. PYPE Mathias FRA 01:15<br \/>4. SVOBODA Jan CZE 01:38<br \/>5. KODANIK Gerd EST 02:00<br \/>6. CATTEDRA Cosimo ITA 03:05<br \/>7. FATTORI Alessio ITA 03:26<br \/>8. CSER G\u00e1bor HUN 03:30<br \/>9. L\u00c1NG Bal\u00e1zs HUN 03:36<br \/>10. SZAB\u00d3 Endre HUN 03:45<br \/>11. DAFFINI Andrea ITA 03:46<br \/>12. MADRITSCH Christoph AUT 05:12<br \/>13. MUR\u00c1RIK Michal SVK 05:18<br \/>14. DE JONGE Daan NED 05:55<br \/>15. MYDLA Matej SVK 08:06<br \/>16. KATUSA Michal SVK \u00e0 1 tour<br \/>17. BUDRECKIS Antanas LTU \u00e0 1 tour<\/p>\n<p><strong>Abandons :<\/strong><br \/>KARAS Juraj SVK<br \/>BIRT\u00d3K \u00c1d\u00e1m HUN<\/p>\n<p><strong>Hommes 45-49 ans<\/strong><br \/>1. B\u00daR Zsolt HUN en 41&rsquo;19\u00a0\u00bb<br \/>2. CIA APEZTEGUIA Patxi ESP 00:53<br \/>3. PASZEK Szczepan POL 01:19<br \/>4. OLDHAM Paul GBR 01:33<br \/>5. DAPRETTO Gianpiero ITA 01:44<br \/>6. BALLESTER Alexis FRA 02:01<br \/>7. VIDECK\u00dd Karel CZE 02:01<br \/>8. \u010cANGEL Martin SVK 02:11<br \/>9. AINSALU Markku EST 03:44<br \/>10. KU\u0160NIR Aleksei EST 04:10<br \/>11. ZANETTI Gianni ITA 04:11<br \/>12. EBRAS Kristo EST 04:58<br \/>13. KUBIK Lukas CZE 05:36<br \/>14. NOVIKOVAS Valerijus LTU 06:21<br \/>15. DABU\u0160INSKAS Stanislovas LTU 06:57<br \/>16. HAST\u00cdK Kamil CZE 07:12<br \/>17. KARPINSKI Marcin POL 08:07<br \/>18. LORETZ Simon AUT \u00e0 1 tour<br \/>19. CLARKE Christopher GBR \u00e0 2 tours<br \/>20. VYKYSAL\u00dd Juraj SVK \u00e0 2 tours<\/p>\n<p><strong>Hommes 50-54 ans<\/strong><br \/>1. BARENYI Milan SVK en 42&rsquo;44\u00a0\u00bb<br \/>2. LASSALLE Jean Fran\u00e7ois FRA 01:06<br \/>3. CZARNOTA Bogdan POL 01:08<br \/>4. MAANURM Joonas EST 01:14<br \/>5. ISAK Christian AUT 01:24<br \/>6. PRIETO GONZALEZ Marco Antonio ESP 01:26<br \/>7. H\u00c1JEK Pavel CZE 02:30<br \/>8. PUNGAR Urmas EST 02:40<br \/>9. CAPITANEO Donato ITA 03:29<br \/>10. FR\u00ddZL Martin CZE 04:03<br \/>11. CRAKER William Phillip GBR 04:04<br \/>12. KUBALA Tomasz POL 04:18<br \/>13. KOV\u00c1CS Istv\u00e1n HUN 04:34<br \/>14. LA GRAND Detlef NED 04:47<br \/>15. HAJDUCH Jaroslav SVK 05:51<br \/>16. KLEIN Tam\u00e1s HUN 08:10<\/p>\n<p><strong>Hommes 55-59 ans<\/strong><br \/>1. SLEECKX Danny BEL en 36&rsquo;13\u00a0\u00bb<br \/>2. DANOWSKI Stefan GER 00:07<br \/>3. ANJOUBAULT Christophe FRA 00:08<br \/>4. MEHNER Sven GER 00:21<br \/>5. PASSOS Ant\u00f3nio POR 00:23<br \/>6. HAUER Gerald AUT 00:32<br \/>7. GLAJZA R\u00f3bert SVK 00:50<br \/>8. FISCHER Thomas GER 00:59<br \/>9. CHRISTENSEN Morten DEN 01:17<br \/>10. KOV\u00c1\u0158\u00cdK Ivo CZE 01:32<br \/>11. MANIACCO Renzo ITA 02:32<br \/>12. DEPPNER Peter AUT 02:44<br \/>13. MI\u0160KOVSK\u00dd Libor CZE 03:07<br \/>14. CIECIEREGA Jacek POL 03:39<br \/>15. PROVAZN\u00cdK Jaroslav CZE 03:47<br \/>16. STEINBACH Wolfgang AUT 03:49<br \/>17. VESEL\u00dd Tom\u00e1\u0161 CZE 03:51<br \/>18. MITTERBACHER Michael AUT 04:21<br \/>19. KOCSI\u0160 Roman SVK 05:22<br \/>20. JAROL\u00cdM Vojt\u011bch CZE 08:46<br \/>21. FEIST Jaroslav CZE 09:45<br \/>22. STIEGLER Manfred AUT 10:38<br \/>23. VARHA\u0147OVSK\u00dd Marek SVK 11:59<\/p>\n<p><strong>Hommes 60-64 ans<\/strong><br \/>1. HALE Simon GBR en 36&rsquo;34\u00a0\u00bb<br \/>2. JENSEN Egeberg Palle DEN 00:12<br \/>3. VEEKE Ron NED 00:14<br \/>4. RAIBLE Armin GER 00:36<br \/>5. MIDDLETON Pete GBR 01:20<br \/>6. HOCKAUF Thomas GER 01:59<br \/>7. GIERCZAK Krzysztof POL 02:25<br \/>8. HEIGL Leopold AUT 02:39<br \/>9. BAL\u00c1K Pavel CZE 02:44<br \/>10. WIDHALM Thomas AUT 02:52<br \/>11. RISTAU Ren\u00e9 GER 02:54<br \/>12. PIETRE David FRA 03:01<br \/>13. BRZOZKA Jacek POL 05:08<br \/>14. RADEMAKER Jan NED 05:56<br \/>15. BESWICK Sean GBR 06:12<br \/>16. GLAJZA Ondrej SVK 06:23<br \/>17. PE\u0147\u00c1\u010cEK Miroslav CZE 06:26<br \/>18. PETROVI\u010c Rudolf SVK 06:33<br \/>19. PEER Ivo\u0161 CZE 07:20<br \/>20. LEHK\u00dd Milan CZE 07:25<br \/>21. UL\u00cdK Jaroslav SVK 09:15<\/p>\n<p><strong>Non-partant :<\/strong><br \/>STEFFENS J\u00f6rg GER<\/p>\n<p><strong>Hommes 65-69 ans<\/strong><br \/>1. TIGEOT Bernard FRA en 39&rsquo;02\u00a0\u00bb<br \/>2. MEERBURG Peter NED 00:31<br \/>3. DELVE Robin GBR 01:41<br \/>4. PEK Miroslav CZE 03:04<br \/>5. J\u00c1NO\u0160\u00cdK Milan SVK 03:16<br \/>6. TOFT Arild NOR 03:31<br \/>7. MANDAUS Ji\u0159\u00ed CZE 03:41<br \/>8. SEDL\u00c1\u010cEK Ji\u0159\u00ed CZE 03:50<br \/>9. OTTINO Josef AUT 04:05<br \/>10. BARTOLEWSKI Wojciech POL 04:14<br \/>11. \u010cEPI\u010cKA Michal CZE 05:13<br \/>12. CAVELIER Bruno FRA 06:13<br \/>13. HAVRILA Pavel SVK 06:15<br \/>14. KAMINSKI Krzysztof POL 07:32<br \/>15. KANDERA Ladislav SVK 08:19<br \/>16. ILL\u00cdK Vlastimil SVK 10:05<br \/>17. MEJZL\u00cdK Petr CZE \u00e0 1 tour<br \/>18. G\u00c1LIK Mari\u00e1n SVK \u00e0 1 tour<br \/>19. STEINER Franz AUT \u00e0 1 tour<\/p>\n<p><strong>Non-partant :<\/strong><br \/>FUCHS Ferdinand AUT<\/p>\n<p><strong>Hommes 70-74 ans<\/strong><br \/>1. GUINLE Alain FRA en 42&rsquo;09\u00a0\u00bb<br \/>2. ANDERSSON Benny SWE 00:02<br \/>3. BANASINSKI Waldemar POL 00:56<br \/>4. HAJAGOS Istv\u00e1n HUN 02:03<br \/>5. NYBRU Harald NOR 02:06<br \/>6. VALENTINI Marco ITA 05:33<br \/>7. ORNER Zden\u011bk CZE 05:59<br \/>8. MISINA Andrzej POL 06:35<br \/>9. KOTAS Pavel CZE 07:09<br \/>10. DEMATTEIS Patrick FRA \u00e0 1 tour<\/p>\n<p><strong>Hommes 75-79 ans<\/strong><br \/>1. DELWEL Wout NED en 46&rsquo;30\u00a0\u00bb<br \/>2. LONGAUER Ladislav SVK 00:10<br \/>3. WIATR Jan CZE \u00e0 1 tour<br \/>4. VAN DER LEEUW Albert NED \u00e0 1 tour<br \/>5. ZAV\u00cdRAL Bohumil CZE \u00e0 1 tour<\/p>\n<p><strong>Hommes 80 ans et +<\/strong><br \/>1. BARNETT Victor GBR en 42&rsquo;51\u00a0\u00bb<\/p>\n<p><strong>Femmes 35-39 ans<\/strong><br \/>1. KULDKEPP Kristi EST en 42&rsquo;02\u00a0\u00bb<br \/>2. KRANS Laura NED 00:02<br \/>3. STIEGLER Sabine AUT \u00e0 1 tour<\/p>\n<p><strong>Femmes 40-44 ans<\/strong><br \/>1. PUHU Sille EST en 41&rsquo;42\u00a0\u00bb<br \/>2. PETITHORY Emilie FRA 00:01<br \/>3. MARCINIEC Alicja POL 00:24<br \/>4. LESCHIUTTA Stefania ITA 03:24<br \/>5. HOLTZ Jana GER 04:25<br \/>6. KISSOV\u00c1 Viera SVK \u00e0 1 tour<\/p>\n<p><strong>Femmes 45-49 ans<\/strong><br \/>1. SELVA Chiara ITA en 41&rsquo;34\u00a0\u00bb<br \/>2. OTTEVANGER Eefje NED 02:03<br \/>3. MAR\u00c1\u010cKOV\u00c1 Pavl\u00edna CZE 05:06<br \/>4. WASMUNDT Stefanie Annika GER 06:51<\/p>\n<p><strong>Femmes 50-54 ans<\/strong><br \/>1. MANIAGO Paola ITA en 42&rsquo;21\u00a0\u00bb<br \/>2. KAARJ\u00c4RV Maris EST 00:56<\/p>\n<p><strong>Femmes 55-59 ans<\/strong><br \/>1. BIERMANN Cordula GER en 40&rsquo;04\u00a0\u00bb<br \/>2. STORRO Monika Olofsson SWE 04:43<br \/>3. CAVELIER CALVI Michele FRA 07:05<\/p>\n<p><strong>Femmes 60-64 ans<\/strong><br \/>1. GODART Suzie LUX en 44&rsquo;09\u00a0\u00bb<br \/>2. PILLOT Corinne FRA 02:01<br \/>3. REIMANN Britta GER 05:49<\/p>\n<p><strong>Femmes 65-69 ans<\/strong><br \/>1. B\u00d6RJESSON Carina SWE en 41&rsquo;43\u00a0\u00bb<\/p>\n<p><strong>Femmes 70 ans et +<\/strong><br \/>1. DUFOND DEMATTEIS Christine FRA en 42&rsquo;01\u00a0\u00bb<\/p>\n<p>Source :\u00a0<a href=\"http:\/\/www.uec.ch\" target=\"_blank\" rel=\"noopener\">www.uec.ch<\/a><\/p>\n","protected":false},"excerpt":{"rendered":"Le Championnat d&rsquo;Europe Masters de cyclo-cross s&rsquo;est disput\u00e9 vendredi 14 et dimanche 16 novembre \u00e0 Samorin (Slovaquie). Pier&hellip;\n","protected":false},"author":2,"featured_media":540239,"comment_status":"","ping_status":"","sticky":false,"template":"","format":"standard","meta":{"footnotes":""},"categories":[1411],"tags":[834,828,836,829,837,827,83,826,824,823,1154,207,814,817,815,816,822,821,832,211,839,1011,27,820,818,819,835,831,830,833,838,60,212,208,825],"class_list":{"0":"post-540238","1":"post","2":"type-post","3":"status-publish","4":"format-standard","5":"has-post-thumbnail","7":"category-cyclisme","8":"tag-attaque","9":"tag-belgique","10":"tag-braquet","11":"tag-bretagne","12":"tag-chute","13":"tag-competition","14":"tag-coupe-de-france","15":"tag-coureur","16":"tag-course-cyclisme","17":"tag-course-cycliste","18":"tag-cycling","19":"tag-cyclisme","20":"tag-direct","21":"tag-direct-velo","22":"tag-directvelo","23":"tag-directvelo-com","24":"tag-epreuve","25":"tag-epreuve-cycliste","26":"tag-federation-francaise-de-cyclisme","27":"tag-ffc","28":"tag-flandres","29":"tag-fr","30":"tag-france","31":"tag-live","32":"tag-live-course","33":"tag-live-epreuve","34":"tag-peloton","35":"tag-radio-peloton","36":"tag-radio-tour","37":"tag-ravitaillement","38":"tag-relance","39":"tag-sports","40":"tag-uci","41":"tag-velo","42":"tag-velos"},"share_on_mastodon":{"url":"https:\/\/pubeurope.com\/@fr\/115565101439336119","error":""},"_links":{"self":[{"href":"https:\/\/www.europesays.com\/fr\/wp-json\/wp\/v2\/posts\/540238","targetHints":{"allow":["GET"]}}],"collection":[{"href":"https:\/\/www.europesays.com\/fr\/wp-json\/wp\/v2\/posts"}],"about":[{"href":"https:\/\/www.europesays.com\/fr\/wp-json\/wp\/v2\/types\/post"}],"author":[{"embeddable":true,"href":"https:\/\/www.europesays.com\/fr\/wp-json\/wp\/v2\/users\/2"}],"replies":[{"embeddable":true,"href":"https:\/\/www.europesays.com\/fr\/wp-json\/wp\/v2\/comments?post=540238"}],"version-history":[{"count":0,"href":"https:\/\/www.europesays.com\/fr\/wp-json\/wp\/v2\/posts\/540238\/revisions"}],"wp:featuredmedia":[{"embeddable":true,"href":"https:\/\/www.europesays.com\/fr\/wp-json\/wp\/v2\/media\/540239"}],"wp:attachment":[{"href":"https:\/\/www.europesays.com\/fr\/wp-json\/wp\/v2\/media?parent=540238"}],"wp:term":[{"taxonomy":"category","embeddable":true,"href":"https:\/\/www.europesays.com\/fr\/wp-json\/wp\/v2\/categories?post=540238"},{"taxonomy":"post_tag","embeddable":true,"href":"https:\/\/www.europesays.com\/fr\/wp-json\/wp\/v2\/tags?post=540238"}],"curies":[{"name":"wp","href":"https:\/\/api.w.org\/{rel}","templated":true}]}}