{"id":540240,"date":"2025-11-17T12:44:16","date_gmt":"2025-11-17T12:44:16","guid":{"rendered":"https:\/\/www.europesays.com\/fr\/540240\/"},"modified":"2025-11-17T12:44:16","modified_gmt":"2025-11-17T12:44:16","slug":"lattaquant-parfait-pret-a-signer-au-psg-le-prix-est-faramineux","status":"publish","type":"post","link":"https:\/\/www.europesays.com\/fr\/540240\/","title":{"rendered":"L&rsquo;attaquant parfait pr\u00eat \u00e0 signer au PSG, le prix est faramineux"},"content":{"rendered":"<p><strong>Julian Alvarez, attaquant de 25 ans de l\u2019Argentine et de l\u2019Atletico Madrid (contrat jusqu\u2019en 2030), avait \u00e9t\u00e9 \u00e9voqu\u00e9 dans le viseur du Paris Saint-Germain pendant l\u2019\u00e9t\u00e9 2024, quand il a quitt\u00e9 Manchester City. Mais l\u2019id\u00e9e d\u2019un transfert \u00e0 Paris revient derni\u00e8rement. Le journaliste Sacha Tavolieri assure pour\u00a0Sky Sport\u00a0ce lundi qu\u2019il y au ne volont\u00e9 commune, mais aussi un prix jug\u00e9 trop \u00e9lev\u00e9.<\/strong><\/p>\n<p>\u00ab\u00a0Le joueur <strong>a ouvert la porte \u00e0 une arriv\u00e9e \u00e0 Paris.\u00a0\u00bb<\/strong><\/p>\n<blockquote>\n<p>\u00ab\u00a0La direction du PSG \u00e9tudie la piste depuis plusieurs semaines la possibilit\u00e9 d\u2019un transfert sur le front de l\u2019attaque et <strong>\u00c1lvarez lui-m\u00eame verrait d\u2019un tr\u00e8s bon \u0153il une arriv\u00e9e sous les ordres de l\u2019entra\u00eeneur espagnol<\/strong>. <\/p>\n<p>Bien que plusieurs clubs anglais ainsi que le FC Barcelone aient manifest\u00e9 leur int\u00e9r\u00eat,\u00a0<strong>\u00c1lvarez n\u2019envisage plus de revenir en Premier League<\/strong>, o\u00f9 il estime avoir d\u00e9j\u00e0 donn\u00e9 le meilleur de lui-m\u00eame. Le joueur <strong>a ouvert la porte \u00e0 une arriv\u00e9e \u00e0 Paris<\/strong>, \u00e0 condition que les clubs trouvent un accord.<\/p>\n<p>Ceci dit, un obstacle de taille demeure :\u00a0<strong>Les demandes jug\u00e9es excessives de l\u2019Atl\u00e9tico<\/strong>, qui r\u00e9clame jusqu\u2019\u00e0\u00a0<strong>120 M\u20ac<\/strong> pour lib\u00e9rer son buteur, montant consid\u00e9r\u00e9 jusqu\u2019\u00e0 pr\u00e9sent comme abusif.\u00a0\u00bb<\/p>\n<\/blockquote>\n<p>Des affirmations relativement cr\u00e9dibles, puisqu\u2019Alvarez a en effet un profil qui a de quoi tenter le PSG. Capable d\u2019\u00eatre d\u00e9cisif, de participer au jeu et toujours pr\u00eat \u00e0 faire les efforts d\u00e9fensifs, le polyvalent argentin semble totalement correspondre au projet actuel. C\u2019\u00e9tait, d\u2019ailleurs, une d\u00e9ception quand il a choisi l\u2019Atl\u00e9tico.<\/p>\n<p>Peut-\u00eatre qu\u2019il peut aussi \u00eatre tent\u00e9 par cette \u00e9quipe impressionnante collectivement et qui a tendance \u00e0 cr\u00e9er de nombreuses occasions. Cependant, on ne peut que rester prudent. Il n\u2019y a rien de concret pour le moment. Et le prix \u00e9voqu\u00e9 a de quoi former un blocage. Il n\u2019est pas officiel, une n\u00e9gociation est peut-\u00eatre envisageable. Ou alors compl\u00e8tement ferm\u00e9e.<\/p>\n<p>Restons donc patients, le mercato reste tr\u00e8s flou. Autant pour cet hiver que l\u2019\u00e9t\u00e9 prochain. C\u2019est logique, c\u2019est encore loin.<\/p>\n<p>\t\t\t\t\t\t\t\t\t\t\t\t\t\t\t\t\t\t\t\t\t\t\t<img loading=\"lazy\" src=\"https:\/\/www.europesays.com\/fr\/wp-content\/uploads\/2025\/04\/ParisFans_Logo.png\" decoding=\"async\" class=\"lazyload\" width=\"240\" height=\"54\" data-eio-rwidth=\"240\" data-eio-rheight=\"54\"\/><\/p>\n","protected":false},"excerpt":{"rendered":"Julian Alvarez, attaquant de 25 ans de l\u2019Argentine et de l\u2019Atletico Madrid (contrat jusqu\u2019en 2030), avait \u00e9t\u00e9 \u00e9voqu\u00e9&hellip;\n","protected":false},"author":2,"featured_media":540241,"comment_status":"","ping_status":"","sticky":false,"template":"","format":"standard","meta":{"footnotes":""},"categories":[1410],"tags":[63,1011,27,11746,60,96],"class_list":{"0":"post-540240","1":"post","2":"type-post","3":"status-publish","4":"format-standard","5":"has-post-thumbnail","7":"category-football","8":"tag-football","9":"tag-fr","10":"tag-france","11":"tag-julian-alvarez","12":"tag-sports","13":"tag-une"},"share_on_mastodon":{"url":"https:\/\/pubeurope.com\/@fr\/115565106321463152","error":""},"_links":{"self":[{"href":"https:\/\/www.europesays.com\/fr\/wp-json\/wp\/v2\/posts\/540240","targetHints":{"allow":["GET"]}}],"collection":[{"href":"https:\/\/www.europesays.com\/fr\/wp-json\/wp\/v2\/posts"}],"about":[{"href":"https:\/\/www.europesays.com\/fr\/wp-json\/wp\/v2\/types\/post"}],"author":[{"embeddable":true,"href":"https:\/\/www.europesays.com\/fr\/wp-json\/wp\/v2\/users\/2"}],"replies":[{"embeddable":true,"href":"https:\/\/www.europesays.com\/fr\/wp-json\/wp\/v2\/comments?post=540240"}],"version-history":[{"count":0,"href":"https:\/\/www.europesays.com\/fr\/wp-json\/wp\/v2\/posts\/540240\/revisions"}],"wp:featuredmedia":[{"embeddable":true,"href":"https:\/\/www.europesays.com\/fr\/wp-json\/wp\/v2\/media\/540241"}],"wp:attachment":[{"href":"https:\/\/www.europesays.com\/fr\/wp-json\/wp\/v2\/media?parent=540240"}],"wp:term":[{"taxonomy":"category","embeddable":true,"href":"https:\/\/www.europesays.com\/fr\/wp-json\/wp\/v2\/categories?post=540240"},{"taxonomy":"post_tag","embeddable":true,"href":"https:\/\/www.europesays.com\/fr\/wp-json\/wp\/v2\/tags?post=540240"}],"curies":[{"name":"wp","href":"https:\/\/api.w.org\/{rel}","templated":true}]}}