{"id":540260,"date":"2025-11-17T12:56:14","date_gmt":"2025-11-17T12:56:14","guid":{"rendered":"https:\/\/www.europesays.com\/fr\/540260\/"},"modified":"2025-11-17T12:56:14","modified_gmt":"2025-11-17T12:56:14","slug":"taxe-de-25e-par-colis-chinois","status":"publish","type":"post","link":"https:\/\/www.europesays.com\/fr\/540260\/","title":{"rendered":"Taxe de 25\u20ac par colis chinois !"},"content":{"rendered":"<p>Cette vid\u00e9o d\u2019Olivia Gr\u00e9goire, ancienne ministre et d\u00e9put\u00e9e est assez symptomatique de toutes nos impuissances.<\/p>\n<p>Pour retrouver de la puissance, de la capacit\u00e9 de d\u00e9cision et donc du pouvoir politique et \u00e9conomique, il faut de la souverainet\u00e9.<\/p>\n<p>Tout le reste c\u2019est de la litt\u00e9rature et de l\u2019enfumage aussi sympathique soit-il \u00e0 nos oreilles.<\/p>\n<p>Il faut des fronti\u00e8res, des douaniers pour les contr\u00f4ler. Il faut une capacit\u00e9 \u00e0 faire les lois et donc \u00e0 les faire appliquer.<\/p>\n<p>D\u00e9sormais, le droit europ\u00e9en \u2018\u00e9tant sup\u00e9rieur au droit fran\u00e7ais tout s\u2019impose \u00e0 nous et nous sommes incapables de d\u00e9cider quoi que ce soit puisque nous avons abandonn\u00e9 nos pouvoirs et notre capacit\u00e9 \u00e0 d\u00e9cider.<\/p>\n<p>Il ne reste donc plus nos impuissances, masqu\u00e9es, maquill\u00e9es par des effets de manche dont tout ceux qui pensent un peu sont d\u00e9sormais totalement lass\u00e9s et \u00e9c\u0153ur\u00e9s.<\/p>\n<blockquote class=\"twitter-tweet\">\n<p dir=\"ltr\" lang=\"fr\">Colis chinois: Olivia Gr\u00e9goire, d\u00e9put\u00e9e \u00ab\u00a0Ensemble pour la R\u00e9publique\u00a0\u00bb, veut \u00ab\u00a0une taxe de 25 euros par colis\u00a0\u00bb <a href=\"https:\/\/t.co\/1vJzk9Zbvm\" rel=\"nofollow\">pic.twitter.com\/1vJzk9Zbvm<\/a><\/p>\n<p>\u2014 BFMTV (@BFMTV) <a href=\"https:\/\/twitter.com\/BFMTV\/status\/1989249479153787161?ref_src=twsrc%5Etfw\" rel=\"nofollow noopener\" target=\"_blank\">November 14, 2025<\/a><\/p>\n<\/blockquote>\n<p>Il est d\u00e9j\u00e0 trop tard, mais tout n\u2019est pas perdu.<\/p>\n<p>Pr\u00e9parez-vous !<\/p>\n<p>Charles SANNAT<\/p>\n<p><a href=\"https:\/\/insolentiae.com\/boutique\/\" target=\"_blank\" rel=\"noopener nofollow\"><img loading=\"lazy\" decoding=\"async\" class=\"size-medium wp-image-902626 alignleft entered lazyloaded\" src=\"https:\/\/www.europesays.com\/fr\/wp-content\/uploads\/2025\/10\/Couverture-LEuro-numerique-La-marque-de-la-bete-et-la-monnaie-du-controle--376x600.jpg\" alt=\"\" width=\"376\" height=\"600\" data-lazy-src=\"https:\/\/www.europesays.com\/fr\/wp-content\/uploads\/2025\/10\/Couverture-LEuro-numerique-La-marque-de-la-bete-et-la-monnaie-du-controle--376x600.jpg\" data-ll-status=\"loaded\"\/><\/a>\u00ab Insolentiae \u00bb signifie \u00ab impertinence \u00bb en latin<br \/>Pour m\u2019\u00e9crire\u00a0<a href=\"https:\/\/insolentiae.com\/cdn-cgi\/l\/email-protection\" class=\"__cf_email__\" data-cfemail=\"492a21283b252c3a0920273a26252c273d20282c672a2624\" rel=\"nofollow noopener\" target=\"_blank\">[email\u00a0protected]<\/a><br \/>Pour \u00e9crire \u00e0 ma femme\u00a0<a href=\"https:\/\/insolentiae.com\/cdn-cgi\/l\/email-protection\" class=\"__cf_email__\" data-cfemail=\"751d1019101b10351c1b061a19101b011c14105b161a18\" rel=\"nofollow noopener\" target=\"_blank\">[email\u00a0protected]<\/a><\/p>\n<p><a href=\"https:\/\/insolentiae.com\/produit\/abonnement-acces-a-la-lettre-strategie-et-aux-dossiers-speciaux-de-charles-sannat\/?doing_wp_cron=1715699197.4551460742950439453125\" target=\"_blank\" rel=\"noopener nofollow\">Vous pouvez \u00e9galement vous abonner \u00e0 ma lettre mensuelle \u00ab STRAT\u00c9GIES \u00bb qui vous permettra d\u2019aller plus loin et dans laquelle je partage avec vous les solutions concr\u00e8tes \u00e0 mettre en \u0153uvre pour vous pr\u00e9parer au monde d\u2019apr\u00e8s. Ces solutions sont articul\u00e9es autour de l\u2019approche PEL \u2013 patrimoine, emploi, localisation. L\u2019id\u00e9e c\u2019est de partager avec vous les moyens et les m\u00e9thodes pour mettre en place votre r\u00e9silience personnelle et familiale.<\/a><\/p>\n<p><strong>\u00ab \u00c0 vouloir \u00e9touffer les r\u00e9volutions pacifiques, on rend in\u00e9vitables les r\u00e9volutions violentes \u00bb (JFK)<\/strong><\/p>\n<p>\u00ab Ceci est un article \u2018presslib\u2019, c\u2019est-\u00e0-dire libre de reproduction en tout ou en partie \u00e0 condition que le pr\u00e9sent alin\u00e9a soit reproduit \u00e0 sa suite. Insolentiae.com est le site sur lequel Charles Sannat s\u2019exprime quotidiennement et livre un d\u00e9cryptage impertinent et sans concession de l\u2019actualit\u00e9 \u00e9conomique. Merci de visiter mon site. Vous pouvez vous abonner gratuitement \u00e0 la lettre d\u2019information quotidienne sur www.insolentiae.com. \u00bb<\/p>\n<p><strong>IMPORTANT<\/strong>.\u00a0En vous connectant directement sur le site\u00a0<a href=\"http:\/\/www.insolentiae.com\/\" target=\"_blank\" rel=\"noopener nofollow\">insolentiae.com<\/a>\u00a0vous pouvez acc\u00e9der aux articles malgr\u00e9 tous les blocages. Si vous ne recevez pas la Newsletter ou si cette derni\u00e8re \u00e9tait bloqu\u00e9e, pensez \u00e0 vous connecter directement. Je ne cesse les publications qu\u2019au mois d\u2019ao\u00fbt et entre No\u00ebl et le jour de l\u2019an.<strong>\u00a0A noter les abonn\u00e9s orange.fr et wanadoo.fr sont particuli\u00e8rement touch\u00e9s par le ph\u00e9nom\u00e8ne inexplicable de non r\u00e9ception des lettres quotidiennes. Inscrivez-vous gratuitement avec une nouvelle adresse mail<\/strong><\/p>\n<p>\t\t\t\t\t<script async src=\"https:\/\/platform.twitter.com\/widgets.js\" charset=\"utf-8\"><\/script><\/p>\n","protected":false},"excerpt":{"rendered":"Cette vid\u00e9o d\u2019Olivia Gr\u00e9goire, ancienne ministre et d\u00e9put\u00e9e est assez symptomatique de toutes nos impuissances. Pour retrouver de&hellip;\n","protected":false},"author":2,"featured_media":540261,"comment_status":"","ping_status":"","sticky":false,"template":"","format":"standard","meta":{"footnotes":""},"categories":[6],"tags":[35,33,34,1011,27],"class_list":{"0":"post-540260","1":"post","2":"type-post","3":"status-publish","4":"format-standard","5":"has-post-thumbnail","7":"category-economie","8":"tag-business","9":"tag-economie","10":"tag-economy","11":"tag-fr","12":"tag-france"},"share_on_mastodon":{"url":"https:\/\/pubeurope.com\/@fr\/115565153304441369","error":""},"_links":{"self":[{"href":"https:\/\/www.europesays.com\/fr\/wp-json\/wp\/v2\/posts\/540260","targetHints":{"allow":["GET"]}}],"collection":[{"href":"https:\/\/www.europesays.com\/fr\/wp-json\/wp\/v2\/posts"}],"about":[{"href":"https:\/\/www.europesays.com\/fr\/wp-json\/wp\/v2\/types\/post"}],"author":[{"embeddable":true,"href":"https:\/\/www.europesays.com\/fr\/wp-json\/wp\/v2\/users\/2"}],"replies":[{"embeddable":true,"href":"https:\/\/www.europesays.com\/fr\/wp-json\/wp\/v2\/comments?post=540260"}],"version-history":[{"count":0,"href":"https:\/\/www.europesays.com\/fr\/wp-json\/wp\/v2\/posts\/540260\/revisions"}],"wp:featuredmedia":[{"embeddable":true,"href":"https:\/\/www.europesays.com\/fr\/wp-json\/wp\/v2\/media\/540261"}],"wp:attachment":[{"href":"https:\/\/www.europesays.com\/fr\/wp-json\/wp\/v2\/media?parent=540260"}],"wp:term":[{"taxonomy":"category","embeddable":true,"href":"https:\/\/www.europesays.com\/fr\/wp-json\/wp\/v2\/categories?post=540260"},{"taxonomy":"post_tag","embeddable":true,"href":"https:\/\/www.europesays.com\/fr\/wp-json\/wp\/v2\/tags?post=540260"}],"curies":[{"name":"wp","href":"https:\/\/api.w.org\/{rel}","templated":true}]}}