{"id":540267,"date":"2025-11-17T13:00:22","date_gmt":"2025-11-17T13:00:22","guid":{"rendered":"https:\/\/www.europesays.com\/fr\/540267\/"},"modified":"2025-11-17T13:00:22","modified_gmt":"2025-11-17T13:00:22","slug":"16-tonnes-collectees-le-premier-mois","status":"publish","type":"post","link":"https:\/\/www.europesays.com\/fr\/540267\/","title":{"rendered":"16 tonnes collect\u00e9es le premier mois"},"content":{"rendered":"<p>Depuis environ un mois, comme pour le verre, le textile ou les d\u00e9chets alimentaires, 93 points d\u2019apport volontaire pour les cartons ont fait leur apparition sur l\u2019espace public dans seize communes urbaines de la m\u00e9tropole\u00a0: Andr\u00e9zieux-Bouth\u00e9on, Lorette, La Grand-Croix, L\u2019Horme, Saint-Chamond, Saint-Jean-Bonnefonds, La Talaudi\u00e8re, Saint-Priest-en-Jarez, Villars, Saint-Genest-Lerpt, Roche-la-Moli\u00e8re, Unieux, Firminy, Fraisses, Le Chambon-Feugerolles et La Ricamarie.<\/p>\n<p>Les communes de Sorbiers et Rive-de-Gier devraient \u00e9galement \u00eatre \u00e9quip\u00e9es prochainement, la ville de Saint-\u00c9tienne ayant quant \u00e0 elle fait le choix de ne pas adh\u00e9rer \u00e0 <a href=\"https:\/\/www.leprogres.fr\/environnement\/2025\/11\/12\/une-centaine-de-bornes-installees-sur-18-communes-pour-collecter-les-grands-cartons\" target=\"_blank\" rel=\"nofollow noopener\">ce dispositif mis en place par Saint-\u00c9tienne M\u00e9tropole<\/a>.<\/p>\n<p>  4\u00a0536 tonnes collect\u00e9es dans les poubelles jaunes l\u2019an dernier<\/p>\n<p>L\u2019objectif de ces colonnes r\u00e9serv\u00e9es aux cartons\u00a0: d\u00e9sengorger les poubelles jaunes et offrir une alternative aux d\u00e9ch\u00e8teries pour les cartons, qui se multiplient avec l\u2019essor du commerce en ligne.<\/p>\n<p>En octobre, pour le premier mois d\u2019installation, ce sont 16 tonnes de cartons qui ont \u00e9t\u00e9 r\u00e9colt\u00e9es, nous indique Fran\u00e7ois Driol, vice-pr\u00e9sident de SEM en charge de la gestion des d\u00e9chets. C\u2019est en de\u00e7\u00e0 des objectifs de la M\u00e9tropole, qui tablait sur 25 tonnes. Mais nul doute que ces chiffres augmenteront rapidement, une fois que les habitants seront mieux inform\u00e9s et sensibilis\u00e9s.<\/p>\n<p>En tout cas, il y a de la marge\u00a0: en 2024, 4\u00a0536 tonnes de cartons avaient \u00e9t\u00e9 collect\u00e9es dans les poubelles jaunes.<\/p>\n","protected":false},"excerpt":{"rendered":"Depuis environ un mois, comme pour le verre, le textile ou les d\u00e9chets alimentaires, 93 points d\u2019apport volontaire&hellip;\n","protected":false},"author":2,"featured_media":540268,"comment_status":"","ping_status":"","sticky":false,"template":"","format":"standard","meta":{"footnotes":""},"categories":[9653],"tags":[1111,11,2430,7539,436,1777,674,1011,27,12,25,4001,7538],"class_list":{"0":"post-540267","1":"post","2":"type-post","3":"status-publish","4":"format-standard","5":"has-post-thumbnail","7":"category-saint-etienne","8":"tag-actu","9":"tag-actualites","10":"tag-auvergne-rhone-alpes","11":"tag-edition-loire-sud","12":"tag-environnement","13":"tag-eu","14":"tag-europe","15":"tag-fr","16":"tag-france","17":"tag-news","18":"tag-republique-francaise","19":"tag-saint-etienne","20":"tag-saint-etienne-ville"},"share_on_mastodon":{"url":"https:\/\/pubeurope.com\/@fr\/115565168078194433","error":""},"_links":{"self":[{"href":"https:\/\/www.europesays.com\/fr\/wp-json\/wp\/v2\/posts\/540267","targetHints":{"allow":["GET"]}}],"collection":[{"href":"https:\/\/www.europesays.com\/fr\/wp-json\/wp\/v2\/posts"}],"about":[{"href":"https:\/\/www.europesays.com\/fr\/wp-json\/wp\/v2\/types\/post"}],"author":[{"embeddable":true,"href":"https:\/\/www.europesays.com\/fr\/wp-json\/wp\/v2\/users\/2"}],"replies":[{"embeddable":true,"href":"https:\/\/www.europesays.com\/fr\/wp-json\/wp\/v2\/comments?post=540267"}],"version-history":[{"count":0,"href":"https:\/\/www.europesays.com\/fr\/wp-json\/wp\/v2\/posts\/540267\/revisions"}],"wp:featuredmedia":[{"embeddable":true,"href":"https:\/\/www.europesays.com\/fr\/wp-json\/wp\/v2\/media\/540268"}],"wp:attachment":[{"href":"https:\/\/www.europesays.com\/fr\/wp-json\/wp\/v2\/media?parent=540267"}],"wp:term":[{"taxonomy":"category","embeddable":true,"href":"https:\/\/www.europesays.com\/fr\/wp-json\/wp\/v2\/categories?post=540267"},{"taxonomy":"post_tag","embeddable":true,"href":"https:\/\/www.europesays.com\/fr\/wp-json\/wp\/v2\/tags?post=540267"}],"curies":[{"name":"wp","href":"https:\/\/api.w.org\/{rel}","templated":true}]}}