{"id":540273,"date":"2025-11-17T13:05:25","date_gmt":"2025-11-17T13:05:25","guid":{"rendered":"https:\/\/www.europesays.com\/fr\/540273\/"},"modified":"2025-11-17T13:05:25","modified_gmt":"2025-11-17T13:05:25","slug":"nancy-une-premiere-ecole-maternelle-specialisee-dans-le-trouble-de-lautisme-inauguree-dans-le-quartier-artem","status":"publish","type":"post","link":"https:\/\/www.europesays.com\/fr\/540273\/","title":{"rendered":"Nancy. Une premi\u00e8re \u00e9cole maternelle sp\u00e9cialis\u00e9e dans le trouble de l\u2019autisme inaugur\u00e9e dans le quartier Artem"},"content":{"rendered":"<p>Dans la cour de l\u2019\u00e9cole Emile-Gebhart, quelques enfants de maternelle s\u2019\u00e9poumonent sur les structures de jeux. Le maire de la ville, <a href=\"https:\/\/www.estrepublicain.fr\/p\/mathieu-klein\" target=\"_blank\" rel=\"noopener\">Mathieu Klein<\/a>, vient au contact de l\u2019un d\u2019eux\u00a0: \u00ab\u00a0Attends\u00a0\u00bb, l\u00e2che l\u2019enfant parti dans un sprint autour de la cour. \u00c0 d\u00e9faut d\u2019\u00e9change, le maire a pu s\u2019assurer qu\u2019ici, les sept \u00e9l\u00e8ves de maternelle, \u00e2g\u00e9s de 3 \u00e0 6 ans, \u00e9voluent en toute qui\u00e9tude. Il en souriait et tout l\u2019enjeu de ce dispositif intitul\u00e9 unit\u00e9 d\u2019enseignement maternelle autisme (UEMA) r\u00e9side l\u00e0.<\/p>\n<p>Ce contenu est bloqu\u00e9 car vous n&rsquo;avez pas accept\u00e9 les cookies et autres traceurs.<\/p>\n<p>En cliquant sur \u00ab J\u2019accepte \u00bb, les cookies et autres traceurs seront d\u00e9pos\u00e9s et vous pourrez visualiser les contenus  (<a href=\"\" class=\"consentModule_policy\" target=\"_blank\" title=\"Consulter la politique de protection des donn\u00e9es du fournisseur\">plus d&rsquo;informations<\/a>).<\/p>\n<p>En cliquant sur \u00ab J\u2019accepte tous les cookies \u00bb, vous autorisez des d\u00e9p\u00f4ts de cookies et autres traceurs pour le stockage de vos donn\u00e9es sur nos sites et applications \u00e0 des fins de personnalisation et de ciblage publicitaire.<\/p>\n<p class=\"consentModule_secondaryText\">Vous gardez la possibilit\u00e9 de retirer votre consentement \u00e0 tout moment en consultant notre <a href=\"https:\/\/www.estrepublicain.fr\/protection-des-donnees\" target=\"_blank\" title=\"Consulter notre politique de protection des donn\u00e9es\" rel=\"noopener\">politique de protection des donn\u00e9es<\/a>. <br \/>&#13;<br \/>\n            <a href=\"https:\/\/www.estrepublicain.fr\/education\/2025\/11\/17\/javascript:Didomi.notice.show()\" class=\"consentModule_cmp\" target=\"_blank\" rel=\"noopener\">G\u00e9rer mes choix<\/a>&#13;\n        <\/p>\n<p>&#13;<br \/>\n                        J&rsquo;accepte&#13;<br \/>\n            J&rsquo;accepte tous les cookies&#13;\n        <\/p>\n<p>Voici donc un grand pas dans la strat\u00e9gie de l\u2019\u00e9cole inclusive. Un pas qu\u2019\u00e9lus, repr\u00e9sentants des associations du m\u00e9dico-social, de l\u2019\u00c9ducation nationale mais aussi l\u2019agence r\u00e9gionale de sant\u00e9 ont souhait\u00e9 marqu\u00e9 au fer-blanc avec une inauguration ce vendredi.<\/p>\n<p>Suite \u00e0 la validation du projet par l\u2019ARS, l\u2019association AEIM, l\u2019association Saint-Camille, la fondation Nicolas Gridel et l\u2019OHS de Lorraine, en partenariat avec l\u2019\u00c9ducation nationale et la ville de Nancy ont act\u00e9 en quelques mois la cr\u00e9ation de la structure. Le choix de l\u2019\u00e9cole maternelle \u00c9mile-Gebhart tombait rapidement sous le sens. Directeur du service \u00e9ducation de la ville, <a href=\"https:\/\/www.estrepublicain.fr\/education\/2025\/10\/09\/a-nancy-le-periscolaire-repense-sur-le-fond-et-sur-la-forme-depuis-la-rentree\" target=\"_blank\" rel=\"noopener\">\u00c9tienne Joann\u00e8s<\/a> \u00e9claire\u00a0: \u00ab\u00a0On savait que l\u2019\u00e9quipe p\u00e9dagogique \u00e9tait ouverte \u00e0 ce projet et en termes de structure, l\u2019\u00e9cole pouvait accueillir l\u2019UEMA.\u00a0\u00bb<\/p>\n<p>  \u00ab\u00a0Les progr\u00e8s des enfants sont \u00e9vidents\u00a0\u00bb<\/p>\n<p>En somme, mis \u00e0 part quelques travaux d\u2019installation de points d\u2019eau, de d\u00e9placement de salle, de changement de rideaux aux couleurs plus vives, l\u2019espace \u00e9tait tout trouv\u00e9 pour les sept \u00e9l\u00e8ves, capacit\u00e9 maximum de l\u2019UEMA.<\/p>\n<p>Directrice de l\u2019AEIM Adapei 54, Jennifer Hardi pr\u00e9cise\u00a0: \u00ab\u00a0Les inscriptions se font suite \u00e0 une commission en collaboration par la MDPH. Il y a huit adultes, professionnels p\u00e9dagogiques, \u00e9ducatifs et th\u00e9rapeutiques pour permettre une scolarit\u00e9 au d\u00e9part individualis\u00e9e, mais l\u2019objectif est d\u2019arriver \u00e0 l\u2019inclusion pour les classes suivantes, \u00e0 partir du CP. Au vu de leur progr\u00e8s, certains peuvent ainsi passer quelque temps quotidien en classe de maternelle.\u00a0\u00bb<\/p>\n<p>Une accompagnante pr\u00e9cise\u00a0: \u00ab\u00a0On sait que leur temps de concentration est encore court mais les progr\u00e8s, notamment en communication verbale, sont \u00e9vidents.\u00a0\u00bb<\/p>\n<p>  La quatri\u00e8me structure UEMA en Meurthe-et-Moselle<\/p>\n<p>Apr\u00e8s Jarny, Lun\u00e9ville et <a href=\"https:\/\/www.estrepublicain.fr\/politique\/2023\/12\/21\/des-conventions-dans-le-secteur-de-la-petite-enfance\" target=\"_blank\" rel=\"noopener\"> Villers-l\u00e8s-Nancy<\/a> , l\u2019\u00e9cole \u00c9mile-Gebhart est le quatri\u00e8me site d\u00e9partemental \u00e0 h\u00e9berger le dispositif UEMA, soit 28 \u00e9l\u00e8ves de maternelle diagnostiqu\u00e9s TSA et accompagn\u00e9s. Un premier et grand pas lorsque handicap.gouv mentionne qu\u2019entre 0,9\u00a0% et 1,2\u00a0% des naissances sont diagnostiqu\u00e9es TSA.\u00a0Entre 178 et 238 enfants de maternelle seraient ainsi concern\u00e9s si on ram\u00e8ne ces chiffres \u00e0 l\u2019\u00e9chelle de la population maternelle du d\u00e9partement (19\u00a0860 en 2025).<\/p>\n","protected":false},"excerpt":{"rendered":"Dans la cour de l\u2019\u00e9cole Emile-Gebhart, quelques enfants de maternelle s\u2019\u00e9poumonent sur les structures de jeux. Le maire&hellip;\n","protected":false},"author":2,"featured_media":540274,"comment_status":"","ping_status":"","sticky":false,"template":"","format":"standard","meta":{"footnotes":""},"categories":[9635],"tags":[1111,11,1704,1057,1777,674,1011,27,775,10425,1702,1703,12,25,801],"class_list":{"0":"post-540273","1":"post","2":"type-post","3":"status-publish","4":"format-standard","5":"has-post-thumbnail","7":"category-nancy","8":"tag-actu","9":"tag-actualites","10":"tag-edition-nancy-et-agglomeration","11":"tag-education","12":"tag-eu","13":"tag-europe","14":"tag-fr","15":"tag-france","16":"tag-grand-est","17":"tag-maternelle-elementaire","18":"tag-nancy","19":"tag-nancy-ville-54b","20":"tag-news","21":"tag-republique-francaise","22":"tag-social"},"share_on_mastodon":{"url":"https:\/\/pubeurope.com\/@fr\/115565187779519505","error":""},"_links":{"self":[{"href":"https:\/\/www.europesays.com\/fr\/wp-json\/wp\/v2\/posts\/540273","targetHints":{"allow":["GET"]}}],"collection":[{"href":"https:\/\/www.europesays.com\/fr\/wp-json\/wp\/v2\/posts"}],"about":[{"href":"https:\/\/www.europesays.com\/fr\/wp-json\/wp\/v2\/types\/post"}],"author":[{"embeddable":true,"href":"https:\/\/www.europesays.com\/fr\/wp-json\/wp\/v2\/users\/2"}],"replies":[{"embeddable":true,"href":"https:\/\/www.europesays.com\/fr\/wp-json\/wp\/v2\/comments?post=540273"}],"version-history":[{"count":0,"href":"https:\/\/www.europesays.com\/fr\/wp-json\/wp\/v2\/posts\/540273\/revisions"}],"wp:featuredmedia":[{"embeddable":true,"href":"https:\/\/www.europesays.com\/fr\/wp-json\/wp\/v2\/media\/540274"}],"wp:attachment":[{"href":"https:\/\/www.europesays.com\/fr\/wp-json\/wp\/v2\/media?parent=540273"}],"wp:term":[{"taxonomy":"category","embeddable":true,"href":"https:\/\/www.europesays.com\/fr\/wp-json\/wp\/v2\/categories?post=540273"},{"taxonomy":"post_tag","embeddable":true,"href":"https:\/\/www.europesays.com\/fr\/wp-json\/wp\/v2\/tags?post=540273"}],"curies":[{"name":"wp","href":"https:\/\/api.w.org\/{rel}","templated":true}]}}