{"id":540275,"date":"2025-11-17T13:07:15","date_gmt":"2025-11-17T13:07:15","guid":{"rendered":"https:\/\/www.europesays.com\/fr\/540275\/"},"modified":"2025-11-17T13:07:15","modified_gmt":"2025-11-17T13:07:15","slug":"a8-sortie-fuveau-n32-fermee-dans-les-2-sens","status":"publish","type":"post","link":"https:\/\/www.europesays.com\/fr\/540275\/","title":{"rendered":"A8 sortie Fuveau n\u00b032 ferm\u00e9e dans les 2 sens"},"content":{"rendered":"<ol class=\"breadcrumb\" itemscope=\"\" itemtype=\"https:\/\/schema.org\/BreadcrumbList\">\n<li itemprop=\"itemListElement\" itemscope=\"\" itemtype=\"https:\/\/schema.org\/ListItem\">\n                    <a itemprop=\"item\" href=\"https:\/\/radio.vinci-autoroutes.com\/\" target=\"_blank\" rel=\"noopener\"><br \/>\n                        Accueil<br \/>\n                    <\/a><\/p>\n<\/li>\n<li itemprop=\"itemListElement\" itemscope=\"\" itemtype=\"https:\/\/schema.org\/ListItem\">\n                        <a itemprop=\"item\" href=\"https:\/\/radio.vinci-autoroutes.com\/rubrique\/infotrafic\" target=\"_blank\" rel=\"noopener\"><br \/>\n                            Actu trafic<br \/>\n                        <\/a><\/p>\n<\/li>\n<li itemprop=\"itemListElement\" itemscope=\"\" itemtype=\"https:\/\/schema.org\/ListItem\">\n                        <a itemprop=\"item\" href=\"https:\/\/radio.vinci-autoroutes.com\/rubrique\/travaux\" target=\"_blank\" rel=\"noopener\"><br \/>\n                            Travaux<br \/>\n                        <\/a><\/p>\n<\/li>\n<\/ol>\n<p class=\"article-chapeau\" itemprop=\"description\">Dans la r\u00e9gion d&rsquo;Aix-en-Provence, les 4 nuits du lundi 17 au vendredi 21 novembre, partir de 20h, et au plus tard jusqu\u2019\u00e0 05h du matin, la sortie Fuveau N\u00b032 de l\u2019autoroute A8 est ferm\u00e9e, dans les 2 sens de circulation, pour effectuer des travaux de s\u00e9curisation d&rsquo;un talus.<\/p>\n<p class=\"article-author\">Auteur : Christophe Cherchour<\/p>\n<p class=\"article-modification\">Derni\u00e8re modification : 17\/11\/2025 14:00<\/p>\n<p>                <img decoding=\"async\" src=\"https:\/\/www.europesays.com\/fr\/wp-content\/uploads\/2025\/04\/M-nuit-balisage-homme.jpg\" alt=\"A8 sortie Fuveau n\u00b032 ferm\u00e9e dans les 2 sens\"\/><\/p>\n<p>                                                    0:17\n                                            <\/p>\n<p class=\"legende\">Op\u00e9ration de balisage par un op\u00e9rateur de nuit sur la chauss\u00e9e<\/p>\n<p>                            \u00a9 VINCI Autoroutes                        <\/p>\n<p>\n        Vous pouvez sortir \u00e0 Aix-Val-Saint-Andr\u00e9 N\u00b031.     <\/p>\n<p>            Pour approfondir le sujet<\/p>\n<p>        Partager cet article<\/p>\n","protected":false},"excerpt":{"rendered":"Accueil Actu trafic Travaux Dans la r\u00e9gion d&rsquo;Aix-en-Provence, les 4 nuits du lundi 17 au vendredi 21 novembre,&hellip;\n","protected":false},"author":2,"featured_media":28035,"comment_status":"","ping_status":"","sticky":false,"template":"","format":"standard","meta":{"footnotes":""},"categories":[9619],"tags":[1111,11,7404,1777,674,4069,1011,27,65849,9865,12,24649,35025,882,16,25,4071,3686,2310,6949],"class_list":{"0":"post-540275","1":"post","2":"type-post","3":"status-publish","4":"format-standard","5":"has-post-thumbnail","7":"category-toulon","8":"tag-actu","9":"tag-actualites","10":"tag-aix-en-provence","11":"tag-eu","12":"tag-europe","13":"tag-fermee","14":"tag-fr","15":"tag-france","16":"tag-fuveau","17":"tag-lundi","18":"tag-news","19":"tag-novembre","20":"tag-nuits","21":"tag-provence-alpes-cote-dazur","22":"tag-region","23":"tag-republique-francaise","24":"tag-sens","25":"tag-sortie","26":"tag-toulon","27":"tag-vendredi"},"share_on_mastodon":{"url":"https:\/\/pubeurope.com\/@fr\/115565195817425121","error":""},"_links":{"self":[{"href":"https:\/\/www.europesays.com\/fr\/wp-json\/wp\/v2\/posts\/540275","targetHints":{"allow":["GET"]}}],"collection":[{"href":"https:\/\/www.europesays.com\/fr\/wp-json\/wp\/v2\/posts"}],"about":[{"href":"https:\/\/www.europesays.com\/fr\/wp-json\/wp\/v2\/types\/post"}],"author":[{"embeddable":true,"href":"https:\/\/www.europesays.com\/fr\/wp-json\/wp\/v2\/users\/2"}],"replies":[{"embeddable":true,"href":"https:\/\/www.europesays.com\/fr\/wp-json\/wp\/v2\/comments?post=540275"}],"version-history":[{"count":0,"href":"https:\/\/www.europesays.com\/fr\/wp-json\/wp\/v2\/posts\/540275\/revisions"}],"wp:featuredmedia":[{"embeddable":true,"href":"https:\/\/www.europesays.com\/fr\/wp-json\/wp\/v2\/media\/28035"}],"wp:attachment":[{"href":"https:\/\/www.europesays.com\/fr\/wp-json\/wp\/v2\/media?parent=540275"}],"wp:term":[{"taxonomy":"category","embeddable":true,"href":"https:\/\/www.europesays.com\/fr\/wp-json\/wp\/v2\/categories?post=540275"},{"taxonomy":"post_tag","embeddable":true,"href":"https:\/\/www.europesays.com\/fr\/wp-json\/wp\/v2\/tags?post=540275"}],"curies":[{"name":"wp","href":"https:\/\/api.w.org\/{rel}","templated":true}]}}