{"id":540276,"date":"2025-11-17T13:08:15","date_gmt":"2025-11-17T13:08:15","guid":{"rendered":"https:\/\/www.europesays.com\/fr\/540276\/"},"modified":"2025-11-17T13:08:15","modified_gmt":"2025-11-17T13:08:15","slug":"limportant-incendie-dans-la-casse-automobile-est-accidentel","status":"publish","type":"post","link":"https:\/\/www.europesays.com\/fr\/540276\/","title":{"rendered":"l&rsquo;important incendie dans la casse automobile est accidentel"},"content":{"rendered":"<p>                    Par<br \/>\n        <strong><br \/>\n            <a href=\"https:\/\/actu.fr\/auteur\/jm-aubert\" title=\"Consulter tous les articles de Jean-Marc Aubert\" target=\"_blank\" rel=\"noopener\">Jean-Marc Aubert<\/a><br \/>\n                    <\/strong><\/p>\n<p>        Publi\u00e9 le<\/p>\n<p>            17 nov. 2025 \u00e0 10h27        <\/p>\n<p>L\u2019important\u00a0<strong>incendie<\/strong> qui a d\u00e9truit huit v\u00e9hicules et deux mobile-homes dans une <strong>casse automobile<\/strong>, dans la nuit de jeudi 13 \u00e0 ce vendredi 14 novembre 2025, au Cr\u00e8s, au nord-est de Montpellier, est d\u2019origine accidentelle.\u00a0<\/p>\n<p class=\" wall-content\">L\u2019enqu\u00eate des <strong>gendarmes<\/strong> de la compagnie de Castelnau-le-Lez progresse, apr\u00e8s cet incendie qui s\u2019est d\u00e9clar\u00e9 vers 2h sur une grande parcelle en friche d\u2019une casse automobile implant\u00e9e dans la ZAC de Maumarin, dans la rue du Puech Cabrier, non loin de la M65, au nord du Cr\u00e8s, o\u00f9 \u00e9taient log\u00e9es deux personnes, l\u2019une dans une caravane, l\u2019autre dans un mobile-home.<\/p>\n<p>    <a href=\"https:\/\/www.google.com\/maps\/embed?pb=!1m18!1m12!1m3!1d4329.738789582264!2d3.929050175655813!3d43.66028899105311!2m3!1f0!2f0!3f0!3m2!1i1024!2i768!4f13.1!3m3!1m2!1s0x12b6a66eaeafcbed%3A0x47ec21e24ee05c78!2sRue%20du%20Puech%20Cabrier%2C%2034920%20Le%20Cr%C3%A8s!5e0!3m2!1sfr!2sfr!4v1763363594158!5m2!1sfr!2sfr\" title=\"Ouvrie le lien\" target=\"_blank\" rel=\"noopener\">Cliquez ici pour visualiser le contenu<\/a><\/p>\n<p class=\" wall-content\">Tous deux sont sortis indemnes, apr\u00e8s avoir \u00e9vacu\u00e9 les lieux et mis en s\u00e9curit\u00e9 par les sapeurs-pompiers venus en nombre : une vingtaine de \u00ab\u00a0soldats du feu\u00a0\u00bb du <strong>Sdis 34<\/strong> ont, en effet \u00e9t\u00e9 mobilis\u00e9s.<\/p>\n<p class=\" wall-content\">Si deux voitures, trois fourgons, trois motos \u00e0 l\u2019\u00e9tat d\u2019\u00e9pave, deux mobile-homes ont \u00e9t\u00e9 enti\u00e8rement d\u00e9truits par les flammes, ainsi qu\u2019un camion de pizza en partie endommag\u00e9, l\u2019action des pompiers a permis de sauver treize v\u00e9hicules, deux poids lourds et trois motos, des carcasses entrepos\u00e9es dans des broussailles hautes ayant permis la progression des flammes.<\/p>\n<p>Vid\u00e9os : en ce moment sur Actu<\/p>\n<p class=\" wall-content\">Les gendarmes ont interrog\u00e9 les deux personnes qui logent dans cette casse automobile, dont un sous le r\u00e9gime de la garde \u00e0 vue ce week-end, pour d\u00e9terminer la cause de cet incendie nocturne. Il a \u00e9t\u00e9 remis en libert\u00e9 ce dimanche 16 novembre sans aucune charge retenue contre lui, car il ressort de l\u2019enqu\u00eate que l\u2019origine de l\u2019incendie est accidentelle.\u00a0Reste que les investigations des gendarmes se poursuivent activement sur ce site champ\u00eatre.<\/p>\n<p class=\" wall-content\">Personnalisez votre actualit\u00e9 en ajoutant vos villes et m\u00e9dias en favori avec <a href=\"https:\/\/moncompte.actu.fr\" title=\"D\u00e9couvez Mon Actu\" rel=\"nofollow noopener\" data-trk=\"{&quot;cta&quot;:{&quot;action&quot;:&quot;https:\\\/\\\/moncompte.actu.fr&quot;,&quot;category&quot;:&quot;mon compte&quot;,&quot;from&quot;:&quot;article footer&quot;,&quot;name&quot;:&quot;Mon actu&quot;,&quot;type&quot;:&quot;cta&quot;}}\" target=\"_blank\">Mon Actu<\/a>.<\/p>\n","protected":false},"excerpt":{"rendered":"Par Jean-Marc Aubert Publi\u00e9 le 17 nov. 2025 \u00e0 10h27 L\u2019important\u00a0incendie qui a d\u00e9truit huit v\u00e9hicules et deux&hellip;\n","protected":false},"author":2,"featured_media":540277,"comment_status":"","ping_status":"","sticky":false,"template":"","format":"standard","meta":{"footnotes":""},"categories":[9599],"tags":[1111,11,1777,674,118,1011,27,3381,1310,2208,12,2680,1311,25],"class_list":{"0":"post-540276","1":"post","2":"type-post","3":"status-publish","4":"format-standard","5":"has-post-thumbnail","7":"category-montpellier","8":"tag-actu","9":"tag-actualites","10":"tag-eu","11":"tag-europe","12":"tag-faits-divers","13":"tag-fr","14":"tag-france","15":"tag-gendarmerie","16":"tag-incendie","17":"tag-montpellier","18":"tag-news","19":"tag-occitanie","20":"tag-pompiers","21":"tag-republique-francaise"},"share_on_mastodon":{"url":"https:\/\/pubeurope.com\/@fr\/115565199690887837","error":""},"_links":{"self":[{"href":"https:\/\/www.europesays.com\/fr\/wp-json\/wp\/v2\/posts\/540276","targetHints":{"allow":["GET"]}}],"collection":[{"href":"https:\/\/www.europesays.com\/fr\/wp-json\/wp\/v2\/posts"}],"about":[{"href":"https:\/\/www.europesays.com\/fr\/wp-json\/wp\/v2\/types\/post"}],"author":[{"embeddable":true,"href":"https:\/\/www.europesays.com\/fr\/wp-json\/wp\/v2\/users\/2"}],"replies":[{"embeddable":true,"href":"https:\/\/www.europesays.com\/fr\/wp-json\/wp\/v2\/comments?post=540276"}],"version-history":[{"count":0,"href":"https:\/\/www.europesays.com\/fr\/wp-json\/wp\/v2\/posts\/540276\/revisions"}],"wp:featuredmedia":[{"embeddable":true,"href":"https:\/\/www.europesays.com\/fr\/wp-json\/wp\/v2\/media\/540277"}],"wp:attachment":[{"href":"https:\/\/www.europesays.com\/fr\/wp-json\/wp\/v2\/media?parent=540276"}],"wp:term":[{"taxonomy":"category","embeddable":true,"href":"https:\/\/www.europesays.com\/fr\/wp-json\/wp\/v2\/categories?post=540276"},{"taxonomy":"post_tag","embeddable":true,"href":"https:\/\/www.europesays.com\/fr\/wp-json\/wp\/v2\/tags?post=540276"}],"curies":[{"name":"wp","href":"https:\/\/api.w.org\/{rel}","templated":true}]}}