{"id":540284,"date":"2025-11-17T13:12:20","date_gmt":"2025-11-17T13:12:20","guid":{"rendered":"https:\/\/www.europesays.com\/fr\/540284\/"},"modified":"2025-11-17T13:12:20","modified_gmt":"2025-11-17T13:12:20","slug":"cyrielle-chatelain-soutient-le-candidat-lfi","status":"publish","type":"post","link":"https:\/\/www.europesays.com\/fr\/540284\/","title":{"rendered":"Cyrielle Chatelain soutient le candidat LFI"},"content":{"rendered":"<p>\n\t\t\t\t\t\t\t\t\t\t\t\t\t17 Novembre 2025\n\t\t\t\t\t\t\t\t\t\t\t\t<\/p>\n<p>\t\t\t\t\t\t\t\t\t\t\t<img decoding=\"async\" src=\"https:\/\/www.europesays.com\/fr\/wp-content\/uploads\/2025\/11\/1280x720_691b13232ef2b-gxc-0jwxcaaormy.jpg\" alt=\"Municipales \u00e0 Echirolles : Cyrielle Chatelain soutient le candidat LFI\" title=\"Municipales \u00e0 Echirolles : Cyrielle Chatelain soutient le candidat LFI\" width=\"1280\" height=\"720\" class=\"img-fluid  mb-3\" loading=\"lazy\"\/>\t\t\t\t\t\t\t\t\t\t\t<\/p>\n<p itemprop=\"description\"><strong>F\u00e2ch\u00e9s \u00e0 Grenoble, en phase \u00e0 Echirolles.<\/strong><\/p>\n<p>\t\t\t\t\tC&rsquo;est la dr\u00f4le de tambouille propos\u00e9e par Cyrielle Chatelain, patronne des d\u00e9put\u00e9s \u00e9cologistes \u00e0 l&rsquo;Assembl\u00e9e nationale.<br \/>\nAlors que la France\u2026\t\t\t\t\t\t\t\t\t\t\t\t\t\t\t\t\t\t\t\t\t\t<\/p>\n<p><a class=\"trans-button\" href=\"https:\/\/www.grenoblemag.com\/article\/2265\/municipales-a-echirolles-cyrielle-chatelain-soutient-le-candidat-lfi\" title=\"Municipales \u00e0 Echirolles : Cyrielle Chatelain soutient le candidat LFI\" target=\"_blank\" rel=\"noopener\"><br \/>\n\t\t\t\t\t\t\t\tLire la suite de l&rsquo;article sur Grenoblemag \u00bb<br \/>\n\t\t\t\t\t\t\t<\/a>\n\t\t\t\t\t\t\t\t\t<\/p>\n","protected":false},"excerpt":{"rendered":"17 Novembre 2025 F\u00e2ch\u00e9s \u00e0 Grenoble, en phase \u00e0 Echirolles. C&rsquo;est la dr\u00f4le de tambouille propos\u00e9e par Cyrielle&hellip;\n","protected":false},"author":2,"featured_media":540285,"comment_status":"","ping_status":"","sticky":false,"template":"","format":"standard","meta":{"footnotes":""},"categories":[9566],"tags":[1111,11,7733,8279,2430,7736,650,7734,2889,2263,1777,674,1011,27,2731,8280,6417,1114,108,4662,12,3725,1825,25,7737],"class_list":{"0":"post-540284","1":"post","2":"type-post","3":"status-publish","4":"format-standard","5":"has-post-thumbnail","7":"category-grenoble","8":"tag-actu","9":"tag-actualites","10":"tag-alpes","11":"tag-alpes1","12":"tag-auvergne-rhone-alpes","13":"tag-cds","14":"tag-cinema","15":"tag-ecoute","16":"tag-emission","17":"tag-equipe","18":"tag-eu","19":"tag-europe","20":"tag-fr","21":"tag-france","22":"tag-grenoble","23":"tag-haute","24":"tag-information","25":"tag-infos","26":"tag-isere","27":"tag-journal","28":"tag-news","29":"tag-podcast","30":"tag-radio","31":"tag-republique-francaise","32":"tag-winamp"},"share_on_mastodon":{"url":"https:\/\/pubeurope.com\/@fr\/115565216158312907","error":""},"_links":{"self":[{"href":"https:\/\/www.europesays.com\/fr\/wp-json\/wp\/v2\/posts\/540284","targetHints":{"allow":["GET"]}}],"collection":[{"href":"https:\/\/www.europesays.com\/fr\/wp-json\/wp\/v2\/posts"}],"about":[{"href":"https:\/\/www.europesays.com\/fr\/wp-json\/wp\/v2\/types\/post"}],"author":[{"embeddable":true,"href":"https:\/\/www.europesays.com\/fr\/wp-json\/wp\/v2\/users\/2"}],"replies":[{"embeddable":true,"href":"https:\/\/www.europesays.com\/fr\/wp-json\/wp\/v2\/comments?post=540284"}],"version-history":[{"count":0,"href":"https:\/\/www.europesays.com\/fr\/wp-json\/wp\/v2\/posts\/540284\/revisions"}],"wp:featuredmedia":[{"embeddable":true,"href":"https:\/\/www.europesays.com\/fr\/wp-json\/wp\/v2\/media\/540285"}],"wp:attachment":[{"href":"https:\/\/www.europesays.com\/fr\/wp-json\/wp\/v2\/media?parent=540284"}],"wp:term":[{"taxonomy":"category","embeddable":true,"href":"https:\/\/www.europesays.com\/fr\/wp-json\/wp\/v2\/categories?post=540284"},{"taxonomy":"post_tag","embeddable":true,"href":"https:\/\/www.europesays.com\/fr\/wp-json\/wp\/v2\/tags?post=540284"}],"curies":[{"name":"wp","href":"https:\/\/api.w.org\/{rel}","templated":true}]}}