{"id":540292,"date":"2025-11-17T13:16:13","date_gmt":"2025-11-17T13:16:13","guid":{"rendered":"https:\/\/www.europesays.com\/fr\/540292\/"},"modified":"2025-11-17T13:16:13","modified_gmt":"2025-11-17T13:16:13","slug":"un-nouveau-one-man-show-pour-alfonso","status":"publish","type":"post","link":"https:\/\/www.europesays.com\/fr\/540292\/","title":{"rendered":"un nouveau one man show pour Alfonso"},"content":{"rendered":"<p>\u201cLe Cousin\u201d est de retour. Sourire sans pareil dans le paysage du stand up alsacien, <strong>Alfonso \u00ab Le Cousin \u00bb (Nsangu-Cornu de son vrai nom)<\/strong> foulera le plateau du th\u00e9\u00e2tre La Sc\u00e8ne, rue Lafayette dans le quartier de la Meinau \u00e0 Strasbourg, mardi 18 novembre. Un an apr\u00e8s <a href=\"https:\/\/www.dna.fr\/culture-loisirs\/2024\/11\/06\/alfonso-seul-en-scene\" target=\"_blank\" rel=\"nofollow noopener\">son bapt\u00eame de feu \u00e0 l\u2019Illiade<\/a> , o\u00f9 il d\u00e9jouait ses \u00ab complexes \u00bb, il se livrera sur son parcours jonch\u00e9 de rebondissements dans un deuxi\u00e8me one man show \u00ab interactif \u00bb.<\/p>\n<p>\u00ab \u00c0 mes c\u00f4t\u00e9s, un ami DJ et une partie de mes chanteurs, pour interpr\u00e9ter un texte contre le harc\u00e8lement scolaire \u00bb, anticipe ce m\u00e9canicien de poids lourds de Hautepierre, devenu <a href=\"https:\/\/www.lalsace.fr\/actualite\/2018\/05\/14\/alfonso-le-maitre-du-choeur\" target=\"_blank\" rel=\"nofollow noopener\">ma\u00eetre de ch\u0153ur gospel<\/a>. Entre des sketchs de 10 \u00e0 15 minutes et une salle de 500 personnes, une montagne \u00e0 escalader ? \u00ab J\u2019ai le trac, mais celui de l\u2019impatience. D\u00e8s que j\u2019ai un micro, je deviens un magicien. \u00bb<\/p>\n<p>Ce contenu est bloqu\u00e9 car vous n&rsquo;avez pas accept\u00e9 les cookies et autres traceurs.<\/p>\n<p>En cliquant sur \u00ab J\u2019accepte \u00bb, les cookies et autres traceurs seront d\u00e9pos\u00e9s et vous pourrez visualiser les contenus  (<a href=\"\" class=\"consentModule_policy\" target=\"_blank\" title=\"Consulter la politique de protection des donn\u00e9es du fournisseur\">plus d&rsquo;informations<\/a>).<\/p>\n<p>En cliquant sur \u00ab J\u2019accepte tous les cookies \u00bb, vous autorisez des d\u00e9p\u00f4ts de cookies et autres traceurs pour le stockage de vos donn\u00e9es sur nos sites et applications \u00e0 des fins de personnalisation et de ciblage publicitaire.<\/p>\n<p class=\"consentModule_secondaryText\">Vous gardez la possibilit\u00e9 de retirer votre consentement \u00e0 tout moment en consultant notre <a href=\"https:\/\/www.dna.fr\/protection-des-donnees\" target=\"_blank\" title=\"Consulter notre politique de protection des donn\u00e9es\" rel=\"nofollow noopener\">politique de protection des donn\u00e9es<\/a>. <br \/>&#13;<br \/>\n            <a href=\"https:\/\/www.dna.fr\/culture-loisirs\/2025\/11\/17\/javascript:Didomi.notice.show()\" class=\"consentModule_cmp\" rel=\"nofollow noopener\" target=\"_blank\">G\u00e9rer mes choix<\/a>&#13;\n        <\/p>\n<p>&#13;<br \/>\n                        J&rsquo;accepte&#13;<br \/>\n            J&rsquo;accepte tous les cookies&#13;\n        <\/p>\n<p>  Un agenda bien rempli<\/p>\n<p>Tout comme sa passion pour le gospel, \u00ab inspir\u00e9e par le film Sister Act, Act 2 \u00bb, le stand up s\u2019apparente \u00e0 une r\u00e9v\u00e9lation : \u00ab Les gens me trouvaient rigolo pendant mes cours de chant \u00bb. Pari r\u00e9ussi : depuis deux ans, il encha\u00eene les soir\u00e9es dans le Grand Est. Le 25 novembre, il montera sur sc\u00e8ne \u00e0 Ribeauvill\u00e9 dans le cadre de la 13 e \u00e9dition du Festival d\u2019humour de Colmar. Pas la peine de se poser des limites : \u00ab Je r\u00eave de me produire \u00e0 Paris dans deux ou trois ans \u00bb.<\/p>\n<p>Ce contenu est bloqu\u00e9 car vous n&rsquo;avez pas accept\u00e9 les cookies et autres traceurs.<\/p>\n<p>En cliquant sur \u00ab J\u2019accepte \u00bb, les cookies et autres traceurs seront d\u00e9pos\u00e9s et vous pourrez visualiser les contenus  (<a href=\"\" class=\"consentModule_policy\" target=\"_blank\" title=\"Consulter la politique de protection des donn\u00e9es du fournisseur\">plus d&rsquo;informations<\/a>).<\/p>\n<p>En cliquant sur \u00ab J\u2019accepte tous les cookies \u00bb, vous autorisez des d\u00e9p\u00f4ts de cookies et autres traceurs pour le stockage de vos donn\u00e9es sur nos sites et applications \u00e0 des fins de personnalisation et de ciblage publicitaire.<\/p>\n<p class=\"consentModule_secondaryText\">Vous gardez la possibilit\u00e9 de retirer votre consentement \u00e0 tout moment en consultant notre <a href=\"https:\/\/www.dna.fr\/protection-des-donnees\" target=\"_blank\" title=\"Consulter notre politique de protection des donn\u00e9es\" rel=\"nofollow noopener\">politique de protection des donn\u00e9es<\/a>. <br \/>&#13;<br \/>\n            <a href=\"https:\/\/www.dna.fr\/culture-loisirs\/2025\/11\/17\/javascript:Didomi.notice.show()\" class=\"consentModule_cmp\" rel=\"nofollow noopener\" target=\"_blank\">G\u00e9rer mes choix<\/a>&#13;\n        <\/p>\n<p>&#13;<br \/>\n                        J&rsquo;accepte&#13;<br \/>\n            J&rsquo;accepte tous les cookies&#13;\n        <\/p>\n<p>  Gospel Kids : \u00ab 11 000 \u00e9l\u00e8ves en 21 ans \u00bb<\/p>\n<p>Animateur au stade de la Meinau, \u00e9ducateur aupr\u00e8s du Racing\u2026 M\u00eame en dehors de la sc\u00e8ne, Alfonso multiplie les casquettes, sans jamais perdre le nord : s\u2019investir pour les plus jeunes. <a href=\"https:\/\/www.dna.fr\/education\/2023\/06\/05\/gospel-kids-20-ans-deja\" target=\"_blank\" rel=\"nofollow noopener\">En lan\u00e7ant \u00ab Gospel Kids \u00bb en 2004<\/a> , il a cr\u00e9\u00e9 le principal ch\u0153ur pour enfants en Alsace. Pas moins de \u00ab 11 000 \u00e9l\u00e8ves en 21 ans \u00bb auront profit\u00e9 du d\u00e9vouement d\u2019un artiste dont le parcours \u00ab prouve que l\u2019on peut partir de rien \u00bb. Apr\u00e8s le coup de\u2026 ch\u0153ur des Kids, c\u2019est au tour des adultes.<\/p>\n<p class=\"note\">Mardi 18 novembre \u00e0 20 h au th\u00e9\u00e2tre La Sc\u00e8ne, 1, rue Lafayette \u00e0 Strasbourg. Lien vers la billetterie : share.google\/Ibn6jdrqLIgNXCjfV<\/p>\n","protected":false},"excerpt":{"rendered":"\u201cLe Cousin\u201d est de retour. Sourire sans pareil dans le paysage du stand up alsacien, Alfonso \u00ab Le&hellip;\n","protected":false},"author":2,"featured_media":540293,"comment_status":"","ping_status":"","sticky":false,"template":"","format":"standard","meta":{"footnotes":""},"categories":[2820],"tags":[1111,11,1687,2880,1777,674,107,1011,27,775,12,25,3140,640,2879],"class_list":{"0":"post-540292","1":"post","2":"type-post","3":"status-publish","4":"format-standard","5":"has-post-thumbnail","7":"category-strasbourg","8":"tag-actu","9":"tag-actualites","10":"tag-culture-loisirs","11":"tag-edition-strasbourg","12":"tag-eu","13":"tag-europe","14":"tag-fil-info","15":"tag-fr","16":"tag-france","17":"tag-grand-est","18":"tag-news","19":"tag-republique-francaise","20":"tag-spectacle","21":"tag-strasbourg","22":"tag-strasbourg-ville"},"share_on_mastodon":{"url":"https:\/\/pubeurope.com\/@fr\/115565231213413360","error":""},"_links":{"self":[{"href":"https:\/\/www.europesays.com\/fr\/wp-json\/wp\/v2\/posts\/540292","targetHints":{"allow":["GET"]}}],"collection":[{"href":"https:\/\/www.europesays.com\/fr\/wp-json\/wp\/v2\/posts"}],"about":[{"href":"https:\/\/www.europesays.com\/fr\/wp-json\/wp\/v2\/types\/post"}],"author":[{"embeddable":true,"href":"https:\/\/www.europesays.com\/fr\/wp-json\/wp\/v2\/users\/2"}],"replies":[{"embeddable":true,"href":"https:\/\/www.europesays.com\/fr\/wp-json\/wp\/v2\/comments?post=540292"}],"version-history":[{"count":0,"href":"https:\/\/www.europesays.com\/fr\/wp-json\/wp\/v2\/posts\/540292\/revisions"}],"wp:featuredmedia":[{"embeddable":true,"href":"https:\/\/www.europesays.com\/fr\/wp-json\/wp\/v2\/media\/540293"}],"wp:attachment":[{"href":"https:\/\/www.europesays.com\/fr\/wp-json\/wp\/v2\/media?parent=540292"}],"wp:term":[{"taxonomy":"category","embeddable":true,"href":"https:\/\/www.europesays.com\/fr\/wp-json\/wp\/v2\/categories?post=540292"},{"taxonomy":"post_tag","embeddable":true,"href":"https:\/\/www.europesays.com\/fr\/wp-json\/wp\/v2\/tags?post=540292"}],"curies":[{"name":"wp","href":"https:\/\/api.w.org\/{rel}","templated":true}]}}