{"id":540298,"date":"2025-11-17T13:19:11","date_gmt":"2025-11-17T13:19:11","guid":{"rendered":"https:\/\/www.europesays.com\/fr\/540298\/"},"modified":"2025-11-17T13:19:11","modified_gmt":"2025-11-17T13:19:11","slug":"nice-deux-chiens-retrouves-dans-des-conditions-abominables-jattends-une-condamnation-exemplaire","status":"publish","type":"post","link":"https:\/\/www.europesays.com\/fr\/540298\/","title":{"rendered":"Nice. Deux chiens retrouv\u00e9s dans des conditions abominables : \u00ab\u00a0J&rsquo;attends une condamnation exemplaire\u00a0\u00bb"},"content":{"rendered":"<p>                    Par<br \/>\n        <strong><br \/>\n            <a href=\"https:\/\/actu.fr\/auteur\/ugo-maillard\" title=\"Consulter tous les articles de Ugo Maillard\" target=\"_blank\" rel=\"noopener\">Ugo Maillard<\/a><br \/>\n                    <\/strong><\/p>\n<p>        Publi\u00e9 le<\/p>\n<p>            17 nov. 2025 \u00e0 13h26        <\/p>\n<p>La d\u00e9couverte avait suscit\u00e9 une vague d\u2019\u00e9mois. Au d\u00e9but du mois de f\u00e9vrier\u00a02025, une op\u00e9ration de police est men\u00e9e dans le quartier de la Madeleine \u00e0 <a href=\"https:\/\/actu.fr\/nice\/\" target=\"_blank\" rel=\"noopener\">Nice<\/a> (<a href=\"https:\/\/actu.fr\/provence-alpes-cote-d-azur\/alpes-maritimes_06\" target=\"_blank\" rel=\"noopener\">Alpes-Maritimes<\/a>). Accompagn\u00e9es de membres d\u2019associations de d\u00e9fense animale, les forces de l\u2019ordre se rendent au domicile d\u2019un couple. Une op\u00e9ration motiv\u00e9e par le recueil de plusieurs t\u00e9moignages suspectant le mauvais <strong>traitement inflig\u00e9 \u00e0 deux chiens<\/strong>.<\/p>\n<p class=\" wall-content\">En p\u00e9n\u00e9trant dans l\u2019appartement, les policiers d\u00e9couvrent un American staffordshire et un Dogue argentin de quatre ans<strong> extr\u00eamement amaigris<\/strong>, enferm\u00e9s et attach\u00e9s dans des conditions indignes.<\/p>\n<p class=\" wall-content\">Le proc\u00e8s du couple se tient le mardi 18\u00a0novembre 2025 au sein du tribunal judiciaire de Nice.<\/p>\n<p>Attach\u00e9s dans des cages<\/p>\n<p class=\" wall-content\">Les deux chiens \u00e9taient enferm\u00e9s dans des cages dans lesquelles ils \u00e9taient \u00e9galement attach\u00e9s, constatent sur place les b\u00e9n\u00e9voles associatifs et les fonctionnaires de police.<\/p>\n<p class=\" wall-content\">Les deux b\u00eates souffrent de <strong>blessures<\/strong>, de d\u00e9shydratation et de nombreux probl\u00e8mes de sant\u00e9 relev\u00e9s par un v\u00e9t\u00e9rinaire.<\/p>\n<p>    <a href=\"https:\/\/www.facebook.com\/plugins\/video.php?height=476&amp;href=https%3A%2F%2Fwww.facebook.com%2Fanimalrefugemonaco%2Fvideos%2F1399441168100338%2F&amp;show_text=false&amp;width=350&amp;t=0\" title=\"Ouvrie le lien\" target=\"_blank\" rel=\"noopener\">Cliquez ici pour visualiser le contenu<\/a><\/p>\n<p class=\" wall-content\">\u00ab\u2009Ils ont \u00e9t\u00e9 saisis par les forces de l\u2019ordre et confi\u00e9s \u00e0 deux refuges dont celui de la SPA de Monaco\u2009\u00bb, pr\u00e9cise l\u2019association St\u00e9phane Lamart.<\/p>\n<p>Votre r\u00e9gion, votre actu !<\/p>\n<p>Recevez chaque jour les infos qui comptent pour vous.<\/p>\n<p>\t<a href=\"https:\/\/actu.fr\/newsletter\" class=\"ac-btn ac-btn--corner ac-btn--medium ac-btn--blue800\" target=\"_blank\" rel=\"noopener\">S&rsquo;incrire<\/a><br \/>\nDes \u00ab\u2009tortionnaires\u2009\u00bb<\/p>\n<p class=\" wall-content\">Plusieurs mois apr\u00e8s cette terrible d\u00e9couverte, la justice doit rendre son verdict. St\u00e9phane Lamart, pr\u00e9sident et fondateur de l\u2019association \u00e9ponyme, sera pr\u00e9sent ce mardi 18\u00a0novembre au tribunal de Nice.<\/p>\n<p class=\" wall-content\">Apr\u00e8s le d\u00e9p\u00f4t de plainte, l\u2019association de d\u00e9fense animale s\u2019est \u00e9galement constitu\u00e9e partie civile dans ce proc\u00e8s. \u00ab\u2009L\u2019une de nos adh\u00e9rentes nous a alert\u00e9s pour que l\u2019on aide \u00e0 faire condamner ces \u2018tortionnaires\u2019\u2009\u00bb, explique St\u00e9phane Lamart \u00e0 <a href=\"https:\/\/actu.fr\/nice\/\" target=\"_blank\" rel=\"noopener\">actu Nice<\/a>.<\/p>\n<blockquote class=\"ac-article-quote wall-content\">\n<p>C&rsquo;est une audience comme une autre malheureusement. Assez courant de voir des chiens ou des chats maltrait\u00e9s ou tortur\u00e9s.<\/p>\n<p>    <strong>St\u00e9phane Lamart<\/strong><br \/>\n        Pr\u00e9sident de l&rsquo;association nationale reconnue d\u2019utilit\u00e9 publique \u00ab\u00a0Pour la d\u00e9fense des droits des animaux\u00a0\u00bb    <\/p><\/blockquote>\n<p class=\" wall-content\">Pour ce qui est du proc\u00e8s, St\u00e9phane Lamart attend \u00ab\u2009une condamnation exemplaire\u2009\u00bb. \u00ab\u2009Le tribunal doit montrer que la maltraitance est combattue par la justice\u2009\u00bb, appuie-t-il.<\/p>\n<p class=\" wall-content\">Personnalisez votre actualit\u00e9 en ajoutant vos villes et m\u00e9dias en favori avec <a href=\"https:\/\/moncompte.actu.fr\" title=\"D\u00e9couvez Mon Actu\" rel=\"nofollow noopener\" data-trk=\"{&quot;cta&quot;:{&quot;action&quot;:&quot;https:\\\/\\\/moncompte.actu.fr&quot;,&quot;category&quot;:&quot;mon compte&quot;,&quot;from&quot;:&quot;article footer&quot;,&quot;name&quot;:&quot;Mon actu&quot;,&quot;type&quot;:&quot;cta&quot;}}\" target=\"_blank\">Mon Actu<\/a>.<\/p>\n","protected":false},"excerpt":{"rendered":"Par Ugo Maillard Publi\u00e9 le 17 nov. 2025 \u00e0 13h26 La d\u00e9couverte avait suscit\u00e9 une vague d\u2019\u00e9mois. Au&hellip;\n","protected":false},"author":2,"featured_media":540299,"comment_status":"","ping_status":"","sticky":false,"template":"","format":"standard","meta":{"footnotes":""},"categories":[2819],"tags":[1111,11,1777,674,118,1011,27,303,6795,12,2401,882,25],"class_list":{"0":"post-540298","1":"post","2":"type-post","3":"status-publish","4":"format-standard","5":"has-post-thumbnail","7":"category-nice","8":"tag-actu","9":"tag-actualites","10":"tag-eu","11":"tag-europe","12":"tag-faits-divers","13":"tag-fr","14":"tag-france","15":"tag-justice","16":"tag-maltraitance-animale","17":"tag-news","18":"tag-nice","19":"tag-provence-alpes-cote-dazur","20":"tag-republique-francaise"},"share_on_mastodon":{"url":"https:\/\/pubeurope.com\/@fr\/115565243028214940","error":""},"_links":{"self":[{"href":"https:\/\/www.europesays.com\/fr\/wp-json\/wp\/v2\/posts\/540298","targetHints":{"allow":["GET"]}}],"collection":[{"href":"https:\/\/www.europesays.com\/fr\/wp-json\/wp\/v2\/posts"}],"about":[{"href":"https:\/\/www.europesays.com\/fr\/wp-json\/wp\/v2\/types\/post"}],"author":[{"embeddable":true,"href":"https:\/\/www.europesays.com\/fr\/wp-json\/wp\/v2\/users\/2"}],"replies":[{"embeddable":true,"href":"https:\/\/www.europesays.com\/fr\/wp-json\/wp\/v2\/comments?post=540298"}],"version-history":[{"count":0,"href":"https:\/\/www.europesays.com\/fr\/wp-json\/wp\/v2\/posts\/540298\/revisions"}],"wp:featuredmedia":[{"embeddable":true,"href":"https:\/\/www.europesays.com\/fr\/wp-json\/wp\/v2\/media\/540299"}],"wp:attachment":[{"href":"https:\/\/www.europesays.com\/fr\/wp-json\/wp\/v2\/media?parent=540298"}],"wp:term":[{"taxonomy":"category","embeddable":true,"href":"https:\/\/www.europesays.com\/fr\/wp-json\/wp\/v2\/categories?post=540298"},{"taxonomy":"post_tag","embeddable":true,"href":"https:\/\/www.europesays.com\/fr\/wp-json\/wp\/v2\/tags?post=540298"}],"curies":[{"name":"wp","href":"https:\/\/api.w.org\/{rel}","templated":true}]}}