{"id":540321,"date":"2025-11-17T13:33:12","date_gmt":"2025-11-17T13:33:12","guid":{"rendered":"https:\/\/www.europesays.com\/fr\/540321\/"},"modified":"2025-11-17T13:33:12","modified_gmt":"2025-11-17T13:33:12","slug":"pres-de-lyon-vaste-operation-des-gendarmes-dans-ce-secteur-ce-quil-sest-passe","status":"publish","type":"post","link":"https:\/\/www.europesays.com\/fr\/540321\/","title":{"rendered":"Pr\u00e8s de Lyon. Vaste op\u00e9ration des gendarmes dans ce secteur : ce qu&rsquo;il s&rsquo;est pass\u00e9"},"content":{"rendered":"<p>                    Par<br \/>\n        <strong><br \/>\n            <a href=\"https:\/\/actu.fr\/auteur\/lisa-rodrigues\" title=\"Consulter tous les articles de Lisa Rodrigues\" target=\"_blank\" rel=\"noopener\">Lisa Rodrigues<\/a><br \/>\n                    <\/strong><\/p>\n<p>        Publi\u00e9 le<\/p>\n<p>            17 nov. 2025 \u00e0 13h57        <\/p>\n<p>Un beau coup de filet. Vendredi 14 novembre, le procureur de la R\u00e9publique de Vienne, en <a href=\"https:\/\/actu.fr\/auvergne-rhone-alpes\/isere_38\" target=\"_blank\" rel=\"noopener\">Is\u00e8re<\/a>, Olivier Rabot, a annonc\u00e9 la mise en examen de \u00ab\u00a0<strong>7 personnes suspect\u00e9es d\u2019avoir livr\u00e9 ou stock\u00e9 des produits stup\u00e9fiants<\/strong>\u00ab\u00a0.<\/p>\n<p class=\" wall-content\">Les suspects ont \u00e9t\u00e9 interpell\u00e9s quelques jours plus t\u00f4t. \u00ab\u00a090 militaires de la compagnie de <a href=\"https:\/\/actu.fr\/auvergne-rhone-alpes\/bourgoin-jallieu_38053\" target=\"_blank\" rel=\"noopener\">Bourgoin-Jallieu<\/a> et des PSPG (pelotons sp\u00e9cialis\u00e9s de protection de la gendarmerie) de Creys-Malville et Saint-Alban ont \u00e9t\u00e9 engag\u00e9s pour proc\u00e9der \u00e0 ces interpellations\u00a0\u00bb, ajoute le procureur.<\/p>\n<p>De la drogue saisie<\/p>\n<p class=\" wall-content\">Cette op\u00e9ration s\u2019est d\u00e9roul\u00e9e dans le cadre d\u2019une commission rogatoire du magistrat instructeur du tribunal judiciaire de Vienne \u00ab\u00a0saisi depuis le mois de mai 2025 d\u2019un trafic de produits stup\u00e9fiants sur les secteurs de <a href=\"https:\/\/actu.fr\/auvergne-rhone-alpes\/lyon_69123\" target=\"_blank\" rel=\"noopener\">Lyon<\/a> et du Nord Is\u00e8re\u00a0\u00bb.<\/p>\n<p class=\" wall-content\">Outre les interpellations, les militaires ont \u00e9galement men\u00e9s des perquisitions.<\/p>\n<blockquote class=\"ac-article-quote wall-content\">\n<p>Ont \u00e9t\u00e9 saisis 3 kilogrammes de r\u00e9sine de cannabis, 300 grammes de coca\u00efne et 300 grammes d\u2019herbe de cannabis, 1 550 euros en num\u00e9raire et une arme de poing.<\/p>\n<p>    <strong>Olivier Rabot<\/strong><br \/>\n        Procureur de la R\u00e9publique de Vienne    <\/p><\/blockquote>\n<p class=\" wall-content\">Les 7 personnes interpell\u00e9es ont \u00e9t\u00e9 <strong>plac\u00e9es en d\u00e9tention provisoire<\/strong>.<\/p>\n<p class=\" wall-content\">Personnalisez votre actualit\u00e9 en ajoutant vos villes et m\u00e9dias en favori avec <a href=\"https:\/\/moncompte.actu.fr\" title=\"D\u00e9couvez Mon Actu\" rel=\"nofollow noopener\" data-trk=\"{&quot;cta&quot;:{&quot;action&quot;:&quot;https:\\\/\\\/moncompte.actu.fr&quot;,&quot;category&quot;:&quot;mon compte&quot;,&quot;from&quot;:&quot;article footer&quot;,&quot;name&quot;:&quot;Mon actu&quot;,&quot;type&quot;:&quot;cta&quot;}}\" target=\"_blank\">Mon Actu<\/a>.<\/p>\n","protected":false},"excerpt":{"rendered":"Par Lisa Rodrigues Publi\u00e9 le 17 nov. 2025 \u00e0 13h57 Un beau coup de filet. Vendredi 14 novembre,&hellip;\n","protected":false},"author":2,"featured_media":540322,"comment_status":"","ping_status":"","sticky":false,"template":"","format":"standard","meta":{"footnotes":""},"categories":[1889],"tags":[1111,11,2430,1052,1777,674,118,1011,27,3381,303,2428,12,25],"class_list":{"0":"post-540321","1":"post","2":"type-post","3":"status-publish","4":"format-standard","5":"has-post-thumbnail","7":"category-lyon","8":"tag-actu","9":"tag-actualites","10":"tag-auvergne-rhone-alpes","11":"tag-drogue","12":"tag-eu","13":"tag-europe","14":"tag-faits-divers","15":"tag-fr","16":"tag-france","17":"tag-gendarmerie","18":"tag-justice","19":"tag-lyon","20":"tag-news","21":"tag-republique-francaise"},"share_on_mastodon":{"url":"https:\/\/pubeurope.com\/@fr\/115565297909725815","error":""},"_links":{"self":[{"href":"https:\/\/www.europesays.com\/fr\/wp-json\/wp\/v2\/posts\/540321","targetHints":{"allow":["GET"]}}],"collection":[{"href":"https:\/\/www.europesays.com\/fr\/wp-json\/wp\/v2\/posts"}],"about":[{"href":"https:\/\/www.europesays.com\/fr\/wp-json\/wp\/v2\/types\/post"}],"author":[{"embeddable":true,"href":"https:\/\/www.europesays.com\/fr\/wp-json\/wp\/v2\/users\/2"}],"replies":[{"embeddable":true,"href":"https:\/\/www.europesays.com\/fr\/wp-json\/wp\/v2\/comments?post=540321"}],"version-history":[{"count":0,"href":"https:\/\/www.europesays.com\/fr\/wp-json\/wp\/v2\/posts\/540321\/revisions"}],"wp:featuredmedia":[{"embeddable":true,"href":"https:\/\/www.europesays.com\/fr\/wp-json\/wp\/v2\/media\/540322"}],"wp:attachment":[{"href":"https:\/\/www.europesays.com\/fr\/wp-json\/wp\/v2\/media?parent=540321"}],"wp:term":[{"taxonomy":"category","embeddable":true,"href":"https:\/\/www.europesays.com\/fr\/wp-json\/wp\/v2\/categories?post=540321"},{"taxonomy":"post_tag","embeddable":true,"href":"https:\/\/www.europesays.com\/fr\/wp-json\/wp\/v2\/tags?post=540321"}],"curies":[{"name":"wp","href":"https:\/\/api.w.org\/{rel}","templated":true}]}}