{"id":540341,"date":"2025-11-17T13:44:18","date_gmt":"2025-11-17T13:44:18","guid":{"rendered":"https:\/\/www.europesays.com\/fr\/540341\/"},"modified":"2025-11-17T13:44:18","modified_gmt":"2025-11-17T13:44:18","slug":"coup-de-froid-sur-le-marche-des-occasions","status":"publish","type":"post","link":"https:\/\/www.europesays.com\/fr\/540341\/","title":{"rendered":"coup de froid sur le march\u00e9 des occasions"},"content":{"rendered":"<p>\u00c0 l&rsquo;image des marques nationales, dont les ventes ont d\u00e9clin\u00e9, le march\u00e9 allemand des voitures d&rsquo;occasion a subi une perte de 2,8 % en octobre 2025. Les 558 790 transactions comptabilis\u00e9es portent le cumul annuel \u00e0 5 510 828 unit\u00e9s, soit l&rsquo;\u00e9quivalent de l&rsquo;an dernier.<\/p>\n<p>Sur un march\u00e9 allemand VO atone en 2025, Mercedes brille depuis le d\u00e9but de l&rsquo;ann\u00e9e 2025. \u00a9AdobeStock-Sarymsakov<\/p>\n<p>Les reventes de <a href=\"https:\/\/journalauto.com\/tag\/voiture-doccasion\/\" target=\"_blank\" rel=\"noopener\">voitures d&rsquo;occasion<\/a> ont baiss\u00e9 en <a href=\"https:\/\/journalauto.com\/tag\/allemagne\/\" target=\"_blank\" rel=\"noopener\">Allemagne<\/a>, en octobre 2025. Selon les donn\u00e9es officielles, le <a href=\"https:\/\/journalauto.com\/tag\/marche\/\" target=\"_blank\" rel=\"noopener\">march\u00e9<\/a> a termin\u00e9 \u00e0 558 790 transactions, soit 2,8 % de moins que l&rsquo;an pass\u00e9.<\/p>\n<p>\u00a0<\/p>\n<p>Il faut dire que les principales marques nationales n&rsquo;ont pas affich\u00e9 un grand \u00e9tat de forme. Volkswagen est align\u00e9e sur la tendance (-2,8 %, \u00e0 115 485 unit\u00e9s), mais Opel (-4,2 %), BMW (-4,9 %) et Audi (-4,6 %) ont \u00e9t\u00e9 chahut\u00e9es au cours de la p\u00e9riode. Mercedes se distingue. Cr\u00e9dit\u00e9e de pratiquement 57 000 voitures d&rsquo;occasion remises \u00e0 la route, la marque \u00e9toil\u00e9e a gagn\u00e9 1 %.<\/p>\n<p>\u00a0<\/p>\n<p>Les concurrentes fran\u00e7aises connaissent des sorts diff\u00e9rents. Renault a plong\u00e9 de 6,7 %, \u00e0 17 450 unit\u00e9s. \u00c0 l&rsquo;inverse, Peugeot (13 720 unit\u00e9s) et Citro\u00ebn (9 860 unit\u00e9s) enregistrent des croissances de respectivement 4,5 % et 6,3 %.<\/p>\n<p>\u00a0<\/p>\n<p><img loading=\"lazy\" decoding=\"async\" class=\"alignnone wp-image-226503\" src=\"data:image\/svg+xml,%3Csvg%20xmlns=\" http:=\"\" alt=\"\" width=\"584\" height=\"1117\" data-lazy- data-lazy- data-lazy-src=\"https:\/\/www.europesays.com\/fr\/wp-content\/uploads\/2025\/11\/VkjY4-volume-vpo-par-marque-en-allemagne-.png\" data-mwl-img-id=\"226503\"\/><\/p>\n<p>\u00a0<\/p>\n<p>Volkswagen \u00e0 l&rsquo;\u00e9quilibre, Citro\u00ebn en nette progression<\/p>\n<p>\u00a0<\/p>\n<p>Au terme des dix premiers mois, le march\u00e9 allemand des voitures d&rsquo;occasion est \u00e0 l&rsquo;\u00e9quilibre. En pointant tout juste \u00e0 plus de 5 510 800 transactions, il gagne 0,2 % par rapport \u00e0 2024.<\/p>\n<p>\u00a0<\/p>\n<p>Un cumul qui comprend notamment 1 130 432 reventes de voitures de la marque Volkswagen (+0,1 %) et 580 742 autres de Mercedes (+3,2 %). Opel (-0,7 %, \u00e0 498 400 unit\u00e9s), BMW (-1,6 %, \u00e0 449 000 unit\u00e9s) et Audi (-1,3 %, \u00e0 414 000 unit\u00e9s) ont bien moins contribu\u00e9 que l&rsquo;an pass\u00e9.<\/p>\n<p>\u00a0<\/p>\n<p>Dans le haut du classement, il faut relever les performances de certaines marques comme Toyota (+4,7 %), Peugeot (+3,8 %), Citro\u00ebn (+4,5 %) et Dacia (+11,9 %).<\/p>\n<p>\u00a0<\/p>\n<p>Des hybrides en croissance de 24,5 %<\/p>\n<p>\u00a0<\/p>\n<p>En termes de motorisations, les voitures d&rsquo;occasion thermiques l\u00e2chent du terrain. Depuis janvier, les moteurs essence accusent -2,4 %, \u00e0 3,163 millions d&rsquo;unit\u00e9s. En parall\u00e8le, les diesel ont chut\u00e9 de 4,8 %, \u00e0 1,586 million de transactions.<\/p>\n<p>\u00a0<\/p>\n<p>\u00a0<\/p>\n<p>Du c\u00f4t\u00e9 des alternatives, 606 000 exemplaires hybrides ont convaincu des acheteurs de voitures d&rsquo;occasion au fil des dix premiers mois (+24,5 %). Ce qui inclut 142 550 hybrides rechargeables (+22,4 %). Par ailleurs, 189 000 voitures \u00e9lectriques d&rsquo;occasion ont trouv\u00e9 preneurs, soit une progression annuelle de 33,8 %.<\/p>\n<p>\u00a0<\/p>\n<p><img loading=\"lazy\" decoding=\"async\" class=\"alignnone wp-image-226504\" src=\"data:image\/svg+xml,%3Csvg%20xmlns=\" http:=\"\" alt=\"\" width=\"584\" height=\"1141\" data-lazy- data-lazy- data-lazy-src=\"https:\/\/www.europesays.com\/fr\/wp-content\/uploads\/2025\/11\/VkjY4-volume-vpo-par-marque-en-allemagne-1.png\" data-mwl-img-id=\"226504\"\/><\/p>\n<p>Vous devez activer le javacript et la gestion des cookies pour b\u00e9n\u00e9ficier de toutes les fonctionnalit\u00e9s.<\/p>\n","protected":false},"excerpt":{"rendered":"\u00c0 l&rsquo;image des marques nationales, dont les ventes ont d\u00e9clin\u00e9, le march\u00e9 allemand des voitures d&rsquo;occasion a subi&hellip;\n","protected":false},"author":2,"featured_media":540342,"comment_status":"","ping_status":"","sticky":false,"template":"","format":"standard","meta":{"footnotes":""},"categories":[1587],"tags":[11,672,1804,1805,1803,1777,674,1801,2089,12,1802,11918],"class_list":{"0":"post-540341","1":"post","2":"type-post","3":"status-publish","4":"format-standard","5":"has-post-thumbnail","7":"category-allemagne","8":"tag-actualites","9":"tag-allemagne","10":"tag-bundesrepublik-deutschland","11":"tag-de","12":"tag-deutschland","13":"tag-eu","14":"tag-europe","15":"tag-germany","16":"tag-marche","17":"tag-news","18":"tag-republique-federale-dallemagne","19":"tag-voiture-doccasion"},"share_on_mastodon":{"url":"https:\/\/pubeurope.com\/@fr\/115565341329062578","error":""},"_links":{"self":[{"href":"https:\/\/www.europesays.com\/fr\/wp-json\/wp\/v2\/posts\/540341","targetHints":{"allow":["GET"]}}],"collection":[{"href":"https:\/\/www.europesays.com\/fr\/wp-json\/wp\/v2\/posts"}],"about":[{"href":"https:\/\/www.europesays.com\/fr\/wp-json\/wp\/v2\/types\/post"}],"author":[{"embeddable":true,"href":"https:\/\/www.europesays.com\/fr\/wp-json\/wp\/v2\/users\/2"}],"replies":[{"embeddable":true,"href":"https:\/\/www.europesays.com\/fr\/wp-json\/wp\/v2\/comments?post=540341"}],"version-history":[{"count":0,"href":"https:\/\/www.europesays.com\/fr\/wp-json\/wp\/v2\/posts\/540341\/revisions"}],"wp:featuredmedia":[{"embeddable":true,"href":"https:\/\/www.europesays.com\/fr\/wp-json\/wp\/v2\/media\/540342"}],"wp:attachment":[{"href":"https:\/\/www.europesays.com\/fr\/wp-json\/wp\/v2\/media?parent=540341"}],"wp:term":[{"taxonomy":"category","embeddable":true,"href":"https:\/\/www.europesays.com\/fr\/wp-json\/wp\/v2\/categories?post=540341"},{"taxonomy":"post_tag","embeddable":true,"href":"https:\/\/www.europesays.com\/fr\/wp-json\/wp\/v2\/tags?post=540341"}],"curies":[{"name":"wp","href":"https:\/\/api.w.org\/{rel}","templated":true}]}}