{"id":540345,"date":"2025-11-17T13:46:16","date_gmt":"2025-11-17T13:46:16","guid":{"rendered":"https:\/\/www.europesays.com\/fr\/540345\/"},"modified":"2025-11-17T13:46:16","modified_gmt":"2025-11-17T13:46:16","slug":"leurope-va-t-elle-faire-machine-arriere-sur-la-protection-des-donnees","status":"publish","type":"post","link":"https:\/\/www.europesays.com\/fr\/540345\/","title":{"rendered":"L\u2019Europe va-t-elle faire machine arri\u00e8re sur la protection des donn\u00e9es ?"},"content":{"rendered":"\n<p>\u00c0 premi\u00e8re vue, la sc\u00e8ne affich\u00e9e \u00e0 la une de <strong>Die Tageszeitung <\/strong>pourrait sembler banale. Un homme fait tranquillement le m\u00e9nage dans son appartement. Mais des voix artificielles troublent cette sc\u00e8ne du quotidien. \u201cIl passe l\u2019aspirateur pendant vingt\u00a0minutes\u201d, s\u2019exclame une enceinte connect\u00e9e. \u201cH\u00e9, ce sont mes donn\u00e9es\u201d, s\u2019insurge un aspirateur sans fil. \u201cNon, les miennes\u201d, r\u00e9torque la t\u00e9l\u00e9vision. \u201cNon, les miennes.\u201d \u201cOK, partageons-les\u201d, tranche l\u2019ordinateur portable pos\u00e9 sur le bureau.<\/p>\n<p>D\u2019apr\u00e8s le journal de gauche berlinois, ce dialogue fictif entre objets connect\u00e9s a des chances de devenir r\u00e9alit\u00e9 si les<strong> <\/strong>\u201cnouvelles directives de protection, pardon, d\u2019aspiration des donn\u00e9es europ\u00e9ennes\u201d<strong> <\/strong>prennent forme dans le cadre du Digital Omnibus, un paquet l\u00e9gislatif cens\u00e9 amender la r\u00e9glementation europ\u00e9enne actuelle.<\/p>\n<p>\u201cL\u2019UE souhaite am\u00e9nager sa l\u00e9gislation sur Internet et reporter certaines innovations importantes, comme l\u2019AI Act sur l\u2019intelligence artificielle\u201d, cens\u00e9e entrer en vigueur en juin 2026, explique la Tageszeitung <a href=\"https:\/\/taz.de\/Digitale-Rechte-in-Europa\/!6130097\/\" target=\"_blank\" rel=\"noopener\">dans un article de d\u00e9cryptage<\/a>. L\u2019objectif\u00a0: simplifier les r\u00e9glementations europ\u00e9ennes et all\u00e9ger l\u2019appareil bureaucratique. Mais ce texte pourrait par la m\u00eame occasion restreindre des protections d\u00e9j\u00e0 en vigueur dans l\u2019Union europ\u00e9enne, comme <a href=\"https:\/\/www.courrierinternational.com\/sujet\/rgpd\" target=\"_blank\" rel=\"noopener\">le r\u00e8glement g\u00e9n\u00e9ral sur la protection des donn\u00e9es (RGPD)<\/a>, ou encore <a href=\"https:\/\/www.courrierinternational.com\/article\/transparence-ce-que-la-nouvelle-loi-europeenne-sur-le-numerique-change-pour-facebook-amazon-tiktok-google-et-cie\" target=\"_blank\" rel=\"noopener\">le Digital Service Act (DSA)<\/a>.<\/p>\n<p>                    Contrer l\u2019\u201ceffet Bruxelles\u201d       <\/p>\n<p>Le syst\u00e8me europ\u00e9en est la cible depuis des mois du <a href=\"https:\/\/www.courrierinternational.com\/sujet\/donald-trump\" target=\"_blank\" rel=\"noopener\">pr\u00e9sident am\u00e9ricain, Donald Trump<\/a>, et de grands patrons de la tech comme <a href=\"https:\/\/www.courrierinternational.com\/sujet\/elon-musk\" target=\"_blank\" rel=\"noopener\">Elon Musk<\/a>.<strong> <\/strong>\u201cIls se heurtent \u00e0 l\u2019\u2018effet Bruxelles\u2019, c\u2019est-\u00e0-dire le fait que les lois europ\u00e9ennes en mati\u00e8re de num\u00e9rique ont une incidence \u00e0 l\u2019\u00e9chelle mondiale et limitent l\u2019exploitation commerciale des donn\u00e9es en provenance d\u2019Europe.\u201d<\/p>\n<p>Et les partisans de la protection des donn\u00e9es en Europe craignent que l\u2019UE ne finisse par c\u00e9der \u00e0 leurs pressions. Dans une lettre ouverte, sign\u00e9e notamment par European Digital Rights et Amnesty International, ils estiment que les \u201cam\u00e9nagements pr\u00e9sent\u00e9s comme une \u2018rationalisation technique\u2019 [dans le cadre du Digital Omnibus] constituent \u2018en r\u00e9alit\u00e9 une tentative de discr\u00e8tement saper les plus solides d\u00e9fenses europ\u00e9ennes contre les menaces num\u00e9riques\u2019\u201d.<\/p>\n<p>Concr\u00e8tement, le RGPD et certaines r\u00e8gles de cybers\u00e9curit\u00e9 pourraient se retrouver assouplies, la fronti\u00e8re entre donn\u00e9es priv\u00e9es et donn\u00e9es \u00e0 usage commercial \u201cpourrait devenir floue\u201d et la mise en \u0153uvre de l\u2019AI Act a des chances d\u2019\u00eatre suspendue.<\/p>\n<p>Un tel projet irait dans le sens d\u2019entreprises de la tech europ\u00e9ennes, <a href=\"https:\/\/www.courrierinternational.com\/article\/asml-la-reponse-europeenne-a-la-silicon-valley_214625\" target=\"_blank\" rel=\"noopener\">comme ASML<\/a>, SAP ou <a href=\"https:\/\/www.courrierinternational.com\/article\/mistral-la-jeune-pousse-francaise-qui-fait-de-l-ombre-a-openai_218088\" target=\"_blank\" rel=\"noopener\">Mistral<\/a>, qui ont demand\u00e9 publiquement l\u2019\u00e9t\u00e9 dernier un assouplissement des r\u00e8gles relatives \u00e0 l\u2019intelligence artificielle. Mais il satisferait aussi des personnalit\u00e9s politiques comme <a href=\"https:\/\/www.courrierinternational.com\/sujet\/emmanuel-macron\" target=\"_blank\" rel=\"noopener\">Emmanuel Macron<\/a> ou <a href=\"https:\/\/www.courrierinternational.com\/sujet\/friedrich-merz\" target=\"_blank\" rel=\"noopener\">le chancelier allemand Friedrich Merz<\/a>. \u201c\u00c0 leurs yeux, la souverainet\u00e9 num\u00e9rique [de l\u2019Europe] passe aussi par la d\u00e9r\u00e9gulation.\u201d La Tageszeitung, elle, ne semble pas de cet avis.<\/p>\n","protected":false},"excerpt":{"rendered":"\u00c0 premi\u00e8re vue, la sc\u00e8ne affich\u00e9e \u00e0 la une de Die Tageszeitung pourrait sembler banale. Un homme fait&hellip;\n","protected":false},"author":2,"featured_media":540346,"comment_status":"","ping_status":"","sticky":false,"template":"","format":"standard","meta":{"footnotes":""},"categories":[1586],"tags":[11,7663,1777,674,1779,1011,27,12,962,17215,25,17345,1778,22336,364,2475],"class_list":{"0":"post-540345","1":"post","2":"type-post","3":"status-publish","4":"format-standard","5":"has-post-thumbnail","7":"category-europe","8":"tag-actualites","9":"tag-commission-europu00e9enne","10":"tag-eu","11":"tag-europe","12":"tag-european-union","13":"tag-fr","14":"tag-france","15":"tag-news","16":"tag-nouvelles-technologies","17":"tag-protection-des-donnu00e9es","18":"tag-republique-francaise","19":"tag-sciences-et-environnement","20":"tag-ue","21":"tag-une-du-jour","22":"tag-union-europeenne","23":"tag-union-europu00e9enne"},"share_on_mastodon":{"url":"https:\/\/pubeurope.com\/@fr\/115565349143042593","error":""},"_links":{"self":[{"href":"https:\/\/www.europesays.com\/fr\/wp-json\/wp\/v2\/posts\/540345","targetHints":{"allow":["GET"]}}],"collection":[{"href":"https:\/\/www.europesays.com\/fr\/wp-json\/wp\/v2\/posts"}],"about":[{"href":"https:\/\/www.europesays.com\/fr\/wp-json\/wp\/v2\/types\/post"}],"author":[{"embeddable":true,"href":"https:\/\/www.europesays.com\/fr\/wp-json\/wp\/v2\/users\/2"}],"replies":[{"embeddable":true,"href":"https:\/\/www.europesays.com\/fr\/wp-json\/wp\/v2\/comments?post=540345"}],"version-history":[{"count":0,"href":"https:\/\/www.europesays.com\/fr\/wp-json\/wp\/v2\/posts\/540345\/revisions"}],"wp:featuredmedia":[{"embeddable":true,"href":"https:\/\/www.europesays.com\/fr\/wp-json\/wp\/v2\/media\/540346"}],"wp:attachment":[{"href":"https:\/\/www.europesays.com\/fr\/wp-json\/wp\/v2\/media?parent=540345"}],"wp:term":[{"taxonomy":"category","embeddable":true,"href":"https:\/\/www.europesays.com\/fr\/wp-json\/wp\/v2\/categories?post=540345"},{"taxonomy":"post_tag","embeddable":true,"href":"https:\/\/www.europesays.com\/fr\/wp-json\/wp\/v2\/tags?post=540345"}],"curies":[{"name":"wp","href":"https:\/\/api.w.org\/{rel}","templated":true}]}}