{"id":540361,"date":"2025-11-17T13:59:19","date_gmt":"2025-11-17T13:59:19","guid":{"rendered":"https:\/\/www.europesays.com\/fr\/540361\/"},"modified":"2025-11-17T13:59:19","modified_gmt":"2025-11-17T13:59:19","slug":"line-renaud-sa-superbe-demeure-des-hauts-de-seine-ou-elle-posait-avec-son-mari-loulou-gaste-photos","status":"publish","type":"post","link":"https:\/\/www.europesays.com\/fr\/540361\/","title":{"rendered":"Line Renaud : sa superbe demeure des Hauts-de-Seine o\u00f9 elle posait avec son mari Loulou Gast\u00e9 (Photos)"},"content":{"rendered":"<p>Line Renaud, <a href=\"https:\/\/www.closermag.fr\/people\/line-renaud-physiquement-diminuee-a-97-ans-ces-images-qui-font-mal-au-coeur-3568757\" target=\"_blank\" rel=\"noopener\"><br \/>\nune personnalit\u00e9 embl\u00e9matique du milieu artistique<\/a> en France,<br \/>\nest devenue au fil du temps l&rsquo;une des figures les plus appr\u00e9ci\u00e9es<br \/>\npar le public fran\u00e7ais. Plus t\u00f4t cette ann\u00e9e, l&rsquo;ancienne meneuse de<br \/>\nrevue et <a href=\"https:\/\/www.closermag.fr\/people\/sidaction-comment-line-renaud-a-inspire-clementine-celarie-pour-son-baiser-a-un-953758\" target=\"_blank\" rel=\"noopener\"><br \/>\nmarraine du Sidaction<\/a> a publi\u00e9 un livre intitul\u00e9 \u00ab\u00a0Merci la vie<br \/>\n!\u00a0\u00bb, o\u00f9 elle \u00e9voque notamment la maison qu&rsquo;elle occupe \u00e0<br \/>\nRueil-Malmaison depuis 1948.<\/p>\n<p>Une demeure qu&rsquo;elle compare \u00e0 une\u00a0\u00ab\u00a0coquille\u00a0\u00bb. Pour<br \/>\nLine Renaud, cette b\u00e2tisse est en fait son \u00ab\u00a0cocon au creux<br \/>\nduquel elle l\u00e2chera [son] dernier soupir\u00a0\u00bb. Pour rappel, c&rsquo;est<br \/>\navec son compagnon <a href=\"https:\/\/www.closermag.fr\/people\/il-irait-en-prison-la-confession-perturbante-de-line-renaud-sur-loulou-gaste-1566498\" target=\"_blank\" rel=\"noopener\"><br \/>\nLoulou Gast\u00e9<\/a> qu&rsquo;elle a achet\u00e9 cette propri\u00e9t\u00e9 en<br \/>\n1948.\u00a0\u00ab\u00a0Ma maison de La Jonch\u00e8re est un monde en soi. Le<br \/>\nmien d&rsquo;aussi loin qu&rsquo;il m&rsquo;en souvienne. Et je me demande encore<br \/>\ncomment je suis parvenue \u00e0 maintenir \u00e0 flot cette propri\u00e9t\u00e9\u00a0\u00bb,<br \/>\na-t-elle notamment pr\u00e9cis\u00e9 son livre.<\/p>\n<p>L&rsquo;actrice a particuli\u00e8rement bien entretenu sa propri\u00e9t\u00e9 au fil<br \/>\ndu temps<\/p>\n<p>Charg\u00e9e de nombreux souvenir, cette maison est un v\u00e9ritable<br \/>\nrefuge pour Line Renaud. Une propri\u00e9t\u00e9 dont elle a pris<br \/>\nparticuli\u00e8rement soin au fil des ann\u00e9es. En effet, la com\u00e9dienne a<br \/>\nindiqu\u00e9 dans son livre qu&rsquo;elle avait effectu\u00e9 des \u00ab\u00a0travaux de<br \/>\nrafra\u00eechissement de son salon plut\u00f4t qu&rsquo;un lifting\u00a0\u00bb. L&rsquo;actrice<br \/>\na d&rsquo;ailleurs apport\u00e9 une attention toute particuli\u00e8re au<br \/>\njardin.<\/p>\n<p>Cependant, tout ne s&rsquo;est pas r\u00e9gl\u00e9 en un jour. En effet, il a<br \/>\nfallu plusieurs d\u00e9cennies pour que la propri\u00e9t\u00e9 de Line Renaud \u00e0<br \/>\nRueil Malmaison ne soit totalement transform\u00e9e en havre de paix.<br \/>\nL&rsquo;ancienne meneuse de revue a d&rsquo;ailleurs pr\u00e9cis\u00e9 au sein de son<br \/>\nouvrage que cette maison a repr\u00e9sent\u00e9 pour elle un r\u00e9el<br \/>\n\u00ab\u00a0gouffre\u00a0\u00bb financier au fil des ann\u00e9es.<\/p>\n<p>Line Renaud sur sa maison : \u00ab\u00a0Je l&rsquo;ai<br \/>\nrestaur\u00e9e de la cave au grenier et m\u00eame agrandie\u00a0\u00bb<\/p>\n<p>En effet, Line Renaud et Loulou Gast\u00e9 ont investi \u00e9norm\u00e9ment<br \/>\nd&rsquo;argent dans la r\u00e9novation de leur propri\u00e9t\u00e9 des Haut-de-Seine. Le<br \/>\nplus gros des travaux a d&rsquo;ailleurs eu lieu \u00ab\u00a0au prix de mille<br \/>\nefforts\u00a0\u00bb. \u00ab\u00a0Et d&rsquo;une centaine de kilos d&rsquo;explosifs qui valurent \u00e0<br \/>\nLoulou quelques cils et cheveux br\u00fbl\u00e9s\u00a0\u00bb, comme l&rsquo;a assur\u00e9 la<br \/>\ncom\u00e9dienne dans son livre.<\/p>\n<p>Pour rappel, lorsque Line Renaud et Loulou Gast\u00e9 ont acquis<br \/>\ncette propri\u00e9t\u00e9 en 1948. Ce n&rsquo;\u00e9tait alors qu&rsquo;un \u00ab\u00a0terrain qui<br \/>\nn&rsquo;\u00e9tait raccord\u00e9 ni \u00e0 l&rsquo;eau ni \u00e0 l&rsquo;\u00e9lectricit\u00e9. Et ne comprenait<br \/>\nm\u00eame pas une route pour s&rsquo;y rendre\u00a0\u00bb. Il a donc fallu<br \/>\nmettre la main \u00e0 la p\u00e2te et au portefeuille pour rendre les lieux<br \/>\nhabitables. \u00ab\u00a0Je l&rsquo;ai restaur\u00e9e de la cave au grenier et m\u00eame<br \/>\nagrandie\u00a0\u00bb, a finalement conclu l&rsquo;actrice.<\/p>\n<p>Diaporama<br \/>\n<img decoding=\"async\" class=\"diapo_img img-responsive lazy-load\" loading=\"lazy\" src=\"https:\/\/www.europesays.com\/fr\/wp-content\/uploads\/2025\/11\/line-renaud-2-300x205-1.jpeg\"\/><\/p>\n<p>\u00a9 MICHEL JEANNEAU<\/p>\n<p>1\/6 Line Renaud<\/p>\n<p>Line Renaud dans sa maison de Vaucresson<br \/>\n(Hauts-de-Seine) en juin 1979<\/p>\n<p><img decoding=\"async\" class=\"diapo_img img-responsive lazy-load\" loading=\"lazy\" src=\"https:\/\/www.europesays.com\/fr\/wp-content\/uploads\/2025\/11\/line-renaud-5-193x300-1.jpeg\"\/><\/p>\n<p>\u00a9 MICHEL JEANNEAU<\/p>\n<p>2\/6 Line Renaud<\/p>\n<p>Line Renaud dans sa maison de Vaucresson (Hauts-de-Seine) en<br \/>\njuin 1979<\/p>\n<p><img decoding=\"async\" class=\"diapo_img img-responsive lazy-load\" loading=\"lazy\" src=\"https:\/\/www.europesays.com\/fr\/wp-content\/uploads\/2025\/11\/line-renaud-3-195x300-1.jpeg\"\/><\/p>\n<p>\u00a9 MICHEL JEANNEAU<\/p>\n<p>3\/6 Line Renaud<\/p>\n<p>Line Renaud dans sa maison de Vaucresson (Hauts-de-Seine) en<br \/>\njuin 1979<\/p>\n<p><img decoding=\"async\" class=\"diapo_img img-responsive lazy-load\" loading=\"lazy\" src=\"https:\/\/www.europesays.com\/fr\/wp-content\/uploads\/2025\/11\/line-renaud-4-300x212-1.jpeg\"\/><\/p>\n<p>\u00a9 MICHEL JEANNEAU<\/p>\n<p>4\/6 Line Renaud et son mari Loulou Gast\u00e9<\/p>\n<p>Line Renaud et son mari Loulou Gast\u00e9 dans leur domaine de<br \/>\nVaucresson (Hauts-de-Seine) en juin 1979<\/p>\n<p><img decoding=\"async\" class=\"diapo_img img-responsive lazy-load\" loading=\"lazy\" src=\"https:\/\/www.europesays.com\/fr\/wp-content\/uploads\/2025\/11\/line-renaud-6-300x201-1-e1763374331490.jpeg\"\/><\/p>\n<p>\u00a9 MICHEL JEANNEAU<\/p>\n<p>5\/6 Line Renaud<\/p>\n<p>Line Renaud dans sa maison de Vaucresson (Hauts-de-Seine) en<br \/>\njuin 1979<\/p>\n<p><img decoding=\"async\" class=\"diapo_img img-responsive lazy-load\" loading=\"lazy\" src=\"https:\/\/www.europesays.com\/fr\/wp-content\/uploads\/2025\/11\/line-renaud-7-200x300-1.jpeg\"\/><\/p>\n<p>\u00a9 MICHEL JEANNEAU<\/p>\n<p>6\/6 Line Renaud et son mari Loulou Gast\u00e9<\/p>\n<p>Line Renaud et son mari Loulou Gast\u00e9<br \/>\ndans leur domaine de Vaucresson (Hauts-de-Seine) en juin 1979<\/p>\n","protected":false},"excerpt":{"rendered":"Line Renaud, une personnalit\u00e9 embl\u00e9matique du milieu artistique en France, est devenue au fil du temps l&rsquo;une des&hellip;\n","protected":false},"author":2,"featured_media":540362,"comment_status":"","ping_status":"","sticky":false,"template":"","format":"standard","meta":{"footnotes":""},"categories":[1359],"tags":[10281,58,59,1011,27,1638,18994,8414,973,6055],"class_list":{"0":"post-540361","1":"post","2":"type-post","3":"status-publish","4":"format-standard","5":"has-post-thumbnail","7":"category-people","8":"tag-buzz-nonli","9":"tag-divertissement","10":"tag-entertainment","11":"tag-fr","12":"tag-france","13":"tag-has_diapo","14":"tag-line-renaud","15":"tag-maisons-de-stars","16":"tag-people","17":"tag-republishing"},"share_on_mastodon":{"url":"https:\/\/pubeurope.com\/@fr\/115565401468140260","error":""},"_links":{"self":[{"href":"https:\/\/www.europesays.com\/fr\/wp-json\/wp\/v2\/posts\/540361","targetHints":{"allow":["GET"]}}],"collection":[{"href":"https:\/\/www.europesays.com\/fr\/wp-json\/wp\/v2\/posts"}],"about":[{"href":"https:\/\/www.europesays.com\/fr\/wp-json\/wp\/v2\/types\/post"}],"author":[{"embeddable":true,"href":"https:\/\/www.europesays.com\/fr\/wp-json\/wp\/v2\/users\/2"}],"replies":[{"embeddable":true,"href":"https:\/\/www.europesays.com\/fr\/wp-json\/wp\/v2\/comments?post=540361"}],"version-history":[{"count":0,"href":"https:\/\/www.europesays.com\/fr\/wp-json\/wp\/v2\/posts\/540361\/revisions"}],"wp:featuredmedia":[{"embeddable":true,"href":"https:\/\/www.europesays.com\/fr\/wp-json\/wp\/v2\/media\/540362"}],"wp:attachment":[{"href":"https:\/\/www.europesays.com\/fr\/wp-json\/wp\/v2\/media?parent=540361"}],"wp:term":[{"taxonomy":"category","embeddable":true,"href":"https:\/\/www.europesays.com\/fr\/wp-json\/wp\/v2\/categories?post=540361"},{"taxonomy":"post_tag","embeddable":true,"href":"https:\/\/www.europesays.com\/fr\/wp-json\/wp\/v2\/tags?post=540361"}],"curies":[{"name":"wp","href":"https:\/\/api.w.org\/{rel}","templated":true}]}}