{"id":540369,"date":"2025-11-17T14:04:13","date_gmt":"2025-11-17T14:04:13","guid":{"rendered":"https:\/\/www.europesays.com\/fr\/540369\/"},"modified":"2025-11-17T14:04:13","modified_gmt":"2025-11-17T14:04:13","slug":"apres-28-ans-plus-tard-premiere-image-pour-le-nouveau-film-de-danny-boyle-a-la-succession","status":"publish","type":"post","link":"https:\/\/www.europesays.com\/fr\/540369\/","title":{"rendered":"Apr\u00e8s 28 ans plus tard, premi\u00e8re image pour le nouveau film de Danny Boyle \u00e0 la Succession"},"content":{"rendered":"<p><strong>Loin des enrag\u00e9s et de l\u2019apocalypse,<\/strong> <strong><a href=\"https:\/\/www.ecranlarge.com\/personnalite\/652014-danny-boyle\" data-type=\"people\" data-id=\"17863\" rel=\"nofollow noopener\" target=\"_blank\">Danny Boyle<\/a> pr\u00e9pare son retour au cin\u00e9ma avec un nouveau film, <a href=\"https:\/\/www.ecranlarge.com\/films\/ink\" data-type=\"films\" data-id=\"1331515\" rel=\"nofollow noopener\" target=\"_blank\">Ink<\/a>, dont on a d\u00e9couvert une premi\u00e8re image.<\/strong><\/p>\n<p>En 2025, Danny Boyle a ressuscit\u00e9 la saga de zombies qu\u2019il avait commenc\u00e9e en 2002 avec <strong>28 jours plus tard<\/strong>. Apr\u00e8s <strong>28 semaines plus tard<\/strong>, confi\u00e9 en 2007 au r\u00e9alisateur Juan Carlos Fresnadillo, <strong><a href=\"https:\/\/www.ecranlarge.com\/films\/1483101-28-years-later\" data-type=\"films\" data-id=\"796053\" rel=\"nofollow noopener\" target=\"_blank\">28 ans plus tard<\/a><\/strong> a donn\u00e9 une nouvelle impulsion \u00e0 la franchise, en plus de ramener Alex Garland au sc\u00e9nario et Danny Boyle \u00e0 la r\u00e9alisation.<\/p>\n<p>                    <img decoding=\"async\" alt=\"\" class=\"wp-image-518375\" style=\"object-fit:cover;width:25px;height:25px\" src=\"https:\/\/www.ecranlarge.com\/content\/uploads\/2023\/09\/arrow-right-circle.svg\"\/><\/p>\n<p>Le film port\u00e9 par Alfie Williams, Jodie Comer, Ralph Fiennes et Aaron Taylor-Johnson a ainsi \u00e9t\u00e9 annonc\u00e9 comme le premier volet d\u2019une nouvelle trilogie, qui continuera toutefois sous la houlette de Nia DaCosta. La r\u00e9alisatrice de <strong>Candyman <\/strong>mettra en sc\u00e8ne le prochain <strong><a href=\"https:\/\/www.ecranlarge.com\/films\/28-years-later-part-2-the-bone-temple\" data-type=\"films\" data-id=\"1253001\" rel=\"nofollow noopener\" target=\"_blank\">28 ans plus tard : Le Temple des Morts<\/a><\/strong>, qui verra le retour du personnage de <a href=\"https:\/\/www.ecranlarge.com\/personnalite\/651899-cillian-murphy\" data-type=\"people\" data-id=\"304109\" rel=\"nofollow noopener\" target=\"_blank\">Cillian Murphy<\/a>, histoire de relier tous les wagons. De son c\u00f4t\u00e9, Danny Boyle est d\u00e9j\u00e0 reparti en tournage. <strong>Le cin\u00e9aste britannique s\u2019affaire sur son prochain long-m\u00e9trage :<\/strong> <strong>Ink<\/strong>, un biopic \u00e0 mille lieues des enrag\u00e9s post-apocalypse, plus proche du pr\u00e9c\u00e9dent <strong>Steve Jobs<\/strong>. <\/p>\n<p>THE SUN IS UP<\/p>\n<p>L\u2019histoire d\u2019<strong>Ink<\/strong>, \u00e9crite par James Graham et adapt\u00e9e de sa propre pi\u00e8ce de th\u00e9\u00e2tre \u00e9ponyme, retracera<strong> l\u2019ascension du controvers\u00e9 magnat des m\u00e9dias et milliardaire Rupert Murdoch<\/strong>, qui a remodel\u00e9 le paysage m\u00e9diatique international et dont l\u2019empire est compos\u00e9, entre autres, de The Sun,\u00a0The Times, Fox News, The Wall Street Journal et The New York Post. Il sera incarn\u00e9 par l\u2019acteur <a href=\"https:\/\/www.ecranlarge.com\/personnalite\/652672-guy-pearce\" data-type=\"people\" data-id=\"5651\" rel=\"nofollow noopener\" target=\"_blank\">Guy Pearce<\/a>. <\/p>\n<p>                    <img decoding=\"async\" alt=\"\" class=\"wp-image-518375\" style=\"object-fit:cover;width:25px;height:25px\" src=\"https:\/\/www.ecranlarge.com\/content\/uploads\/2023\/09\/arrow-right-circle.svg\"\/><\/p>\n<p>Pour l\u2019occasion, <strong>Danny Boyle a retrouv\u00e9 <a href=\"https:\/\/www.ecranlarge.com\/personnalite\/726385-jack-o-connell-ii\" data-type=\"people\" data-id=\"369870\" rel=\"nofollow noopener\" target=\"_blank\">Jack O\u2019Connell<\/a><\/strong>, l\u2019interpr\u00e8te du myst\u00e9rieux et inqui\u00e9tant Sir Jimmy Crystal de <strong>28 ans plus tard<\/strong>, qui sera au c\u0153ur du prochain volet de la franchise. L\u2019acteur joue cette fois<strong> Larry Lamb, un ancien r\u00e9dacteur en chef du tablo\u00efd britannique The Sun<\/strong>, choisi en 1969 par Murdoch en personne pour diriger le titre de presse et en faire le mastodonte qu\u2019il est aujourd\u2019hui. Le reste du casting comprend <a href=\"https:\/\/www.ecranlarge.com\/personnalite\/724780-claire-foy\" data-type=\"people\" data-id=\"124955\" rel=\"nofollow noopener\" target=\"_blank\">Claire Foy<\/a> et <a href=\"https:\/\/www.ecranlarge.com\/personnalite\/681113-christopher-fulford\" data-type=\"people\" data-id=\"330666\" rel=\"nofollow noopener\" target=\"_blank\">Christopher Fulford<\/a> (<strong>Queen of  the Desert<\/strong>), dans des r\u00f4les non confirm\u00e9s pour l\u2019instant. Danny Boyle a \u00e9galement recollabor\u00e9 avec la productrice ex\u00e9cutive Tessa Ross apr\u00e8s avoir travaill\u00e9 ensemble en 2008 pour <strong>Slumdog Millionaire<\/strong>. <\/p>\n<p><strong>Ink <\/strong>est actuellement en tournage, et <strong>Deadline a d\u00e9voil\u00e9 une premi\u00e8re image du personnage de Jack O\u2019Connell<\/strong>, visiblement prise en plein tirage d\u2019un exemplaire. <\/p>\n<p><a href=\"https:\/\/www.ecranlarge.com\/content\/uploads\/2025\/11\/82_115_1a_a011_rt_highres.jpg\" rel=\"nofollow noopener\" target=\"_blank\"><\/p>\n<p><img loading=\"lazy\" decoding=\"async\" alt=\"Ink, Jack O'Connell\" src=\"https:\/\/www.europesays.com\/fr\/wp-content\/uploads\/2025\/11\/82_115_1a_a011_rt_highres-1260x840.jpg\" width=\"1260\" height=\"840\"  \/><\/p>\n<p><\/a>Paperboy <\/p>\n<p>M\u00eame si ce ne sera pas aussi radical que dans <strong>28 jours<\/strong> et <strong>28 ans plus tard<\/strong>, <strong>Ink <\/strong>sera a priori un autre r\u00e9cit d\u2019un monde en pleine mutation, \u00e0 l\u2019instar de son film <strong>Steve Jobs<\/strong>, mais cette fois avec l\u2019information et la fa\u00e7on dont elle est manipul\u00e9e au c\u0153ur du dispositif. Et pour se rendre compte de son impact et de son influence sur le monde des m\u00e9dias : <strong>Rupert Murdoch a directement inspir\u00e9 la s\u00e9rie Succession de HBO<\/strong>, et plus particuli\u00e8rement le patriarche Logan Roy, jou\u00e9 par Brian Cox.<\/p>\n<p>Aucune date ou fen\u00eatre de sortie n\u2019a encore \u00e9t\u00e9 communiqu\u00e9e concernant la sortie de Ink. Quant \u00e0 <strong>28 ans plus tard : Le Temple des Morts<\/strong>, il est attendu dans les salles fran\u00e7aises le 14 janvier 2026. <\/p>\n","protected":false},"excerpt":{"rendered":"Loin des enrag\u00e9s et de l\u2019apocalypse, Danny Boyle pr\u00e9pare son retour au cin\u00e9ma avec un nouveau film, Ink,&hellip;\n","protected":false},"author":2,"featured_media":540370,"comment_status":"","ping_status":"","sticky":false,"template":"","format":"standard","meta":{"footnotes":""},"categories":[1354],"tags":[58,59,1346,1011,27,1360],"class_list":{"0":"post-540369","1":"post","2":"type-post","3":"status-publish","4":"format-standard","5":"has-post-thumbnail","7":"category-films","8":"tag-divertissement","9":"tag-entertainment","10":"tag-films","11":"tag-fr","12":"tag-france","13":"tag-movies"},"share_on_mastodon":{"url":"https:\/\/pubeurope.com\/@fr\/115565420875579242","error":""},"_links":{"self":[{"href":"https:\/\/www.europesays.com\/fr\/wp-json\/wp\/v2\/posts\/540369","targetHints":{"allow":["GET"]}}],"collection":[{"href":"https:\/\/www.europesays.com\/fr\/wp-json\/wp\/v2\/posts"}],"about":[{"href":"https:\/\/www.europesays.com\/fr\/wp-json\/wp\/v2\/types\/post"}],"author":[{"embeddable":true,"href":"https:\/\/www.europesays.com\/fr\/wp-json\/wp\/v2\/users\/2"}],"replies":[{"embeddable":true,"href":"https:\/\/www.europesays.com\/fr\/wp-json\/wp\/v2\/comments?post=540369"}],"version-history":[{"count":0,"href":"https:\/\/www.europesays.com\/fr\/wp-json\/wp\/v2\/posts\/540369\/revisions"}],"wp:featuredmedia":[{"embeddable":true,"href":"https:\/\/www.europesays.com\/fr\/wp-json\/wp\/v2\/media\/540370"}],"wp:attachment":[{"href":"https:\/\/www.europesays.com\/fr\/wp-json\/wp\/v2\/media?parent=540369"}],"wp:term":[{"taxonomy":"category","embeddable":true,"href":"https:\/\/www.europesays.com\/fr\/wp-json\/wp\/v2\/categories?post=540369"},{"taxonomy":"post_tag","embeddable":true,"href":"https:\/\/www.europesays.com\/fr\/wp-json\/wp\/v2\/tags?post=540369"}],"curies":[{"name":"wp","href":"https:\/\/api.w.org\/{rel}","templated":true}]}}