{"id":540371,"date":"2025-11-17T14:05:19","date_gmt":"2025-11-17T14:05:19","guid":{"rendered":"https:\/\/www.europesays.com\/fr\/540371\/"},"modified":"2025-11-17T14:05:19","modified_gmt":"2025-11-17T14:05:19","slug":"migraine-et-si-les-crises-etaient-liees-a-votre-machoire","status":"publish","type":"post","link":"https:\/\/www.europesays.com\/fr\/540371\/","title":{"rendered":"Migraine : et si les crises \u00e9taient li\u00e9es \u00e0 votre m\u00e2choire ?"},"content":{"rendered":"<p>             <a href=\"https:\/\/ma-sante.news\/wp-content\/uploads\/2025\/11\/Migraine-crises-votre-machoire-etait-en-cause-Ma-Sante.jpg\" data-caption=\"La migraine n\u2019est pas qu\u2019un simple mal de t\u00eate, sympt\u00f4me auquel elle est trop souvent r\u00e9sum\u00e9e. \u00a9 Freepik\" rel=\"nofollow noopener\" target=\"_blank\"><img loading=\"lazy\" decoding=\"async\" width=\"696\" height=\"464\" class=\"entry-thumb td-modal-image ewww_webp_lazy_load\" src=\"data:image\/svg+xml,%3Csvg%20xmlns=\" http:=\"\" data-lazy- data-lazy- alt=\"Un homme qui fait beaucoup de crises de migraine sans savoir pourquoi.\" title=\"Migraine crises votre ma\u0302choire e\u0301tait en cause Ma Sante\u0301\" data-lazy-src=\"https:\/\/www.europesays.com\/fr\/wp-content\/uploads\/2025\/11\/Migraine-crises-votre-machoire-etait-en-cause-Ma-Sante-696x464.jpg\" data-lazy-src-webp=\"https:\/\/www.europesays.com\/fr\/wp-content\/uploads\/2025\/11\/Migraine-crises-votre-machoire-etait-en-cause-Ma-Sante-696x464.jpg.webp\" data-lazy-srcset-webp=\"https:\/\/www.europesays.com\/fr\/wp-content\/uploads\/2025\/11\/Migraine-crises-votre-machoire-etait-en-cause-Ma-Sante-696x464.jpg.webp 696w, https:\/\/ma-sante.news\/wp-content\/uploads\/2025\/11\/Migraine-crises-votre-machoire-etait-en-cause-Ma-Sante-300x200.jpg.webp 300w, https:\/\/ma-sante.news\/wp-content\/uploads\/2025\/11\/Migraine-crises-votre-machoire-etait-en-cause-Ma-Sante-768x512.jpg.webp 768w, https:\/\/ma-sante.news\/wp-content\/uploads\/2025\/11\/Migraine-crises-votre-machoire-etait-en-cause-Ma-Sante-630x420.jpg.webp 630w, https:\/\/ma-sante.news\/wp-content\/uploads\/2025\/11\/Migraine-crises-votre-machoire-etait-en-cause-Ma-Sante.jpg.webp 800w\"\/><\/a>La migraine n\u2019est pas qu\u2019un simple mal de t\u00eate, sympt\u00f4me auquel elle est trop souvent r\u00e9sum\u00e9e. \u00a9 Freepik                                    \t\t\t             <a class=\"gofollow\" data-track=\"MjgsMCw2MA==\" href=\"https:\/\/ma-sante.news\/inscrivez-vous-a-notre-newsletter\/\" rel=\"nofollow noopener\" target=\"_blank\"><img loading=\"lazy\" decoding=\"async\" width=\"1068\" height=\"131\" src=\"data:image\/svg+xml,%3Csvg%20xmlns=\" http:=\"\" data-lazy-src=\"https:\/\/www.europesays.com\/fr\/wp-content\/uploads\/2025\/03\/banniere-newsletter.png\"\/><\/a> <\/p>\n<p>On conna\u00eet<a href=\"https:\/\/ma-sante.news\/maux-de-tete-comment-reconnaitre-une-vraie-migraine\/\" rel=\"nofollow noopener\" target=\"_blank\"> la migraine pour ce qu\u2019elle est : un trouble neurologique complexe<\/a>, touchant environ 15 % de la population, avec une nette pr\u00e9dominance f\u00e9minine. Elle s\u2019exprime par des crises parfois violentes, pulsatives, souvent unilat\u00e9rales, accompagn\u00e9es de naus\u00e9es et d\u2019une intol\u00e9rance au bruit comme \u00e0 la lumi\u00e8re. Rien de nouveau sous le soleil.<\/p>\n<p>Mais depuis quelques ann\u00e9es, un intriguant faisceau d\u2019indices s\u2019accumule dans la recherche internationale. Plusieurs \u00e9quipes s\u2019int\u00e9ressent de pr\u00e8s \u00e0 un acteur anatomique voisin : l\u2019articulation temporo-mandibulaire (ATM), cette charni\u00e8re qui nous permet de parler, m\u00e2cher, d\u00e9glutir, rire ou serrer les dents. Beaucoup. Parfois trop.<\/p>\n<p>        L\u2019articulation temporo-mandibulaire (ATM) : de quoi parle-t-on exactement ?\u00a0    <\/p>\n<p>Plac\u00e9e juste devant les oreilles, l\u2019articulation temporo-mandibulaire est sollicit\u00e9e du matin au soir : parler, m\u00e2cher, b\u00e2iller, d\u00e9glutir\u2026 rien ne se fait sans elle. Lorsqu\u2019elle se d\u00e9r\u00e8gle, les sp\u00e9cialistes parlent alors de troubles temporo-mandibulaires (TMD), les manifestations peuvent aller d\u2019une simple g\u00eane \u00e0 des douleurs musculaires ou articulaires, des craquements, des blocages, ou encore une sensation de fatigue de la m\u00e2choire au r\u00e9veil.<\/p>\n<p>Selon une revue publi\u00e9e en 2024 dans le British Dental Journal, les douleurs li\u00e9es \u00e0 l\u2019ATM concernent 27 % des personnes souffrant de c\u00e9phal\u00e9es, contre 15 % chez celles qui n\u2019en pr\u00e9sentent pas. Un \u00e9cart suffisamment marqu\u00e9 pour ne plus consid\u00e9rer cette articulation comme un d\u00e9tail anatomique anodin.<\/p>\n<p>        Migraine : un vrai lien avec la m\u00e2choire ?    <\/p>\n<p>En 2019, une \u00e9tude parue dans The Journal of Pain montrait que les personnes souffrant d\u2019un TMD douloureux avaient<a href=\"https:\/\/ma-sante.news\/migraine-comment-traiter-crise-197845\/\" rel=\"nofollow noopener\" target=\"_blank\"> un risque significativement plus \u00e9lev\u00e9 de migraine<\/a> que de c\u00e9phal\u00e9es de tension.\u00a0<\/p>\n<p>En 2020, une autre \u00e9tude men\u00e9e sur plus de 150 000 dossiers m\u00e9dicaux indiquait un risque accru de migraine chez les patients avec un TMD, avec un odds-ratio avoisinant 2,7. La revue du British Dental Journal de 2024 va plus loin et d\u00e9crit une association bidirectionnelle. En clair :<\/p>\n<ul class=\"wp-block-list\">\n<li>un TMD peut favoriser une migraine,<\/li>\n<li>mais une migraine r\u00e9p\u00e9t\u00e9e peut aussi contribuer \u00e0 l\u2019apparition ou \u00e0 l\u2019aggravation d\u2019un TMD.<\/li>\n<\/ul>\n<p>Un jeu d\u2019influences r\u00e9ciproques, complexe, mais logique quand on regarde l\u2019anatomie de plus pr\u00e8s.<\/p>\n<p>        Pourquoi la m\u00e2choire pourrait-elle d\u00e9clencher une migraine ?    <strong>Le nerf trijumeau, un carrefour strat\u00e9gique<\/strong>    <\/p>\n<p>Tout commence par le nerf trijumeau, l\u2019un des principaux acteurs impliqu\u00e9s dans les crises migraineuses. Et c\u2019est pr\u00e9cis\u00e9ment ce m\u00eame nerf qui innerve la m\u00e2choire, l\u2019articulation temporo-mandibulaire et les muscles masticateurs.<\/p>\n<p>Ainsi, lorsqu\u2019une irritation (inflammation, tension, trouble fonctionnel) se produit dans cette zone, elle peut remonter le long de ce r\u00e9seau nerveux particuli\u00e8rement r\u00e9actif et participer \u00e0 l\u2019installation d\u2019une crise.<\/p>\n<p>        <strong>Des muscles masticateurs souvent sursollicit\u00e9s<\/strong>    <\/p>\n<p><a href=\"https:\/\/ma-sante.news\/bruxisme-chez-les-enfants-comment-arreter-de-grincer-des-dents\/\" rel=\"nofollow noopener\" target=\"_blank\">En cas de bruxisme<\/a>, ils travaillent en surcharge. Cette contraction excessive peut provoquer des douleurs qui irradient vers les tempes, la joue ou le front.<\/p>\n<p>Pour le cerveau, ces signaux sont parfois difficiles \u00e0 distinguer d\u2019un d\u00e9but de migraine, et ils peuvent en amplifier l\u2019intensit\u00e9.<\/p>\n<p>        <strong>La posture, un facteur sous-estim\u00e9<\/strong>    <\/p>\n<p>La position de la m\u00e2choire est intimement li\u00e9e \u00e0 celle du cou. Une t\u00eate qui s\u2019incline vers l\u2019avant, une nuque tendue, postures devenues courantes \u00e0 l\u2019\u00e8re du num\u00e9rique, perturbent l\u2019\u00e9quilibre cervical.<\/p>\n<p>Or, les connexions entre les nerfs cervicaux et le trijumeau constituent l\u2019un des carrefours de la douleur migraineuse. Des tensions posturales r\u00e9currentes peuvent donc favoriser ou d\u00e9clencher des c\u00e9phal\u00e9es.<\/p>\n<p>        Migraine : comment savoir si votre m\u00e2choire entre en jeu ?    <\/p>\n<p>Toutes les migraines ne viennent pas de la m\u00e2choire. Pas plus que toutes les douleurs de m\u00e2choire ne cr\u00e9ent une migraine. Mais l\u2019association est aujourd\u2019hui suffisamment solide pour justifier un int\u00e9r\u00eat clinique, surtout chez les patients \u00e9chappant aux solutions habituelles.<\/p>\n<p>Dans la pratique, cela peut signifier :<\/p>\n<ul class=\"wp-block-list\">\n<li>s\u2019interroger sur ses habitudes nocturnes (grincement, serrement),<\/li>\n<li>surveiller les tensions au r\u00e9veil,<\/li>\n<li>pr\u00eater attention aux craquements, aux sensations de blocage,<\/li>\n<li>consulter un sp\u00e9cialiste de l\u2019ATM si les sympt\u00f4mes sont regroup\u00e9s.<\/li>\n<\/ul>\n<p>Les traitements des TMD, lorsqu\u2019ils sont indiqu\u00e9s, ne sont pas invasifs : \u00e9ducation, physioth\u00e9rapie cibl\u00e9e, exercices, r\u00e9\u00e9ducation posturale, parfois une goutti\u00e8re occlusale.<\/p>\n<p>        Pour les m\u00e9decins : vers une approche plus transversale    <\/p>\n<p>Cette association entre migraine et TMD invite \u00e0 un changement d\u2019angle. Pour les neurologues comme pour les dentistes, il s\u2019agit d\u2019envisager le patient dans sa globalit\u00e9. L\u2019articulation temporo-mandibulaire reste tr\u00e8s peu explor\u00e9e dans les consultations migraineuses. Pourtant, une palpation musculaire simple ou quelques questions cibl\u00e9es peuvent orienter vers un TMD m\u00e9connu.<\/p>\n<p>Les professionnels insistent sur le besoin d\u2019une prise en charge pluridisciplinaire : neurologue, dentiste, kin\u00e9sith\u00e9rapeute sp\u00e9cialis\u00e9, parfois ORL ou posturologue.<\/p>\n<blockquote class=\"wp-block-quote is-layout-flow wp-block-quote-is-layout-flow\">\n<p><strong>\u00c0 SAVOIR<\/strong><\/p>\n<p>Le bruxisme concerne entre 8 % et 31 % des adultes Ce comportement, fr\u00e9quemment li\u00e9 au stress, est l\u2019un des facteurs qui peuvent accentuer les tensions de la m\u00e2choire\u2026 et potentiellement contribuer \u00e0 l\u2019apparition de c\u00e9phal\u00e9es chez certaines personnes.<\/p>\n<\/blockquote>\n<p>  <a class=\"gofollow\" data-track=\"MTIsMCw2MA==\" href=\"https:\/\/ma-sante.news\/annonceurs\/\" rel=\"nofollow noopener\" target=\"_blank\"><img loading=\"lazy\" decoding=\"async\" width=\"2560\" height=\"2133\" src=\"data:image\/svg+xml,%3Csvg%20xmlns=\" http:=\"\" data-lazy-src=\"https:\/\/www.europesays.com\/fr\/wp-content\/uploads\/2025\/03\/pub-annonceurs-4-scaled.jpg\"\/><\/a>    <img loading=\"lazy\" decoding=\"async\" width=\"755\" height=\"495\" src=\"data:image\/svg+xml,%3Csvg%20xmlns=\" http:=\"\" data-lazy-src=\"https:\/\/www.europesays.com\/fr\/wp-content\/uploads\/2025\/03\/Image1.jpg\" data-lazy-src-webp=\"https:\/\/www.europesays.com\/fr\/wp-content\/uploads\/2025\/03\/Image1.jpg.webp\" class=\"ewww_webp_lazy_load\"\/>Inscrivez-vous \u00e0 notre newsletter <br \/>Ma Sant\u00e9                      <\/p>\n","protected":false},"excerpt":{"rendered":"La migraine n\u2019est pas qu\u2019un simple mal de t\u00eate, sympt\u00f4me auquel elle est trop souvent r\u00e9sum\u00e9e. \u00a9 Freepik&hellip;\n","protected":false},"author":2,"featured_media":540372,"comment_status":"","ping_status":"","sticky":false,"template":"","format":"standard","meta":{"footnotes":""},"categories":[10],"tags":[1011,27,72,25439,71],"class_list":{"0":"post-540371","1":"post","2":"type-post","3":"status-publish","4":"format-standard","5":"has-post-thumbnail","7":"category-sante","8":"tag-fr","9":"tag-france","10":"tag-health","11":"tag-migraine","12":"tag-sante"},"share_on_mastodon":{"url":"https:\/\/pubeurope.com\/@fr\/115565423747176067","error":""},"_links":{"self":[{"href":"https:\/\/www.europesays.com\/fr\/wp-json\/wp\/v2\/posts\/540371","targetHints":{"allow":["GET"]}}],"collection":[{"href":"https:\/\/www.europesays.com\/fr\/wp-json\/wp\/v2\/posts"}],"about":[{"href":"https:\/\/www.europesays.com\/fr\/wp-json\/wp\/v2\/types\/post"}],"author":[{"embeddable":true,"href":"https:\/\/www.europesays.com\/fr\/wp-json\/wp\/v2\/users\/2"}],"replies":[{"embeddable":true,"href":"https:\/\/www.europesays.com\/fr\/wp-json\/wp\/v2\/comments?post=540371"}],"version-history":[{"count":0,"href":"https:\/\/www.europesays.com\/fr\/wp-json\/wp\/v2\/posts\/540371\/revisions"}],"wp:featuredmedia":[{"embeddable":true,"href":"https:\/\/www.europesays.com\/fr\/wp-json\/wp\/v2\/media\/540372"}],"wp:attachment":[{"href":"https:\/\/www.europesays.com\/fr\/wp-json\/wp\/v2\/media?parent=540371"}],"wp:term":[{"taxonomy":"category","embeddable":true,"href":"https:\/\/www.europesays.com\/fr\/wp-json\/wp\/v2\/categories?post=540371"},{"taxonomy":"post_tag","embeddable":true,"href":"https:\/\/www.europesays.com\/fr\/wp-json\/wp\/v2\/tags?post=540371"}],"curies":[{"name":"wp","href":"https:\/\/api.w.org\/{rel}","templated":true}]}}