{"id":540379,"date":"2025-11-17T14:09:11","date_gmt":"2025-11-17T14:09:11","guid":{"rendered":"https:\/\/www.europesays.com\/fr\/540379\/"},"modified":"2025-11-17T14:09:11","modified_gmt":"2025-11-17T14:09:11","slug":"ils-viennent-chercher-une-forme-de-securite-la-fuite-silencieuse-de-lepargne-des-francais-vers-la-suisse-et-le-luxembourg-le-figaro","status":"publish","type":"post","link":"https:\/\/www.europesays.com\/fr\/540379\/","title":{"rendered":"\u00ab Ils viennent chercher une forme de s\u00e9curit\u00e9 \u00bb : la fuite silencieuse de l\u2019\u00e9pargne des Fran\u00e7ais vers la Suisse et le Luxembourg &#8211; Le Figaro"},"content":{"rendered":"<ol>\n<li><a href=\"https:\/\/news.google.com\/rss\/articles\/CBMi-wFBVV95cUxPWnUxTG9faDZ3UDBMRVM2MFZaMmxFYVNQa3BEMjV1S0h6ckVHSDZDU3dMV1BGdlVDRDRnbXBXN0haZHFUNGNzaHpVV0k1RjNqVF80RVVTek1TYXpaUjlJdFU4bUhPWHZ5YkZ4R0I1c1l6YTNWRzBVSmFBR1l5QWl1NGFyQnVjR1hBU1I2eVpNWFhyZ3RnMWFWTld2U1lJc1NTVzJoeXRXam5kVUR2TzdhNExwUDlMUEFoOTRXM3owTklwdXpEOGNVMlhROUxrOU5XMUlBd05QbkFoUndTSFdTQ0oycDBYSWVRRXowR2lYQnB6S1hLTXgtNGkwdw?oc=5\" target=\"_blank\" rel=\"nofollow noopener\">\u00ab Ils viennent chercher une forme de s\u00e9curit\u00e9 \u00bb : la fuite silencieuse de l\u2019\u00e9pargne des Fran\u00e7ais vers la Suisse et le Luxembourg<\/a>&nbsp;&nbsp;Le Figaro<\/li>\n<li><a href=\"https:\/\/news.google.com\/rss\/articles\/CBMinAJBVV95cUxPeG01N3RWSmFzTG5rQ3RVdHcweGxaOVRkR3dpQ3JYTXpwVkxjaUhxUDJNTEhBWG5KVkhlanNpUE44X0FrNWhNTmxiZGlpcTQzX0lHV3YwdnlXcGVlZ2xwVV9VN0VENWFsTVZ3bTdSdXg4SDJadGFMdlJ4LXJxeVJSb2p6NlBWRWNqbzAxMG5oclFwWl8wdlEyVHlyNi1uMnBOdWlHSXJKci1uSV9CR1ZfcmFncF90ekhsSkNYT0o0OVRXWTdKSURpdVZxTVFheko4a2ZuTHNic1MwNGFhYU5wdUJjalhiMVNtMllJNWlGdHRVMWI2NVZhZTNlYmRmT0xvQ2ZHOU5pa1lDN0Frd1NiLUdiN2thVlRPTUtLSNIBogJBVV95cUxPa1JHS3ZIRUhGU2Nob2R6X3JDYlZ2WGM3N0lDRExXRW1yelRYRWpET2FLUVFzTk5fWWVfU3I5NDM4TFhENnI4WENVVUs5czZRM19hSGJ4SHBnM2NTRDUxOGhYWW9LS25xTVdxQnhNckV5WlBweFZKSHJpY2NKOC1MVWdNenZmbVBvdVEwLUJMT1Bick5GNUlfelhNM1AyX0VPOUh6SVktZmE3cHR4TDRGd3ZYdkRBX1RvUzM2SjRwdHpYWXZlbUFMcDFxRk91UEJva1QyMTdIOWtubGtpYjZyTG5HV0V1dlVOSTg2d1M3N1I3cThBUFphQjh4V0hoemU1ZlBKU3ZsOXlQTVd2em84VWdGczVKcTcxUlZUeGhJMDV1QQ?oc=5\" target=\"_blank\" rel=\"nofollow noopener\">Inquiets de voir leurs imp\u00f4ts flamber, les Fran\u00e7ais fortun\u00e9s se tournent vers des conseillers patrimoniaux d\u00e9b<\/a>&nbsp;&nbsp;Boursorama<\/li>\n<li><a href=\"https:\/\/news.google.com\/rss\/articles\/CBMi9wFBVV95cUxPMW1CcHhjVDlOYmxZVUVoaEoxMnNuSEdzUmxCc05ySXhia0hxcmhyS3dtc2RfcGlsVU4wdkQ3R09ZWGpkdVdKREcxY0tOamVDOElUWThQS3E5Uktzd28xYTlWUWtnb0tfSEJqUU1JeTJvdmFFWEJDbWp1QW1IRXV4Vzh0d0JUT01PdGhqVGp6NmNtZkQ5cU1TY253NDhPZzZVY2RDQkFleXpwMWV1NjBSLW0wbWduYlBqeFdFOUpVMk1KVTlNR0pUbExOOVozakxNdUlKU1UyU2pxc2FLdlNUUVpDZmZDN0l3T3ZKQ3hjVlpmNkFBVklF?oc=5\" target=\"_blank\" rel=\"nofollow noopener\">Face \u00e0 l\u2019instabilit\u00e9 fiscale, l\u2019\u00e9pargne fran\u00e7aise prend la fuite vers la Suisse et le Luxembourg<\/a>&nbsp;&nbsp;ZoomInvest<\/li>\n<li><a href=\"https:\/\/news.google.com\/rss\/articles\/CBMilgFBVV95cUxQT0F2YmJvY3Y4bHo3ZGFENHctZm1GMEt6VmNZczBVUDFjaXhnN0RFRlJwSnZLV1pjZ3RfcWFYODdvb0gtZENWWWF1OEZ5S01tVzFpcGI2X0h6SGRVd1RycjlSOFUtOWdmNVFGaEJGQWFYS201Tm1ZTFVvR3lONnI2TkpNZ1B2cHRjdWsyZ3FjendLQ3lhOEE?oc=5\" target=\"_blank\" rel=\"nofollow noopener\">L\u2019impossible consensus sur la fiscalit\u00e9 du capital<\/a>&nbsp;&nbsp;L&rsquo;Agefi<\/li>\n<li><a href=\"https:\/\/news.google.com\/rss\/articles\/CBMivgFBVV95cUxOVHdTZjFEX0FKMS1VNHRTOFBKcjlDSXBXTEp3UU5IbEt6cFJmN05CWmxaX2I0QTVCaUJWbHc5VEV5UjNid0haMXE2c0lIc0dOSXZxbERBbncyLTdUSlMwYmxES3M4RjI3NnMzM0lQMDgyWFhqaDNsLWFIQThYLUVZUXVySkk4TktMdXRMMFdZaWVPNm9aM05JVFZ1a25FNGxwdkhaTVRIRmk0c1Z2Y0IwZ2xKaGc0TXpIdUJxZVB3?oc=5\" target=\"_blank\" rel=\"nofollow noopener\">Taxe sur les holdings patrimoniales : un revirement qui rassure le monde du patrimoine priv\u00e9<\/a>&nbsp;&nbsp;Forbes France<\/li>\n<\/ol>\n","protected":false},"excerpt":{"rendered":"\u00ab Ils viennent chercher une forme de s\u00e9curit\u00e9 \u00bb : la fuite silencieuse de l\u2019\u00e9pargne des Fran\u00e7ais vers&hellip;\n","protected":false},"author":2,"featured_media":395849,"comment_status":"","ping_status":"","sticky":false,"template":"","format":"standard","meta":{"footnotes":""},"categories":[6],"tags":[35,33,34,1011,27],"class_list":{"0":"post-540379","1":"post","2":"type-post","3":"status-publish","4":"format-standard","5":"has-post-thumbnail","7":"category-economie","8":"tag-business","9":"tag-economie","10":"tag-economy","11":"tag-fr","12":"tag-france"},"share_on_mastodon":{"url":"https:\/\/pubeurope.com\/@fr\/115565439508063990","error":""},"_links":{"self":[{"href":"https:\/\/www.europesays.com\/fr\/wp-json\/wp\/v2\/posts\/540379","targetHints":{"allow":["GET"]}}],"collection":[{"href":"https:\/\/www.europesays.com\/fr\/wp-json\/wp\/v2\/posts"}],"about":[{"href":"https:\/\/www.europesays.com\/fr\/wp-json\/wp\/v2\/types\/post"}],"author":[{"embeddable":true,"href":"https:\/\/www.europesays.com\/fr\/wp-json\/wp\/v2\/users\/2"}],"replies":[{"embeddable":true,"href":"https:\/\/www.europesays.com\/fr\/wp-json\/wp\/v2\/comments?post=540379"}],"version-history":[{"count":0,"href":"https:\/\/www.europesays.com\/fr\/wp-json\/wp\/v2\/posts\/540379\/revisions"}],"wp:featuredmedia":[{"embeddable":true,"href":"https:\/\/www.europesays.com\/fr\/wp-json\/wp\/v2\/media\/395849"}],"wp:attachment":[{"href":"https:\/\/www.europesays.com\/fr\/wp-json\/wp\/v2\/media?parent=540379"}],"wp:term":[{"taxonomy":"category","embeddable":true,"href":"https:\/\/www.europesays.com\/fr\/wp-json\/wp\/v2\/categories?post=540379"},{"taxonomy":"post_tag","embeddable":true,"href":"https:\/\/www.europesays.com\/fr\/wp-json\/wp\/v2\/tags?post=540379"}],"curies":[{"name":"wp","href":"https:\/\/api.w.org\/{rel}","templated":true}]}}