{"id":540387,"date":"2025-11-17T14:14:19","date_gmt":"2025-11-17T14:14:19","guid":{"rendered":"https:\/\/www.europesays.com\/fr\/540387\/"},"modified":"2025-11-17T14:14:19","modified_gmt":"2025-11-17T14:14:19","slug":"conjoncture-la-loire-stabilise-le-nombre-de-salaries-dans-le-prive","status":"publish","type":"post","link":"https:\/\/www.europesays.com\/fr\/540387\/","title":{"rendered":"Conjoncture : la Loire stabilise le nombre de salari\u00e9s dans le priv\u00e9"},"content":{"rendered":"<p>\u00ab\u00a0Apr\u00e8s deux ann\u00e9es de recul\u00a0\u00bb, Ang\u00e9lique Tholoniat-Frachisse, de l\u2019agence d\u2019urbanisme \u00c9pures, constate \u00ab\u00a0une inversion de tendance, avec une augmentation de 0,1 % de l\u2019effectif salari\u00e9 priv\u00e9 dans la Loire (\u2026) soit 220 cr\u00e9ations de postes suppl\u00e9mentaires sur la p\u00e9riode juillet 2024 &#8211; juin 2025, \u00e9galement marqu\u00e9e par la fermeture de 60 \u00e9tablissements industriels\u00a0\u00bb. <\/p>\n<p>Les territoires en pertes d\u2019emplois en 2023 et 2024 les ont confirm\u00e9es notamment Roannais Agglom\u00e9ration et Saint-\u00c9tienne M\u00e9tropole. Idem pour ceux en dynamique. Les chiffres au 30 juin 2025 montrent que sur les 12 derniers mois <strong>Loire Forez Agglom\u00e9ration enregistre une hausse de 280 postes<\/strong>. Pour le Pilat rhodanien et Forez-Est, elle est de 30 postes chacun. <\/p>\n<p>L&rsquo;\u00e9conomie lig\u00e9rienne se tertiarise concentrant un salari\u00e9 sur deux <\/p>\n<p>Roannais Agglom\u00e9ration constate une augmentation de 140 postes en 2025, qui s\u2019explique notamment par de l\u2019int\u00e9rim et par <a href=\"https:\/\/mesinfos.fr\/42300-roanne\/evolutis-prend-une-autre-dimension-en-s-installant-a-roanne-216724.html\" rel=\"noopener\" target=\"_blank\">le d\u00e9m\u00e9nagement d\u2019Evolutis depuis Charlieu-Belmont<\/a>. Saint-\u00c9tienne M\u00e9tropole se caract\u00e9rise elle par un ralentissement d\u2019une perte d\u2019emplois due en grande partie au commerce. <\/p>\n<p>La tendance \u00e0 la tertiarisation de l\u2019\u00e9conomie lig\u00e9rienne se poursuit, avec un gain de six points pour les services entre 1998 et 2024 (pendant que les effectifs industriels perdaient 11 points). Ils repr\u00e9sentent un salari\u00e9 sur deux, suivis de l\u2019industrie (25 %, contre 20 % en Auvergne Rh\u00f4ne-Alpes et 16 % en France), du commerce et de la construction.<\/p>\n<p> <img decoding=\"async\" alt=\"\" class=\"img-align-center\" data-zoomable=\"\" height=\"1442\" loading=\"lazy\" src=\"https:\/\/www.europesays.com\/fr\/wp-content\/uploads\/2025\/11\/evolutions-economiques-presentation-loire.jpg\" width=\"2000\"\/> \u00a9 Denis Meynard &#8211; Les partenaires de l\u2019\u00e9tude r\u00e9unis \u00e0 l\u2019IUT de Saint-\u00c9tienne. Le BTP et le commerce perdent des salari\u00e9s <\/p>\n<p>Entre 2023 et 2024, <strong>la diminution des effectifs concerne surtout le BTP<\/strong> (- 0,9 %, soit 150 postes), <strong>le commerce<\/strong> (-1,8 %, soit 660 postes), notamment du fait d\u2019une perte de 680 postes dans le commerce de d\u00e9tail. Ceux de l\u2019artisanat et des services augmentent respectivement de 0,8 % (+260 postes) et 0,5 % (+460 postes), tandis que l\u2019industrie est globalement en l\u00e9ger recul (-30 postes).<\/p>\n<p>Dans le d\u00e9tail, le bois-meuble est le principal secteur en recul (-110 postes), tandis que la chimie-pharmacie gagne 90 postes. De leur c\u00f4t\u00e9, l\u2019agroalimentaire, l\u2019automobile et les autres industries manufacturi\u00e8res progressent de 60 postes chacun. <\/p>\n<p>Au 30 juin 2025, seuls <strong>les services gagnent des effectifs<\/strong> (+1 200 postes), l\u2019industrie est stable et tous les autres secteurs reculent. Le commerce est celui qui en perd le plus (-490 postes), suivi du BTP (-190 postes) et de l\u2019artisanat (-180 postes).<\/p>\n<p> Augmentation des contrats \u00e0 dur\u00e9e d\u00e9termin\u00e9e courts <\/p>\n<p>David Frachisse (Emploi Loire Observatoire) a recens\u00e9 sur le <strong>march\u00e9 du travail lig\u00e9rien<\/strong> \u00ab\u00a0moins de 23 000 offres d\u2019emplois enregistr\u00e9es sur un an (en baisse), contre pr\u00e8s de 77 000 demandes d&#8217;emploi (en hausse)\u00a0\u00bb. <strong>Le taux de ch\u00f4mage est lui stable, \u00e0 7,6 %<\/strong> (7,5 % au niveau national), mais le nombre de demandeurs d\u2019emplois continue \u00e0 cro\u00eetre, \u00e0 62 500 en septembre dernier. <\/p>\n<p>Les projets de recrutements annonc\u00e9s voici un an pour l\u2019ann\u00e9e 2025 (17 500) \u00e9taient quant \u00e0 eux en nette baisse (-16 %). Et si <strong>les d\u00e9clarations pr\u00e9alables \u00e0 l\u2019embauche sont en tr\u00e8s l\u00e9g\u00e8re augmentation<\/strong> sur 2024 et les huit premiers mois de 2025, elles \u00e9manent majoritairement des services, avec des contrats \u00e0 dur\u00e9e d\u00e9termin\u00e9e (CCD) courts inf\u00e9rieurs \u00e0 un mois. <\/p>\n<p>Du c\u00f4t\u00e9 de la CCI, Nadia Kacem souligne \u00ab\u00a0une \u00e9volution positive de la dynamique entrepreneuriale, avec une hausse de 13 % des cr\u00e9ations d\u2019\u00e9tablissements (dans les services pour 54 %) apr\u00e8s deux ann\u00e9es cons\u00e9cutives de baisse\u00a0\u00bb.<\/p>\n","protected":false},"excerpt":{"rendered":"\u00ab\u00a0Apr\u00e8s deux ann\u00e9es de recul\u00a0\u00bb, Ang\u00e9lique Tholoniat-Frachisse, de l\u2019agence d\u2019urbanisme \u00c9pures, constate \u00ab\u00a0une inversion de tendance, avec une&hellip;\n","protected":false},"author":2,"featured_media":540388,"comment_status":"","ping_status":"","sticky":false,"template":"","format":"standard","meta":{"footnotes":""},"categories":[9653],"tags":[1111,11,2430,7219,313,1777,674,1011,27,12,25,4001],"class_list":{"0":"post-540387","1":"post","2":"type-post","3":"status-publish","4":"format-standard","5":"has-post-thumbnail","7":"category-saint-etienne","8":"tag-actu","9":"tag-actualites","10":"tag-auvergne-rhone-alpes","11":"tag-chu00f4mage","12":"tag-entreprises","13":"tag-eu","14":"tag-europe","15":"tag-fr","16":"tag-france","17":"tag-news","18":"tag-republique-francaise","19":"tag-saint-etienne"},"share_on_mastodon":{"url":"https:\/\/pubeurope.com\/@fr\/115565462003266250","error":""},"_links":{"self":[{"href":"https:\/\/www.europesays.com\/fr\/wp-json\/wp\/v2\/posts\/540387","targetHints":{"allow":["GET"]}}],"collection":[{"href":"https:\/\/www.europesays.com\/fr\/wp-json\/wp\/v2\/posts"}],"about":[{"href":"https:\/\/www.europesays.com\/fr\/wp-json\/wp\/v2\/types\/post"}],"author":[{"embeddable":true,"href":"https:\/\/www.europesays.com\/fr\/wp-json\/wp\/v2\/users\/2"}],"replies":[{"embeddable":true,"href":"https:\/\/www.europesays.com\/fr\/wp-json\/wp\/v2\/comments?post=540387"}],"version-history":[{"count":0,"href":"https:\/\/www.europesays.com\/fr\/wp-json\/wp\/v2\/posts\/540387\/revisions"}],"wp:featuredmedia":[{"embeddable":true,"href":"https:\/\/www.europesays.com\/fr\/wp-json\/wp\/v2\/media\/540388"}],"wp:attachment":[{"href":"https:\/\/www.europesays.com\/fr\/wp-json\/wp\/v2\/media?parent=540387"}],"wp:term":[{"taxonomy":"category","embeddable":true,"href":"https:\/\/www.europesays.com\/fr\/wp-json\/wp\/v2\/categories?post=540387"},{"taxonomy":"post_tag","embeddable":true,"href":"https:\/\/www.europesays.com\/fr\/wp-json\/wp\/v2\/tags?post=540387"}],"curies":[{"name":"wp","href":"https:\/\/api.w.org\/{rel}","templated":true}]}}