{"id":540395,"date":"2025-11-17T14:20:17","date_gmt":"2025-11-17T14:20:17","guid":{"rendered":"https:\/\/www.europesays.com\/fr\/540395\/"},"modified":"2025-11-17T14:20:17","modified_gmt":"2025-11-17T14:20:17","slug":"lhopital-de-toulon-la-seyne-au-sommet-de-la-qualite","status":"publish","type":"post","link":"https:\/\/www.europesays.com\/fr\/540395\/","title":{"rendered":"L\u2019h\u00f4pital de Toulon-La Seyne au sommet de la qualit\u00e9"},"content":{"rendered":"<p><img loading=\"lazy\" decoding=\"async\" alt=\"\u00a9 D. R. - La remise des certifications le 12 novembre.\" data-zoom-src=\"https:\/\/www.europesays.com\/fr\/wp-content\/uploads\/2025\/11\/initial-certification-iso-9001-chits.jpg\" data-zoomable=\"\" height=\"702\" src=\"https:\/\/www.europesays.com\/fr\/wp-content\/uploads\/2025\/11\/initial-certification-iso-9001-chits.jpg\" width=\"1248\"\/>  <\/p>\n<p class=\"article-desc\">\u00a9 D. R. &#8211; La remise des certifications le 12 novembre. <\/p>\n<p>Le <strong>Centre hospitalier intercommunal Toulon-La Seyne (CHITS)<\/strong> et le <strong>Centre hospitalier d\u2019Hy\u00e8res (CHH)<\/strong> reconnus pour leurs engagements en mati\u00e8re de qualit\u00e9, s\u00e9curit\u00e9 et de satisfaction des patients. <\/p>\n<p>Les \u00e9tablissements hospitaliers, <a href=\"https:\/\/mesinfos.fr\/83000-toulon\/yann-le-bras-nous-avons-besoin-de-developper-l-hopital-sainte-musse-216466.html\" rel=\"noopener\" target=\"_blank\">dirig\u00e9s par Yann Le Bras<\/a>, se sont vu remettre le 12 novembre par l\u2019Afnor (Association fran\u00e7aise de normalisation) les <strong>certificats ISO 9001<\/strong> venant r\u00e9compenser et garantir cette \u00ab\u00a0d\u00e9marche volontaire\u00a0\u00bb. <\/p>\n<p>Intertitre <\/p>\n<blockquote>\n<p>Avec six certifications,\u00a0le CHITS est \u00ab le seul \u00e9tablissement hospitalier fran\u00e7ais \u00e0 regrouper autant de secteurs certifi\u00e9s ISO 9001\u00a0\u00bb\u00a0pr\u00e9cise un communiqu\u00e9. <\/p>\n<\/blockquote>\n<p>Le CHITS en a obtenu deux nouvelles en 2025\u00a0: <strong>S\u00e9curit\u00e9 et s\u00fbret\u00e9<\/strong> et <strong>Qualit\u00e9, gestion des risques et exp\u00e9rience patient<\/strong>. Cette derni\u00e8re certification est aussi une sp\u00e9cificit\u00e9\u00a0de l\u2019\u00e9tablissement de sant\u00e9 puisqu\u2019il est le seul \u00e0 avoir inscrit ce processus \u00ab\u00a0dans le champ de la certification ISO 9001\u00a0\u00bb indique le communiqu\u00e9.<\/p>\n","protected":false},"excerpt":{"rendered":"\u00a9 D. R. &#8211; La remise des certifications le 12 novembre. Le Centre hospitalier intercommunal Toulon-La Seyne (CHITS)&hellip;\n","protected":false},"author":2,"featured_media":540396,"comment_status":"","ping_status":"","sticky":false,"template":"","format":"standard","meta":{"footnotes":""},"categories":[9619],"tags":[1111,11,65851,1777,674,1011,27,2777,12,882,25,2310],"class_list":{"0":"post-540395","1":"post","2":"type-post","3":"status-publish","4":"format-standard","5":"has-post-thumbnail","7":"category-toulon","8":"tag-actu","9":"tag-actualites","10":"tag-chits","11":"tag-eu","12":"tag-europe","13":"tag-fr","14":"tag-france","15":"tag-hopitaux","16":"tag-news","17":"tag-provence-alpes-cote-dazur","18":"tag-republique-francaise","19":"tag-toulon"},"share_on_mastodon":{"url":"https:\/\/pubeurope.com\/@fr\/115565483516783135","error":""},"_links":{"self":[{"href":"https:\/\/www.europesays.com\/fr\/wp-json\/wp\/v2\/posts\/540395","targetHints":{"allow":["GET"]}}],"collection":[{"href":"https:\/\/www.europesays.com\/fr\/wp-json\/wp\/v2\/posts"}],"about":[{"href":"https:\/\/www.europesays.com\/fr\/wp-json\/wp\/v2\/types\/post"}],"author":[{"embeddable":true,"href":"https:\/\/www.europesays.com\/fr\/wp-json\/wp\/v2\/users\/2"}],"replies":[{"embeddable":true,"href":"https:\/\/www.europesays.com\/fr\/wp-json\/wp\/v2\/comments?post=540395"}],"version-history":[{"count":0,"href":"https:\/\/www.europesays.com\/fr\/wp-json\/wp\/v2\/posts\/540395\/revisions"}],"wp:featuredmedia":[{"embeddable":true,"href":"https:\/\/www.europesays.com\/fr\/wp-json\/wp\/v2\/media\/540396"}],"wp:attachment":[{"href":"https:\/\/www.europesays.com\/fr\/wp-json\/wp\/v2\/media?parent=540395"}],"wp:term":[{"taxonomy":"category","embeddable":true,"href":"https:\/\/www.europesays.com\/fr\/wp-json\/wp\/v2\/categories?post=540395"},{"taxonomy":"post_tag","embeddable":true,"href":"https:\/\/www.europesays.com\/fr\/wp-json\/wp\/v2\/tags?post=540395"}],"curies":[{"name":"wp","href":"https:\/\/api.w.org\/{rel}","templated":true}]}}