{"id":540413,"date":"2025-11-17T14:33:13","date_gmt":"2025-11-17T14:33:13","guid":{"rendered":"https:\/\/www.europesays.com\/fr\/540413\/"},"modified":"2025-11-17T14:33:13","modified_gmt":"2025-11-17T14:33:13","slug":"un-homme-interpelle-dans-un-car-de-tourisme-a-kehl","status":"publish","type":"post","link":"https:\/\/www.europesays.com\/fr\/540413\/","title":{"rendered":"un homme interpell\u00e9 dans un car de tourisme \u00e0 Kehl"},"content":{"rendered":"<p>Dans la nuit de dimanche \u00e0 lundi, des agents de la police f\u00e9d\u00e9rale allemande ont contr\u00f4l\u00e9 un autocar en provenance de France, sur le pont de l\u2019Europe entre Strasbourg et Kehl. Ils ont d\u00e9couvert \u00e0 bord un homme recherch\u00e9 en vertu de deux mandats d\u2019arr\u00eat, a-t-on appris ce lundi. L\u2019homme, \u00e2g\u00e9 de 31 ans et d\u2019origine afghane, \u00e9tait recherch\u00e9 pour coups et blessures aggrav\u00e9s et blanchiment d\u2019argent. Il a \u00e9t\u00e9 interpell\u00e9.<\/p>\n","protected":false},"excerpt":{"rendered":"Dans la nuit de dimanche \u00e0 lundi, des agents de la police f\u00e9d\u00e9rale allemande ont contr\u00f4l\u00e9 un autocar&hellip;\n","protected":false},"author":2,"featured_media":540414,"comment_status":"","ping_status":"","sticky":false,"template":"","format":"standard","meta":{"footnotes":""},"categories":[2820],"tags":[1111,11,672,271,272,1777,674,274,107,1011,27,329,775,12,25,1806,640],"class_list":{"0":"post-540413","1":"post","2":"type-post","3":"status-publish","4":"format-standard","5":"has-post-thumbnail","7":"category-strasbourg","8":"tag-actu","9":"tag-actualites","10":"tag-allemagne","11":"tag-crime","12":"tag-delit-et-contravention","13":"tag-eu","14":"tag-europe","15":"tag-faits-divers-justice","16":"tag-fil-info","17":"tag-fr","18":"tag-france","19":"tag-france-monde","20":"tag-grand-est","21":"tag-news","22":"tag-republique-francaise","23":"tag-rheinblick","24":"tag-strasbourg"},"share_on_mastodon":{"url":"https:\/\/pubeurope.com\/@fr\/115565533857101458","error":""},"_links":{"self":[{"href":"https:\/\/www.europesays.com\/fr\/wp-json\/wp\/v2\/posts\/540413","targetHints":{"allow":["GET"]}}],"collection":[{"href":"https:\/\/www.europesays.com\/fr\/wp-json\/wp\/v2\/posts"}],"about":[{"href":"https:\/\/www.europesays.com\/fr\/wp-json\/wp\/v2\/types\/post"}],"author":[{"embeddable":true,"href":"https:\/\/www.europesays.com\/fr\/wp-json\/wp\/v2\/users\/2"}],"replies":[{"embeddable":true,"href":"https:\/\/www.europesays.com\/fr\/wp-json\/wp\/v2\/comments?post=540413"}],"version-history":[{"count":0,"href":"https:\/\/www.europesays.com\/fr\/wp-json\/wp\/v2\/posts\/540413\/revisions"}],"wp:featuredmedia":[{"embeddable":true,"href":"https:\/\/www.europesays.com\/fr\/wp-json\/wp\/v2\/media\/540414"}],"wp:attachment":[{"href":"https:\/\/www.europesays.com\/fr\/wp-json\/wp\/v2\/media?parent=540413"}],"wp:term":[{"taxonomy":"category","embeddable":true,"href":"https:\/\/www.europesays.com\/fr\/wp-json\/wp\/v2\/categories?post=540413"},{"taxonomy":"post_tag","embeddable":true,"href":"https:\/\/www.europesays.com\/fr\/wp-json\/wp\/v2\/tags?post=540413"}],"curies":[{"name":"wp","href":"https:\/\/api.w.org\/{rel}","templated":true}]}}