{"id":540431,"date":"2025-11-17T14:45:13","date_gmt":"2025-11-17T14:45:13","guid":{"rendered":"https:\/\/www.europesays.com\/fr\/540431\/"},"modified":"2025-11-17T14:45:13","modified_gmt":"2025-11-17T14:45:13","slug":"les-previsions-de-ce-coup-de-froid","status":"publish","type":"post","link":"https:\/\/www.europesays.com\/fr\/540431\/","title":{"rendered":"les pr\u00e9visions de ce coup de froid"},"content":{"rendered":"<p>                    Par<br \/>\n        <strong><br \/>\n            <a href=\"https:\/\/actu.fr\/auteur\/fabien-binacchi\" title=\"Consulter tous les articles de Fabien Binacchi\" target=\"_blank\" rel=\"noopener\">Fabien Binacchi<\/a><br \/>\n                    <\/strong><\/p>\n<p>        Publi\u00e9 le<\/p>\n<p>            17 nov. 2025 \u00e0 14h57        <\/p>\n<p>Finie la douceur de ces derniers jours. Un coup de froid frappe la France et <a href=\"https:\/\/actu.fr\/marseille\/\" target=\"_blank\" rel=\"noopener\">Marseille<\/a> et les <a href=\"https:\/\/actu.fr\/provence-alpes-cote-d-azur\/bouches-du-rhone_13\" target=\"_blank\" rel=\"noopener\">Bouches-du-Rh\u00f4ne<\/a> ne sont pas \u00e9pargn\u00e9s\u2009: le mercure va baisser de <strong>plus de dix degr\u00e9s.<\/strong> Voici les raisons de cette chute drastique des temp\u00e9ratures et jusqu\u2019\u00e0 quand elle va durer.<\/p>\n<p>De 20\u00b0C \u00e0 8\u00b0C en une semaine<\/p>\n<p class=\" wall-content\">Un rappel saisissant que l\u2019hiver approche \u00e0 grands pas. D\u00e8s ce lundi soir et dans les prochains jours les maximales descendront jusqu\u2019\u00e0 8\u00b0C dans la cit\u00e9 phoc\u00e9enne et atteindront m\u00eame les <strong>5\u00b0C par endroits, dans le d\u00e9partement.<\/strong><\/p>\n<p class=\" wall-content\">Une situation caus\u00e9e par une \u00ab\u2009arriv\u00e9e massive d\u2019air froid d\u2019altitude par le Nord\u2009\u00bb, explique le m\u00e9t\u00e9orologue Paul Marquis. \u00ab\u2009La diff\u00e9rence de temp\u00e9ratures sera alors tr\u00e8s importante entre demain mardi et il y a 48\/72h en arri\u00e8re, appuie le fondateur de La M\u00e9t\u00e9o du 13. Nous serons alors <strong>r\u00e9guli\u00e8rement sous les moyennes de saison de quelques degr\u00e9s.<\/strong> Avec le retour du gel dans l\u2019int\u00e9rieur de la Provence \u00e9galement.\u2009\u00bb<\/p>\n<p class=\" wall-content\">\n<p class=\" wall-content\">S\u2019il a fait jusqu\u2019\u00e0 20\u00b0C vendredi dernier \u00e0 Marseille, le mercure ne devrait pas d\u00e9passer les <strong>11\u00b0C ce mardi 18\u00a0novembre.<\/strong> Et le contraste promet d\u2019\u00eatre autant plus marqu\u00e9 que le vent pourra atteindre localement les 100 km\/h ces prochaines heures.<\/p>\n<p>\u00ab\u2009Jusqu\u2019au week-end prochain a minima\u2009\u00bb<\/p>\n<p class=\" wall-content\">Une situation partie pour durer. Les pr\u00e9visions de M\u00e9t\u00e9o France montrent une baisse continue sur plusieurs jours, au moins jusqu\u2019\u00e0 la fin de la semaine. C\u2019est <strong>samedi<\/strong> que les temp\u00e9ratures seront les plus basses avec <strong>entre 5\u00b0C et 8\u00b0C \u00e0 Marseille.<\/strong><\/p>\n<blockquote class=\"ac-article-quote wall-content\">\n<p>Cette arriv\u00e9e d&rsquo;air polaire va perdurer toute la semaine et jusqu&rsquo;au week-end prochain a minima. Au sein d&rsquo;un flux de Nord bien \u00e9tabli et donc, avec un mistral r\u00e9current selon les jours.<\/p>\n<p>    <strong>Paul Marquis<\/strong>\n            <\/p><\/blockquote>\n<p class=\" wall-content\">Une l\u00e9g\u00e8re remont\u00e9e pourrait s\u2019amorcer en d\u00e9but de semaine prochaine. Mais elle n\u2019arriverait pas seule\u2009: un retour de la pluie transitoire pourrait \u00e9galement marquer la journ\u00e9e du lundi 24\u00a0novembre. Des pr\u00e9visions qui restent encore \u00e0 confirmer.<\/p>\n<p class=\" wall-content\">Personnalisez votre actualit\u00e9 en ajoutant vos villes et m\u00e9dias en favori avec <a href=\"https:\/\/moncompte.actu.fr\" title=\"D\u00e9couvez Mon Actu\" rel=\"nofollow noopener\" data-trk=\"{&quot;cta&quot;:{&quot;action&quot;:&quot;https:\\\/\\\/moncompte.actu.fr&quot;,&quot;category&quot;:&quot;mon compte&quot;,&quot;from&quot;:&quot;article footer&quot;,&quot;name&quot;:&quot;Mon actu&quot;,&quot;type&quot;:&quot;cta&quot;}}\" target=\"_blank\">Mon Actu<\/a>.<\/p>\n","protected":false},"excerpt":{"rendered":"Par Fabien Binacchi Publi\u00e9 le 17 nov. 2025 \u00e0 14h57 Finie la douceur de ces derniers jours. Un&hellip;\n","protected":false},"author":2,"featured_media":540432,"comment_status":"","ping_status":"","sticky":false,"template":"","format":"standard","meta":{"footnotes":""},"categories":[2814],"tags":[1111,11,1777,674,1011,27,3447,884,2357,12,882,25,104],"class_list":{"0":"post-540431","1":"post","2":"type-post","3":"status-publish","4":"format-standard","5":"has-post-thumbnail","7":"category-marseille","8":"tag-actu","9":"tag-actualites","10":"tag-eu","11":"tag-europe","12":"tag-fr","13":"tag-france","14":"tag-froid","15":"tag-marseille","16":"tag-meteo-france","17":"tag-news","18":"tag-provence-alpes-cote-dazur","19":"tag-republique-francaise","20":"tag-societe"},"share_on_mastodon":{"url":"https:\/\/pubeurope.com\/@fr\/115565581061301847","error":""},"_links":{"self":[{"href":"https:\/\/www.europesays.com\/fr\/wp-json\/wp\/v2\/posts\/540431","targetHints":{"allow":["GET"]}}],"collection":[{"href":"https:\/\/www.europesays.com\/fr\/wp-json\/wp\/v2\/posts"}],"about":[{"href":"https:\/\/www.europesays.com\/fr\/wp-json\/wp\/v2\/types\/post"}],"author":[{"embeddable":true,"href":"https:\/\/www.europesays.com\/fr\/wp-json\/wp\/v2\/users\/2"}],"replies":[{"embeddable":true,"href":"https:\/\/www.europesays.com\/fr\/wp-json\/wp\/v2\/comments?post=540431"}],"version-history":[{"count":0,"href":"https:\/\/www.europesays.com\/fr\/wp-json\/wp\/v2\/posts\/540431\/revisions"}],"wp:featuredmedia":[{"embeddable":true,"href":"https:\/\/www.europesays.com\/fr\/wp-json\/wp\/v2\/media\/540432"}],"wp:attachment":[{"href":"https:\/\/www.europesays.com\/fr\/wp-json\/wp\/v2\/media?parent=540431"}],"wp:term":[{"taxonomy":"category","embeddable":true,"href":"https:\/\/www.europesays.com\/fr\/wp-json\/wp\/v2\/categories?post=540431"},{"taxonomy":"post_tag","embeddable":true,"href":"https:\/\/www.europesays.com\/fr\/wp-json\/wp\/v2\/tags?post=540431"}],"curies":[{"name":"wp","href":"https:\/\/api.w.org\/{rel}","templated":true}]}}