{"id":540439,"date":"2025-11-17T14:50:19","date_gmt":"2025-11-17T14:50:19","guid":{"rendered":"https:\/\/www.europesays.com\/fr\/540439\/"},"modified":"2025-11-17T14:50:19","modified_gmt":"2025-11-17T14:50:19","slug":"pres-de-4-milliards-investis-dans-un-centre-de-donnees-en-seine-et-marne","status":"publish","type":"post","link":"https:\/\/www.europesays.com\/fr\/540439\/","title":{"rendered":"Pr\u00e8s de 4 milliards investis dans un centre de donn\u00e9es en Seine-et-Marne"},"content":{"rendered":"<p><img loading=\"lazy\" decoding=\"async\" alt=\"\u00a9 Philippe Ayrault R\u00e9gion \u00cele-de-France - Cette ancienne centrale thermique EDF, implant\u00e9e sur les communes de Vernou-la-Celle-sur-Seine et La Grande Paroisse, en Seine-et-Marne, accueillera un centre de donn\u00e9es en 2027.\" data-zoom-src=\"https:\/\/www.europesays.com\/fr\/wp-content\/uploads\/2025\/11\/initial-centrale-edf-montereau-2-ok.jpg\" data-zoomable=\"\" height=\"702\" src=\"https:\/\/www.europesays.com\/fr\/wp-content\/uploads\/2025\/11\/initial-centrale-edf-montereau-2-ok.jpg\" width=\"1248\"\/>  <\/p>\n<p class=\"article-desc\">\u00a9 Philippe Ayrault R\u00e9gion \u00cele-de-France &#8211; Cette ancienne centrale thermique EDF, implant\u00e9e sur les communes de Vernou-la-Celle-sur-Seine et La Grande Paroisse, en Seine-et-Marne, accueillera un centre de donn\u00e9es en 2027. <\/p>\n<p>La <strong>Seine-et-Marne<\/strong> va-t-elle devenir la capitale de l\u2019<a href=\"https:\/\/mesinfos.fr\/91460-marcoussis\/le-1er-data-center-bio-circulaire-au-monde-bientot-a-marcoussis-194561.html\" rel=\"noopener\" target=\"_blank\">intelligence artificielle en France<\/a>\u00a0? Apr\u00e8s les <strong>50 milliards promis<\/strong> pour la construction d\u2019un m\u00e9ga centre de donn\u00e9es \u00e0 Fouju, pr\u00e8s de Melun, \u00e0 horizon 2028, c\u2019est un autre site seine-et-marnais qui a \u00e9t\u00e9 choisi pour accueillir un futur data center o\u00f9 pr\u00e8s de 4 milliards d\u2019euros seront investis. <\/p>\n<p>Il s\u2019agit du site de l\u2019<strong>ancienne centrale thermique d\u2019EDF<\/strong> de <strong>Montereau-Vall\u00e9e-de-la-Seine<\/strong> implant\u00e9e sur les communes de Vernou-la-Celle-sur-Seine et La Grande-Paroisse, dans le sud du d\u00e9partement. <\/p>\n<p><strong>Plusieurs centaines d\u2019emplois g\u00e9n\u00e9r\u00e9s \u00e0 la cl\u00e9<\/strong> <\/p>\n<p>Dot\u00e9 d&rsquo;une puissance de \u201cplusieurs centaines de m\u00e9gawatts\u2019\u2019, ce nouveau centre de donn\u00e9es (infrastructures fournissant notamment les \u00e9normes capacit\u00e9s de calcul requises par le d\u00e9veloppement de l&rsquo;intelligence artificielle) sera \u201cl&rsquo;un des plus importants d&rsquo;Europe\u2019\u2019, selon l\u2019op\u00e9rateur <a href=\"https:\/\/mesinfos.fr\/77130-la-grande-paroisse\/edf-confie-a-opcore-le-data-center-de-montereau-vallee-de-la-seine-228179.html\" rel=\"noopener\" target=\"_blank\">Opcore<\/a>, <strong>filiale du groupe Iliad<\/strong> (Free) cod\u00e9tenue par le <strong>fonds Infravia<\/strong> et \u00e0 l\u2019initiative du projet. <\/p>\n<p>Celui-ci doit \u00e9galement permettre la cr\u00e9ation de \u201cplusieurs centaines d&#8217;emplois\u2019\u2019. Sa mise en service est attendue en 2027. <\/p>\n<p>Cette annonce est intervenue dans le cadre de la premi\u00e8re \u00e9dition nationale du <a href=\"https:\/\/mesinfos.fr\/75000-paris\/choose-france-150-entreprises-mobilisees-et-9-milliards-annonces-233999.html\" rel=\"noopener\" target=\"_blank\">sommet Choose France<\/a>, grand-messe annuelle habituellement destin\u00e9e aux investisseurs \u00e9trangers, mais consacr\u00e9e cette ann\u00e9e aux entreprises tricolores.<\/p>\n<p> <strong>La France, terre d\u2019accueil des centres de donn\u00e9es\u00a0?<\/strong> <\/p>\n<p><a href=\"https:\/\/mesinfos.fr\/75000-paris\/roland-lescure-un-macroniste-fidele-propulse-a-la-tete-de-bercy-231295.html\" rel=\"noopener\" target=\"_blank\">Roland Lescure<\/a>, le <strong>ministre de l&rsquo;Economie<\/strong>, a r\u00e9agi \u00e0 cette annonce, affirmant que \u201ccet investissement massif montre que la France entend conduire la r\u00e9volution de l&rsquo;intelligence artificielle.\u2019\u2019 Pr\u00e9sente en Seine-et-Marne ce 17 novembre, <strong>Anne Le H\u00e9nanff<\/strong>, la ministre d\u00e9l\u00e9gu\u00e9e charg\u00e9e de l&rsquo;Intelligence artificielle et du Num\u00e9rique, a soulign\u00e9, pour sa part, que \u201ccet investissement traduit notre ambition, celle de faire de l&rsquo;implantation de centres de donn\u00e9es sur le sol fran\u00e7ais une priorit\u00e9.\u2019\u2019 <\/p>\n<p>La France cherche \u00e0 se placer comme une terre d&rsquo;accueil pour les <strong>centres de donn\u00e9es en Europe<\/strong>, vantant une production \u00e9lectrique bas carbone gr\u00e2ce au nucl\u00e9aire pour alimenter une technologie tr\u00e8s \u00e9nergivore. <\/p>\n<p>Pour faciliter leur installation, le gouvernement a list\u00e9 plusieurs dizaines de sites sur le territoire national disposant d&rsquo;une surface et d&rsquo;une capacit\u00e9 de raccordement \u00e9lectrique compatibles avec leur mise en place. La Seine-et-Marne en accueillera donc deux majeurs.<\/p>\n","protected":false},"excerpt":{"rendered":"\u00a9 Philippe Ayrault R\u00e9gion \u00cele-de-France &#8211; Cette ancienne centrale thermique EDF, implant\u00e9e sur les communes de Vernou-la-Celle-sur-Seine et&hellip;\n","protected":false},"author":2,"featured_media":540440,"comment_status":"","ping_status":"","sticky":false,"template":"","format":"standard","meta":{"footnotes":""},"categories":[1592],"tags":[1111,11,65855,1777,674,1011,27,662,223,12,626,25],"class_list":{"0":"post-540439","1":"post","2":"type-post","3":"status-publish","4":"format-standard","5":"has-post-thumbnail","7":"category-ile-de-france","8":"tag-actu","9":"tag-actualites","10":"tag-datacenter","11":"tag-eu","12":"tag-europe","13":"tag-fr","14":"tag-france","15":"tag-ile-de-france","16":"tag-intelligence-artificielle","17":"tag-news","18":"tag-paris","19":"tag-republique-francaise"},"share_on_mastodon":{"url":"https:\/\/pubeurope.com\/@fr\/115565601414126908","error":""},"_links":{"self":[{"href":"https:\/\/www.europesays.com\/fr\/wp-json\/wp\/v2\/posts\/540439","targetHints":{"allow":["GET"]}}],"collection":[{"href":"https:\/\/www.europesays.com\/fr\/wp-json\/wp\/v2\/posts"}],"about":[{"href":"https:\/\/www.europesays.com\/fr\/wp-json\/wp\/v2\/types\/post"}],"author":[{"embeddable":true,"href":"https:\/\/www.europesays.com\/fr\/wp-json\/wp\/v2\/users\/2"}],"replies":[{"embeddable":true,"href":"https:\/\/www.europesays.com\/fr\/wp-json\/wp\/v2\/comments?post=540439"}],"version-history":[{"count":0,"href":"https:\/\/www.europesays.com\/fr\/wp-json\/wp\/v2\/posts\/540439\/revisions"}],"wp:featuredmedia":[{"embeddable":true,"href":"https:\/\/www.europesays.com\/fr\/wp-json\/wp\/v2\/media\/540440"}],"wp:attachment":[{"href":"https:\/\/www.europesays.com\/fr\/wp-json\/wp\/v2\/media?parent=540439"}],"wp:term":[{"taxonomy":"category","embeddable":true,"href":"https:\/\/www.europesays.com\/fr\/wp-json\/wp\/v2\/categories?post=540439"},{"taxonomy":"post_tag","embeddable":true,"href":"https:\/\/www.europesays.com\/fr\/wp-json\/wp\/v2\/tags?post=540439"}],"curies":[{"name":"wp","href":"https:\/\/api.w.org\/{rel}","templated":true}]}}