{"id":540442,"date":"2025-11-17T14:52:13","date_gmt":"2025-11-17T14:52:13","guid":{"rendered":"https:\/\/www.europesays.com\/fr\/540442\/"},"modified":"2025-11-17T14:52:13","modified_gmt":"2025-11-17T14:52:13","slug":"kidnapping-a-paris-le-parquet-classe-laffaire-qui-serait-partie-dune-fausse-alerte","status":"publish","type":"post","link":"https:\/\/www.europesays.com\/fr\/540442\/","title":{"rendered":"Kidnapping \u00e0 Paris : le parquet classe l\u2019affaire qui serait partie d\u2019une fausse alerte"},"content":{"rendered":"<p class=\"mb-4 text-lg md:leading-8 break-words\">C&rsquo;est une sc\u00e8ne surr\u00e9aliste \u00e0 laquelle auraient assist\u00e9 deux t\u00e9moins vendredi 14 novembre 2025, vers 21 heures. Deux personnes ont contact\u00e9 la police apr\u00e8s l&rsquo;enl\u00e8vement d&rsquo;un enfant, \u00e2g\u00e9 d&rsquo;une dizaine d&rsquo;ann\u00e9es, sous leurs yeux. La victime aurait \u00e9t\u00e9 forc\u00e9e \u00e0 monter dans une voiture, situ\u00e9e \u00e0 l\u2019angle du passage Chanvin et de la rue Chevaleret, \u00e0 Paris, par quatre hommes, avant d&rsquo;\u00eatre enferm\u00e9e dans le coffre de la BMW. Des informations du Parisien confirm\u00e9es ce dimanche par le parquet de Paris. Les malfaiteurs auraient ensuite pris la fuite rue du Chevaleret.<\/p>\n<p class=\"mb-4 text-lg md:leading-8 break-words\">Les deux t\u00e9moins avaient not\u00e9 la plaque d&rsquo;immatriculation du v\u00e9hicule, et les autorit\u00e9s ont pu retrouver le propri\u00e9taire de la BMW. Selon une source polici\u00e8re, il s\u2019agirait d\u2019un homme connu de leurs services pour des \u00ab\u00a0faits similaires\u00a0\u00bb. \u00ab\u00a0Aucun mineur n\u2019a \u00e9t\u00e9 retrouv\u00e9 \u00e0 l\u2019adresse du titulaire de l\u2019immatriculation\u00a0\u00bb, a indiqu\u00e9 le minist\u00e8re public, sans pr\u00e9ciser si l&rsquo;individu a \u00e9t\u00e9 plac\u00e9 en garde \u00e0 vue ou rel\u00e2ch\u00e9. Une enqu\u00eate a \u00e9t\u00e9 ouverte et confi\u00e9e \u00e0 la brigade de protection des mineurs afin d&rsquo;en savoir plus sur cet enl\u00e8vement et de retrouver l&rsquo;enfant. Cependant, \u00ab\u00a0aucun mineur n\u2019a \u00e9t\u00e9 signal\u00e9 disparu\u00a0\u00bb, a expliqu\u00e9 le parquet de Paris.<\/p>\n<p class=\"mb-4 text-lg md:leading-8 break-words\">Lundi 17 novembre, le parquet de Paris a confirm\u00e9 que ce signalement \u00e9tait, en fait, une fausse alerte. Quatre suspects ont bien \u00e9t\u00e9 entendus par les enqu\u00eateurs et ont donn\u00e9 leur version des faits. L\u2019un d\u2019eux aurait simplement \u201cd\u00e9pos\u00e9 sa doudoune dans le coffre\u201d de la voiture en question, a pr\u00e9cis\u00e9 (&#8230;)<\/p>\n<p class=\"mb-4 text-lg md:leading-8 break-words\">(&#8230;) <a href=\"https:\/\/www.femmeactuelle.fr\/actu\/news-actu\/cest-dingue-scene-surrealiste-a-paris-un-enfant-a-ete-attrape-par-quatre-hommes-et-jete-dans-le-coffre-d-une-bmw-2201004\" rel=\"nofollow noopener\" target=\"_blank\" data-ylk=\"slk:Cliquez ici pour voir la suite;elm:context_link;itc:0;sec:content-canvas\" class=\"link \">Cliquez ici pour voir la suite<\/a><\/p>\n<p class=\"mb-4 text-lg md:leading-8 break-words\"><a href=\"https:\/\/www.femmeactuelle.fr\/actu\/news-actu\/panique-a-chalon-sur-saone-apres-une-fausse-alerte-pour-suspicion-de-peste-2184742\" rel=\"nofollow noopener\" target=\"_blank\" data-ylk=\"slk:Panique \u00e0 Chalon-sur-Sa\u00f4ne apr\u00e8s une fausse alerte pour suspicion de peste;elm:context_link;itc:0;sec:content-canvas\" class=\"link \">Panique \u00e0 Chalon-sur-Sa\u00f4ne apr\u00e8s une fausse alerte pour suspicion de peste<\/a><br \/><a href=\"https:\/\/www.femmeactuelle.fr\/actu\/news-actu\/une-alerte-enlevement-declenchee-dans-le-var-apres-le-kidnapping-d-une-petite-fille-de-4-ans-2199493\" rel=\"nofollow noopener\" target=\"_blank\" data-ylk=\"slk:L&#039;alerte enl\u00e8vement suspendue apr\u00e8s le kidnapping d&#039;une petite fille de 4 ans dans le Var : l&#039;enfant a \u00e9t\u00e9 retrouv\u00e9 sain et sauf;elm:context_link;itc:0;sec:content-canvas\" class=\"link \">L&rsquo;alerte enl\u00e8vement suspendue apr\u00e8s le kidnapping d&rsquo;une petite fille de 4 ans dans le Var : l&rsquo;enfant a \u00e9t\u00e9 retrouv\u00e9 sain et sauf<\/a><br \/><a href=\"https:\/\/www.femmeactuelle.fr\/actu\/news-actu\/affaire-pierre-palmade-le-parquet-reclame-un-proces-pour-homicide-involontaire-2171790\" rel=\"nofollow noopener\" target=\"_blank\" data-ylk=\"slk:Affaire Pierre Palmade : le parquet r\u00e9clame un proc\u00e8s pour &quot;homicide involontaire&quot;;elm:context_link;itc:0;sec:content-canvas\" class=\"link \">Affaire Pierre Palmade : le parquet r\u00e9clame un proc\u00e8s pour \u00ab\u00a0homicide involontaire\u00a0\u00bb<\/a><br \/><a href=\"https:\/\/www.femmeactuelle.fr\/actu\/news-actu\/une-partie-du-dispositif-maprimerenov-serait-finalement-maintenue-voici-ce-que-lon-sait-2194541\" rel=\"nofollow noopener\" target=\"_blank\" data-ylk=\"slk:Une partie du dispositif MaPrimeR\u00e9nov\u2019 serait finalement maintenue, voici ce que l\u2019on sait;elm:context_link;itc:0;sec:content-canvas\" class=\"link \">Une partie du dispositif MaPrimeR\u00e9nov\u2019 serait finalement maintenue, voici ce que l\u2019on sait<\/a><br \/><a href=\"https:\/\/www.femmeactuelle.fr\/actu\/news-actu\/mort-de-lina-les-resultats-partiels-de-lautopsie-devoiles-ce-que-lon-sait-sur-la-cause-du-deces-2183259\" rel=\"nofollow noopener\" target=\"_blank\" data-ylk=\"slk:Lina ne serait pas morte &quot;asphyxi\u00e9e avec un sac plastique&quot; : le parquet fait une rectification sur la cause du d\u00e9c\u00e8s;elm:context_link;itc:0;sec:content-canvas\" class=\"link \">Lina ne serait pas morte \u00ab\u00a0asphyxi\u00e9e avec un sac plastique\u00a0\u00bb : le parquet fait une rectification sur la cause du d\u00e9c\u00e8s<\/a><\/p>\n","protected":false},"excerpt":{"rendered":"C&rsquo;est une sc\u00e8ne surr\u00e9aliste \u00e0 laquelle auraient assist\u00e9 deux t\u00e9moins vendredi 14 novembre 2025, vers 21 heures. Deux&hellip;\n","protected":false},"author":2,"featured_media":540443,"comment_status":"","ping_status":"","sticky":false,"template":"","format":"standard","meta":{"footnotes":""},"categories":[1888],"tags":[1111,1928,11,1927,1755,65856,1777,674,1011,27,12,1926,626,1925,10857,25,65857],"class_list":{"0":"post-540442","1":"post","2":"type-post","3":"status-publish","4":"format-standard","5":"has-post-thumbnail","7":"category-paris","8":"tag-actu","9":"tag-actu-paris","10":"tag-actualites","11":"tag-actualites-paris","12":"tag-bmw","13":"tag-brigade-de-protection-des-mineurs","14":"tag-eu","15":"tag-europe","16":"tag-fr","17":"tag-france","18":"tag-news","19":"tag-news-paris","20":"tag-paris","21":"tag-paris-news","22":"tag-parquet-de-paris","23":"tag-republique-francaise","24":"tag-version-des-faits"},"share_on_mastodon":{"url":"https:\/\/pubeurope.com\/@fr\/115565608606231607","error":""},"_links":{"self":[{"href":"https:\/\/www.europesays.com\/fr\/wp-json\/wp\/v2\/posts\/540442","targetHints":{"allow":["GET"]}}],"collection":[{"href":"https:\/\/www.europesays.com\/fr\/wp-json\/wp\/v2\/posts"}],"about":[{"href":"https:\/\/www.europesays.com\/fr\/wp-json\/wp\/v2\/types\/post"}],"author":[{"embeddable":true,"href":"https:\/\/www.europesays.com\/fr\/wp-json\/wp\/v2\/users\/2"}],"replies":[{"embeddable":true,"href":"https:\/\/www.europesays.com\/fr\/wp-json\/wp\/v2\/comments?post=540442"}],"version-history":[{"count":0,"href":"https:\/\/www.europesays.com\/fr\/wp-json\/wp\/v2\/posts\/540442\/revisions"}],"wp:featuredmedia":[{"embeddable":true,"href":"https:\/\/www.europesays.com\/fr\/wp-json\/wp\/v2\/media\/540443"}],"wp:attachment":[{"href":"https:\/\/www.europesays.com\/fr\/wp-json\/wp\/v2\/media?parent=540442"}],"wp:term":[{"taxonomy":"category","embeddable":true,"href":"https:\/\/www.europesays.com\/fr\/wp-json\/wp\/v2\/categories?post=540442"},{"taxonomy":"post_tag","embeddable":true,"href":"https:\/\/www.europesays.com\/fr\/wp-json\/wp\/v2\/tags?post=540442"}],"curies":[{"name":"wp","href":"https:\/\/api.w.org\/{rel}","templated":true}]}}