{"id":540454,"date":"2025-11-17T14:58:16","date_gmt":"2025-11-17T14:58:16","guid":{"rendered":"https:\/\/www.europesays.com\/fr\/540454\/"},"modified":"2025-11-17T14:58:16","modified_gmt":"2025-11-17T14:58:16","slug":"le-royaume-uni-menace-dimposer-des-restrictions-de-visas-a-trois-pays-africains","status":"publish","type":"post","link":"https:\/\/www.europesays.com\/fr\/540454\/","title":{"rendered":"Le Royaume-Uni menace d\u2019imposer des restrictions de visas \u00e0 trois pays africains"},"content":{"rendered":"<p>Le Royaume-Uni envisage d\u2019imposer des restrictions de visas \u00e0 trois pays africains dans le cadre d\u2019une vaste r\u00e9forme de son syst\u00e8me migratoire, rapportent lundi les m\u00e9dias britanniques.<\/p>\n<p>Selon la presse, la ministre de l\u2019Int\u00e9rieur, Shabana Mahmood, a fait part de son intention d\u2019imposer des restrictions de visas \u00e0 l\u2019Angola, la Namibie et la R\u00e9publique d\u00e9mocratique du Congo, si ces pays refusent de reprendre leurs ressortissants en situation irr\u00e9guli\u00e8re.<br \/>\u00a0<\/p>\n","protected":false},"excerpt":{"rendered":"Le Royaume-Uni envisage d\u2019imposer des restrictions de visas \u00e0 trois pays africains dans le cadre d\u2019une vaste r\u00e9forme&hellip;\n","protected":false},"author":2,"featured_media":540455,"comment_status":"","ping_status":"","sticky":false,"template":"","format":"standard","meta":{"footnotes":""},"categories":[1588],"tags":[11,1777,674,12,42644,16524,473,1853,1851,1850,1852,2447],"class_list":{"0":"post-540454","1":"post","2":"type-post","3":"status-publish","4":"format-standard","5":"has-post-thumbnail","7":"category-royaume-uni","8":"tag-actualites","9":"tag-eu","10":"tag-europe","11":"tag-news","12":"tag-pays-africains","13":"tag-restrictions","14":"tag-royaume-uni","15":"tag-royaume-uni-de-grande-bretagne-et-dirlande-du-nord","16":"tag-uk","17":"tag-united-kingdom","18":"tag-united-kingdom-of-great-britain-and-northern-ireland","19":"tag-visas"},"share_on_mastodon":{"url":"https:\/\/pubeurope.com\/@fr\/115565632290103367","error":""},"_links":{"self":[{"href":"https:\/\/www.europesays.com\/fr\/wp-json\/wp\/v2\/posts\/540454","targetHints":{"allow":["GET"]}}],"collection":[{"href":"https:\/\/www.europesays.com\/fr\/wp-json\/wp\/v2\/posts"}],"about":[{"href":"https:\/\/www.europesays.com\/fr\/wp-json\/wp\/v2\/types\/post"}],"author":[{"embeddable":true,"href":"https:\/\/www.europesays.com\/fr\/wp-json\/wp\/v2\/users\/2"}],"replies":[{"embeddable":true,"href":"https:\/\/www.europesays.com\/fr\/wp-json\/wp\/v2\/comments?post=540454"}],"version-history":[{"count":0,"href":"https:\/\/www.europesays.com\/fr\/wp-json\/wp\/v2\/posts\/540454\/revisions"}],"wp:featuredmedia":[{"embeddable":true,"href":"https:\/\/www.europesays.com\/fr\/wp-json\/wp\/v2\/media\/540455"}],"wp:attachment":[{"href":"https:\/\/www.europesays.com\/fr\/wp-json\/wp\/v2\/media?parent=540454"}],"wp:term":[{"taxonomy":"category","embeddable":true,"href":"https:\/\/www.europesays.com\/fr\/wp-json\/wp\/v2\/categories?post=540454"},{"taxonomy":"post_tag","embeddable":true,"href":"https:\/\/www.europesays.com\/fr\/wp-json\/wp\/v2\/tags?post=540454"}],"curies":[{"name":"wp","href":"https:\/\/api.w.org\/{rel}","templated":true}]}}