{"id":540456,"date":"2025-11-17T14:59:18","date_gmt":"2025-11-17T14:59:18","guid":{"rendered":"https:\/\/www.europesays.com\/fr\/540456\/"},"modified":"2025-11-17T14:59:18","modified_gmt":"2025-11-17T14:59:18","slug":"allemagne-les-plus-belles-jumelles-du-monde-meurent-ensemble-a-89-ans","status":"publish","type":"post","link":"https:\/\/www.europesays.com\/fr\/540456\/","title":{"rendered":"Allemagne: Les plus belles jumelles du monde meurent ensemble \u00e0 89 ans"},"content":{"rendered":"<p>Publi\u00e917. novembre 2025, 15:50<\/p>\n<p>Allemagne: Les plus belles jumelles du monde meurent ensemble \u00e0 89 ans<\/p>\n<p>Alice et Ellen Kessler, chanteuses, danseuses et actrices, se sont \u00e9teintes en m\u00eame temps, selon la police, intervenue sur les lieux.<\/p>\n<p><img decoding=\"async\" alt=\"Michel Pralong\" src=\"https:\/\/www.europesays.com\/fr\/wp-content\/uploads\/2025\/11\/ee8c66ba-d9f8-4545-a733-0ee9fe5534f2.png\" class=\"sc-b1f21c84-1 juVSAe\"\/><\/p>\n<dt class=\"sc-95b60818-3 cVrYvK\">par<\/dt>\n<p><dd class=\"sc-95b60818-4 kYspjF\">Michel Pralong avec AFP<\/dd>\n<\/p>\n<p><img loading=\"lazy\" decoding=\"async\" src=\"https:\/\/www.europesays.com\/fr\/wp-content\/uploads\/2025\/11\/6f60e0d2-b523-4d39-9607-28995b94f94e.jpg\" alt=\"Alice et Ellen Kessler le 25 d\u00e9cembre 2022 \u00e0 Munich.\" title=\"Alice et Ellen Kessler le 25 d\u00e9cembre 2022 \u00e0 Munich.\"  width=\"1200\" height=\"800\"\/><\/p>\n<p>Alice et Ellen Kessler le 25 d\u00e9cembre 2022 \u00e0 Munich.<\/p>\n<p>Getty Images<\/p>\n<p>Alice et Ellen Kessler, chanteuses, actrices et artistes allemandes de renomm\u00e9e internationale, sont d\u00e9c\u00e9d\u00e9es. Selon\u00a0<a target=\"_blank\" href=\"https:\/\/www.bild.de\/news\/traurige-nachricht-aus-muenchen-kessler-zwillinge-89-sind-tot-691b120458d2cfb625f5eca3\" rel=\"noopener noreferrer nofollow\">\u00abBild\u00bb<\/a>, les s\u0153urs jumelles se sont \u00e9teintes ensemble \u00e0 89 ans. Un porte-parole de la police de Munich a confirm\u00e9 une op\u00e9ration polici\u00e8re \u00e0 Gr\u00fcnwald, pr\u00e8s de Munich, sans donner plus de d\u00e9tails.<\/p>\n<p>Alice et Ellen Kessler sont n\u00e9es le 20 ao\u00fbt 1936 \u00e0 Nerchau, en Saxe. Avant la construction du mur de Berlin, leur famille a quitt\u00e9 l&rsquo;Allemagne de l&rsquo;Est pour l&rsquo;Ouest, o\u00f9 les jumelles, form\u00e9es \u00e0 la danse classique, ont \u00e9t\u00e9 engag\u00e9es par le Palladium, un th\u00e9\u00e2tre de revues, \u00e0 D\u00fcsseldorf en 1952.<\/p>\n<p>\u00c0 18 ans au Lido<\/p>\n<p>\u00c0 seulement 18 ans, elles ont d\u00e9croch\u00e9 un engagement au Lido, \u00e0 Paris, et ont ensuite connu une carri\u00e8re internationale. Dans le contexte pudibond de l&rsquo;apr\u00e8s-guerre, les s\u0153urs Kessler ont \u00e9t\u00e9 parmi les premi\u00e8res \u00e0 oser des mouvements suggestifs dans des spectacles grand public.<\/p>\n<p>\u00c0 la fin de leur contrat parisien en 1960, les deux \u00abmerveilles Allemandes\u00bb ont entrepris une tourn\u00e9e mondiale. Les Kessler ont dans\u00e9 \u00e0 New York, Caracas, Monte Carlo, Barcelone, Buenos Aires et Sydney, sont apparues dans des \u00e9missions de t\u00e9l\u00e9vision internationales et ont jou\u00e9 dans plusieurs films, comme dans \u00abLa Paloma\u00bb, en 1959, avec Karlheinz B\u00f6hm ou \u00abLa ru\u00e9e des Vikings\u00bb, en 1961, de Mario Bava.<\/p>\n<p><img loading=\"lazy\" decoding=\"async\" src=\"https:\/\/www.europesays.com\/fr\/wp-content\/uploads\/2025\/11\/90a24acf-2aa7-4514-ad3a-3eeb1cdebe9e.png\" alt=\"Les jumelles dans \u00abLa ru\u00e9e des Vikings\u00bb.\" title=\"Les jumelles dans \u00abLa ru\u00e9e des Vikings\u00bb.\"  width=\"968\" height=\"1027\"\/><\/p>\n<p>Les jumelles dans \u00abLa ru\u00e9e des Vikings\u00bb.<\/p>\n<p>Galatea Films<\/p>\n<p>Selon \u00abBild\u00bb, les jumelles, qui \u00e9taient ins\u00e9parables, avaient confi\u00e9 en 2024 le v\u0153u de reposer dans la m\u00eame urne fun\u00e9raire, avec les cendres de leur m\u00e8re.<\/p>\n<p>Longtemps consid\u00e9r\u00e9es comme figurant parmi les plus belles femmes du monde, elles ont pos\u00e9 en 1975 pour la version italienne de \u00abPlayboy\u00bb.<\/p>\n<p><img loading=\"lazy\" decoding=\"async\" src=\"https:\/\/www.europesays.com\/fr\/wp-content\/uploads\/2025\/11\/c7d39043-cce0-4318-8d65-19db067b803c.png\" alt=\"\" title=\"\"  width=\"683\" height=\"882\"\/><\/p>\n","protected":false},"excerpt":{"rendered":"Publi\u00e917. novembre 2025, 15:50 Allemagne: Les plus belles jumelles du monde meurent ensemble \u00e0 89 ans Alice et&hellip;\n","protected":false},"author":2,"featured_media":540457,"comment_status":"","ping_status":"","sticky":false,"template":"","format":"standard","meta":{"footnotes":""},"categories":[1587],"tags":[11,672,1804,1805,1803,1777,674,1801,12,1802],"class_list":{"0":"post-540456","1":"post","2":"type-post","3":"status-publish","4":"format-standard","5":"has-post-thumbnail","7":"category-allemagne","8":"tag-actualites","9":"tag-allemagne","10":"tag-bundesrepublik-deutschland","11":"tag-de","12":"tag-deutschland","13":"tag-eu","14":"tag-europe","15":"tag-germany","16":"tag-news","17":"tag-republique-federale-dallemagne"},"share_on_mastodon":{"url":"https:\/\/pubeurope.com\/@fr\/115565638155112619","error":""},"_links":{"self":[{"href":"https:\/\/www.europesays.com\/fr\/wp-json\/wp\/v2\/posts\/540456","targetHints":{"allow":["GET"]}}],"collection":[{"href":"https:\/\/www.europesays.com\/fr\/wp-json\/wp\/v2\/posts"}],"about":[{"href":"https:\/\/www.europesays.com\/fr\/wp-json\/wp\/v2\/types\/post"}],"author":[{"embeddable":true,"href":"https:\/\/www.europesays.com\/fr\/wp-json\/wp\/v2\/users\/2"}],"replies":[{"embeddable":true,"href":"https:\/\/www.europesays.com\/fr\/wp-json\/wp\/v2\/comments?post=540456"}],"version-history":[{"count":0,"href":"https:\/\/www.europesays.com\/fr\/wp-json\/wp\/v2\/posts\/540456\/revisions"}],"wp:featuredmedia":[{"embeddable":true,"href":"https:\/\/www.europesays.com\/fr\/wp-json\/wp\/v2\/media\/540457"}],"wp:attachment":[{"href":"https:\/\/www.europesays.com\/fr\/wp-json\/wp\/v2\/media?parent=540456"}],"wp:term":[{"taxonomy":"category","embeddable":true,"href":"https:\/\/www.europesays.com\/fr\/wp-json\/wp\/v2\/categories?post=540456"},{"taxonomy":"post_tag","embeddable":true,"href":"https:\/\/www.europesays.com\/fr\/wp-json\/wp\/v2\/tags?post=540456"}],"curies":[{"name":"wp","href":"https:\/\/api.w.org\/{rel}","templated":true}]}}