{"id":540460,"date":"2025-11-17T15:02:17","date_gmt":"2025-11-17T15:02:17","guid":{"rendered":"https:\/\/www.europesays.com\/fr\/540460\/"},"modified":"2025-11-17T15:02:17","modified_gmt":"2025-11-17T15:02:17","slug":"je-men-veux-enormement-matt-pokora-revient-sur-lun-de-ses-plus-grands-regrets-qui-a-eu-un-immense-impact-sur-sa-carriere","status":"publish","type":"post","link":"https:\/\/www.europesays.com\/fr\/540460\/","title":{"rendered":"\u00ab\u00a0Je m&rsquo;en veux \u00e9norm\u00e9ment\u00a0\u00bb\u00a0: Matt Pokora revient sur l&rsquo;un de ses plus grands regrets qui a eu un immense impact sur sa carri\u00e8re"},"content":{"rendered":"<p class=\"ap-StoryElement ap-StoryElement--mb ap-StoryText\">Depuis plus de vingt ans, Matt Pokora s&rsquo;impose comme l&rsquo;une des figures les plus importantes de la sc\u00e8ne musicale fran\u00e7aise. De \u00ab\u00a0Elle me contr\u00f4le\u00a0\u00bb \u00e0 \u00ab\u00a0Tomb\u00e9\u00a0\u00bb en passant par \u00ab\u00a0Juste une photo de toi\u00a0\u00bb, il est \u00e0 l&rsquo;origine de nombreux tubes que ses fans entonnent toujours avec plaisir, notamment lors des concerts que l&rsquo;artiste veut toujours plus spectaculaires.<\/p>\n<p class=\"ap-StoryElement ap-StoryElement--mb ap-StoryText\">Et s&rsquo;il est aujourd&rsquo;hui un chanteur reconnu, Matt Pokora a une autre passion tout aussi prenante : le football. Plus jeune, Matthieu Tota de son vrai nom \u00e9tait en effet fan du ballon rond, et envisageait m\u00eame de faire carri\u00e8re dans cette discipline. Invit\u00e9 de l&rsquo;\u00e9mission Un dimanche \u00e0 la campagne de Fr\u00e9d\u00e9ric Lopez, il est revenu sur cette p\u00e9riode et ce qui l&rsquo;a emp\u00each\u00e9 d&rsquo;\u00e9clore dans le sport qu&rsquo;il affectionne tant.<\/p>\n<p><a href=\"https:\/\/www.parismatch.be\/actualites\/people\/2025\/08\/20\/m-pokora-fait-de-rares-confidences-sur-sa-vie-de-couple-avec-christina-milian-cest-tres-rare-quon-saccorde-des-parentheses-a-deux-Z2OVDVGH4JCCLMVBXXK6SA5PDY\/\" target=\"_self\" class=\"ap-StoryInterstitialLink ap-StoryElement ap-StoryElement--mb js-paywall-target\" rel=\"noopener\">M Pokora fait de rares confidences sur sa vie de couple avec Christina Milian : \u00ab\u00a0C&rsquo;est tr\u00e8s rare qu&rsquo;on s&rsquo;accorde des parenth\u00e8ses \u00e0 deux\u00a0\u00bb<\/a>Pourquoi Matt Pokora n&rsquo;a-t-il pas perc\u00e9 dans le foot ?<\/p>\n<p class=\"ap-StoryElement ap-StoryElement--mb ap-StoryText\">Alors qu&rsquo;il \u00e9tait encore adolescent, <a href=\"https:\/\/www.parismatch.be\/actualites\/people\/2025\/08\/03\/restaurant-chic-caviar-et-diner-sous-les-etoiles-matt-pokora-et-christina-milian-fetent-leurs-8-ans-comme-il-se-doit-photos-JEBLMAIJJBHUZAYLB7V6YGSBF4\/\" target=\"_self\" rel=\"noopener\">Matt Pokora<\/a> s&rsquo;est fait rep\u00e9rer pour son talent au football. \u00ab\u00a0\u00c0 16 ans, j&rsquo;ai un recruteur de Sedan, qui \u00e0 l&rsquo;\u00e9poque est en Ligue 1, qui m&#8217;emm\u00e8ne faire un essai\u00a0\u00bb, se rappelle-t-il. \u00ab\u00a0C&rsquo;est les vacances de P\u00e2ques, mon p\u00e8re me dit : &lsquo;tu as int\u00e9r\u00eat \u00e0 te pr\u00e9parer physiquement&rsquo;. Sauf que moi, je partais la premi\u00e8re semaine avec ma m\u00e8re en Italie dans un camp de vacances. \u00c9videmment, arriv\u00e9 l\u00e0-bas je n&rsquo;ai rien fait \u00e0 part un petit foot avec les animateurs.\u00a0\u00bb Un manque d&rsquo;entra\u00eenement qui lui a co\u00fbt\u00e9 cher. \u00ab\u00a0Le dernier jour c&rsquo;est le match. En premi\u00e8re mi-temps, je d\u00e9fends sur un jeune qui venait de Clairefontaine, qui s&rsquo;entra\u00eenait d\u00e9j\u00e0 avec les pros, donc je passe la mi-temps \u00e0 lui courir apr\u00e8s. La deuxi\u00e8me mi-temps, ils me font monter \u00e0 mon vrai poste, ailier droit, et l\u00e0 je n&rsquo;ai plus rien dans les jambes. Donc je rate mon match d&rsquo;essai.\u00a0\u00bb<\/p>\n<p><a href=\"https:\/\/www.parismatch.be\/actualites\/people\/2025\/07\/14\/matt-pokora-en-vacances-en-belgique-cet-endroit-bien-connu-ou-il-a-choisi-de-se-ressourcer-en-famille-HQO2WMA3OVFP3KA24PO7LDZNKM\/\" target=\"_self\" class=\"ap-StoryInterstitialLink ap-StoryElement ap-StoryElement--mb\" rel=\"noopener\">Matt Pokora en vacances en Belgique : cet endroit bien connu o\u00f9 il a choisi de se ressourcer en famille<\/a><\/p>\n<p class=\"ap-StoryElement ap-StoryElement--mb ap-StoryText\">\u00ab\u00a0\u00c7a a \u00e9t\u00e9 un trauma pour moi car je n&rsquo;\u00e9tais pas pr\u00eat le jour o\u00f9 il fallait. \u00c7a a impact\u00e9 ma vie d&rsquo;artiste aujourd&rsquo;hui. Maintenant je m&rsquo;entra\u00eene tout le temps, m\u00eame quand je ne suis pas en tourn\u00e9e. Je m&rsquo;en veux \u00e9norm\u00e9ment\u00a0\u00bb, r\u00e9sume l&rsquo;artiste. Une p\u00e9riode lointaine qui a donc encore des cons\u00e9quences aujourd&rsquo;hui.<\/p>\n","protected":false},"excerpt":{"rendered":"Depuis plus de vingt ans, Matt Pokora s&rsquo;impose comme l&rsquo;une des figures les plus importantes de la sc\u00e8ne&hellip;\n","protected":false},"author":2,"featured_media":540461,"comment_status":"","ping_status":"","sticky":false,"template":"","format":"standard","meta":{"footnotes":""},"categories":[1586],"tags":[11,1696,6769,1777,674,1779,63,1011,27,2886,12,4055,25,1778,364],"class_list":{"0":"post-540460","1":"post","2":"type-post","3":"status-publish","4":"format-standard","5":"has-post-thumbnail","7":"category-europe","8":"tag-actualites","9":"tag-chanteur","10":"tag-entrainement","11":"tag-eu","12":"tag-europe","13":"tag-european-union","14":"tag-football","15":"tag-fr","16":"tag-france","17":"tag-matt-pokora","18":"tag-news","19":"tag-regrets","20":"tag-republique-francaise","21":"tag-ue","22":"tag-union-europeenne"},"share_on_mastodon":{"url":"https:\/\/pubeurope.com\/@fr\/115565648060097255","error":""},"_links":{"self":[{"href":"https:\/\/www.europesays.com\/fr\/wp-json\/wp\/v2\/posts\/540460","targetHints":{"allow":["GET"]}}],"collection":[{"href":"https:\/\/www.europesays.com\/fr\/wp-json\/wp\/v2\/posts"}],"about":[{"href":"https:\/\/www.europesays.com\/fr\/wp-json\/wp\/v2\/types\/post"}],"author":[{"embeddable":true,"href":"https:\/\/www.europesays.com\/fr\/wp-json\/wp\/v2\/users\/2"}],"replies":[{"embeddable":true,"href":"https:\/\/www.europesays.com\/fr\/wp-json\/wp\/v2\/comments?post=540460"}],"version-history":[{"count":0,"href":"https:\/\/www.europesays.com\/fr\/wp-json\/wp\/v2\/posts\/540460\/revisions"}],"wp:featuredmedia":[{"embeddable":true,"href":"https:\/\/www.europesays.com\/fr\/wp-json\/wp\/v2\/media\/540461"}],"wp:attachment":[{"href":"https:\/\/www.europesays.com\/fr\/wp-json\/wp\/v2\/media?parent=540460"}],"wp:term":[{"taxonomy":"category","embeddable":true,"href":"https:\/\/www.europesays.com\/fr\/wp-json\/wp\/v2\/categories?post=540460"},{"taxonomy":"post_tag","embeddable":true,"href":"https:\/\/www.europesays.com\/fr\/wp-json\/wp\/v2\/tags?post=540460"}],"curies":[{"name":"wp","href":"https:\/\/api.w.org\/{rel}","templated":true}]}}