{"id":540462,"date":"2025-11-17T15:03:14","date_gmt":"2025-11-17T15:03:14","guid":{"rendered":"https:\/\/www.europesays.com\/fr\/540462\/"},"modified":"2025-11-17T15:03:14","modified_gmt":"2025-11-17T15:03:14","slug":"deux-parties-de-voie-ferree-frappees-par-une-explosion-en-pologne-liberation","status":"publish","type":"post","link":"https:\/\/www.europesays.com\/fr\/540462\/","title":{"rendered":"deux parties de voie ferr\u00e9e frapp\u00e9es par une explosion en Pologne \u2013 Lib\u00e9ration"},"content":{"rendered":"<p class=\"sc-cPiKLX AiZTS text-element\">Pour les autorit\u00e9s cela ne fait aucun doute. Le Premier ministre polonais Donald Tusk a confirm\u00e9, lundi 17\u00a0novembre, qu\u2019une explosion \u00e9tait survenue dimanche sur une voie ferr\u00e9e en Pologne et que celle-ci \u00e9tait intentionnelle. \u00abMalheureusement, nos pires craintes se sont confirm\u00e9es. Sur la ligne Varsovie-Lublin, un acte de sabotage a eu lieu\u00bb, a d\u00e9clar\u00e9 <a href=\"https:\/\/www.liberation.fr\/international\/europe\/pologne-entre-le-premier-ministre-donald-tusk-et-le-president-karol-nawrocki-le-grand-ecart-diplomatique-20250902_BHFDROJBOJBFXLS3BN4D26BECQ\/\" target=\"_blank\" rel=\"noreferrer noopener\" title=\"https:\/\/www.liberation.fr\/international\/europe\/pologne-entre-le-premier-ministre-donald-tusk-et-le-president-karol-nawrocki-le-grand-ecart-diplomatique-20250902_BHFDROJBOJBFXLS3BN4D26BECQ\/\">Donald Tusk.<\/a> \u00abUn engin explosif a d\u00e9truit la voie ferr\u00e9e\u00bb, a-t-il encore affirm\u00e9 en d\u00e9non\u00e7ant \u00abun acte de sabotage sans pr\u00e9c\u00e9dent visant la s\u00e9curit\u00e9 de l\u2019\u00c9tat polonais et de ses citoyens\u00bb. L\u2019ancien pr\u00e9sident du Conseil europ\u00e9en, pr\u00e9sent sur le lieu de l\u2019explosion \u00e0 Mika (\u00e0 100\u00a0km au sud-est de Varsovie), a par ailleurs annonc\u00e9 que \u00abdes d\u00e9g\u00e2ts ont \u00e9galement \u00e9t\u00e9 constat\u00e9s sur le m\u00eame itin\u00e9raire, plus pr\u00e8s de Lublin\u00bb.<\/p>\n<p class=\"sc-cPiKLX AiZTS text-element\">Si le premier incident est formellement identifi\u00e9 comme un acte de sabotage par les autorit\u00e9s, l\u2019enqu\u00eate doit encore d\u00e9terminer si ce second cas l\u2019est \u00e9galement &#8211; ce que le ministre de l\u2019Int\u00e9rieur Marcin Kierwi\u0144ski a toutefois d\u2019ores et d\u00e9j\u00e0 consid\u00e9r\u00e9 comme \u00abhautement probable\u00bb.<\/p>\n<p class=\"sc-cPiKLX AiZTS text-element\">Dans la foul\u00e9e des d\u00e9clarations du chef du gouvernement polonais, le ministre de la D\u00e9fense a pr\u00e9cis\u00e9 que l\u2019arm\u00e9e allait d\u00e9sormais inspecter la s\u00e9curit\u00e9 des 120\u00a0km restants de la voie ferr\u00e9e menant \u00e0 la fronti\u00e8re avec l\u2019Ukraine. Car cette ligne est effectivement celle qui m\u00e8ne de la capitale polonaise \u00e0 la fronti\u00e8re ukrainienne, ce qui a fait d\u2019elle <a href=\"https:\/\/www.liberation.fr\/international\/europe\/avec-ses-drones-en-pologne-moscou-teste-lotan-20250910_KC675TLPPBBMXHW6YG55VMUQ2M\/\" target=\"_blank\" rel=\"noreferrer noopener\" title=\"https:\/\/www.liberation.fr\/international\/europe\/avec-ses-drones-en-pologne-moscou-teste-lotan-20250910_KC675TLPPBBMXHW6YG55VMUQ2M\/\">un axe strat\u00e9gique pour l\u2019acheminement de l\u2019aide occidentale<\/a> apport\u00e9e au pays de Volodymyr Zelensky, agress\u00e9 par la Russie depuis\u00a02022. Elle pourrait donc avoir \u00e9t\u00e9 vis\u00e9e \u00e0 d\u2019autres endroits.<\/p>\n<p class=\"sc-cPiKLX AiZTS text-element\">Si l\u2019enqu\u00eate ouverte par les autorit\u00e9s polonaises est en cours d\u2019instruction, de forts soup\u00e7ons p\u00e8sent sur la Russie, responsable d\u2019une vague d\u2019incendies criminels, de sabotages et de cyberattaques qui a frapp\u00e9 la Pologne et d\u2019autres pays europ\u00e9ens depuis le d\u00e9but de la guerre en Ukraine. Varsovie a d\u2019ailleurs plusieurs fois tenu le Kremlin responsable d\u2019actes de d\u00e9stabilisation et r\u00e9guli\u00e8rement estim\u00e9 que <a href=\"https:\/\/www.liberation.fr\/international\/europe\/incursion-de-drones-en-pologne-la-defense-antiaerienne-est-une-question-fondamentale-pour-leurope-20250917_RNYYLNO2BZCSFGMNQI2VJJ5XWU\/\" target=\"_blank\" rel=\"noreferrer noopener\" title=\"https:\/\/www.liberation.fr\/international\/europe\/incursion-de-drones-en-pologne-la-defense-antiaerienne-est-une-question-fondamentale-pour-leurope-20250917_RNYYLNO2BZCSFGMNQI2VJJ5XWU\/\">la Pologne \u00e9tait devenue l\u2019une des plus grandes cibles de Moscou<\/a> en raison de son r\u00f4le de plaque tournante pour l\u2019aide \u00e0 Kyiv. Ce que la Russie a toujours ni\u00e9.<\/p>\n<p class=\"sc-cPiKLX AiZTS text-element\">Ce lundi, Donald Tusk n\u2019a pas mis en cause le Kremlin pour le moment mais a toutefois bien rappel\u00e9 que \u00abcette route [\u00e9tait] utilis\u00e9e pour transporter des armes vers l\u2019Ukraine\u00bb. Le Premier ministre polonais consid\u00e9rant par ailleurs que, plus qu\u2019un simple sabotage des voies, l\u2019explosion avait \u00abtr\u00e8s probablement\u00bb pour but de \u00abfaire sauter un train\u00bb et qu\u2019il s\u2019agissait bel et bien d\u2019\u00abune tentative de d\u00e9stabiliser et de d\u00e9truire l\u2019infrastructure ferroviaire, ce qui aurait pu conduire \u00e0 une catastrophe ferroviaire\u00bb.<\/p>\n<p class=\"sc-cPiKLX AiZTS text-element\">Sans mentionner pr\u00e9cis\u00e9ment la Russie, le ministre polonais des services de s\u00e9curit\u00e9, Tomasz Siemoniak, a de son c\u00f4t\u00e9 affirm\u00e9 que le pays avait \u00abaffaire aux services [de renseignement] d\u2019un \u00c9tat \u00e9tranger, et non \u00e0 une bande de voleurs de ferraille\u00bb. Il a aussi affirm\u00e9 que la Pologne pourrait modifier \u2013 vraisemblablement relever \u2013 son niveau d\u2019alerte, pr\u00e9cisant qu\u2019un comit\u00e9 de sp\u00e9cialistes examinerait la question et \u00abtransmettrait ses recommandations\u00bb au Premier ministre plus tard dans la journ\u00e9e.<\/p>\n<p class=\"sc-cPiKLX AiZTS text-element\"><b>Mis \u00e0 jour <\/b>\u00e0 15\u00a0h\u00a013 avec les d\u00e9clarations du ministre de l\u2019Int\u00e9rieur et du ministre des services de s\u00e9curit\u00e9.<\/p>\n","protected":false},"excerpt":{"rendered":"Pour les autorit\u00e9s cela ne fait aucun doute. Le Premier ministre polonais Donald Tusk a confirm\u00e9, lundi 17\u00a0novembre,&hellip;\n","protected":false},"author":2,"featured_media":540463,"comment_status":"","ping_status":"","sticky":false,"template":"","format":"standard","meta":{"footnotes":""},"categories":[2],"tags":[11,19429,1011,27,12,2437,25],"class_list":{"0":"post-540462","1":"post","2":"type-post","3":"status-publish","4":"format-standard","5":"has-post-thumbnail","7":"category-actualites","8":"tag-actualites","9":"tag-donald-tusk","10":"tag-fr","11":"tag-france","12":"tag-news","13":"tag-pologne","14":"tag-republique-francaise"},"share_on_mastodon":{"url":"https:\/\/pubeurope.com\/@fr\/115565651826013479","error":""},"_links":{"self":[{"href":"https:\/\/www.europesays.com\/fr\/wp-json\/wp\/v2\/posts\/540462","targetHints":{"allow":["GET"]}}],"collection":[{"href":"https:\/\/www.europesays.com\/fr\/wp-json\/wp\/v2\/posts"}],"about":[{"href":"https:\/\/www.europesays.com\/fr\/wp-json\/wp\/v2\/types\/post"}],"author":[{"embeddable":true,"href":"https:\/\/www.europesays.com\/fr\/wp-json\/wp\/v2\/users\/2"}],"replies":[{"embeddable":true,"href":"https:\/\/www.europesays.com\/fr\/wp-json\/wp\/v2\/comments?post=540462"}],"version-history":[{"count":0,"href":"https:\/\/www.europesays.com\/fr\/wp-json\/wp\/v2\/posts\/540462\/revisions"}],"wp:featuredmedia":[{"embeddable":true,"href":"https:\/\/www.europesays.com\/fr\/wp-json\/wp\/v2\/media\/540463"}],"wp:attachment":[{"href":"https:\/\/www.europesays.com\/fr\/wp-json\/wp\/v2\/media?parent=540462"}],"wp:term":[{"taxonomy":"category","embeddable":true,"href":"https:\/\/www.europesays.com\/fr\/wp-json\/wp\/v2\/categories?post=540462"},{"taxonomy":"post_tag","embeddable":true,"href":"https:\/\/www.europesays.com\/fr\/wp-json\/wp\/v2\/tags?post=540462"}],"curies":[{"name":"wp","href":"https:\/\/api.w.org\/{rel}","templated":true}]}}