{"id":540470,"date":"2025-11-17T15:08:11","date_gmt":"2025-11-17T15:08:11","guid":{"rendered":"https:\/\/www.europesays.com\/fr\/540470\/"},"modified":"2025-11-17T15:08:11","modified_gmt":"2025-11-17T15:08:11","slug":"top-14-fabien-gengenbacher-quitte-lyon","status":"publish","type":"post","link":"https:\/\/www.europesays.com\/fr\/540470\/","title":{"rendered":"Top 14 &#8211; Fabien Gengenbacher quitte Lyon"},"content":{"rendered":"<p>\n                L&rsquo;ancien manager, Fabien Gengenbacher, a quitt\u00e9 son poste de directeur sportif du LOU.\u00a0\n            <\/p>\n<p>Gengenbacher et le LOU Rugby, c&rsquo;est termin\u00e9. Les deux parties ont trouv\u00e9 un accord pour officialiser la fin de leur collaboration. Le directeur sportif quitte donc ses fonctions plus t\u00f4t que pr\u00e9vu, mettant un terme \u00e0 une \u00e9tape d\u00e9j\u00e0 fragilis\u00e9e depuis plusieurs mois.<\/p>\n<p>Depuis l\u2019arriv\u00e9e de Karim Ghezal au poste d\u2019entra\u00eeneur principal en d\u00e9cembre 2024, Fabien Gengenbacher n&rsquo;avait plus de mission\u00a0directe avec l&rsquo;\u00e9quipe.<\/p>\n<p><strong>Un passage \u00e9clair \u00e0 la t\u00eate du club<\/strong><\/p>\n<p>Arriv\u00e9 \u00e0 l\u2019\u00e9t\u00e9 2023 en provenance de Grenoble pour succ\u00e9der \u00e0 Xavier Garbajosa, Fabien Gengenbacher n\u2019aura finalement pass\u00e9 qu\u2019un peu moins d\u2019une saison et demie au sein du club lyonnais.\u00a0<\/p>\n","protected":false},"excerpt":{"rendered":"L&rsquo;ancien manager, Fabien Gengenbacher, a quitt\u00e9 son poste de directeur sportif du LOU.\u00a0 Gengenbacher et le LOU Rugby,&hellip;\n","protected":false},"author":2,"featured_media":540471,"comment_status":"","ping_status":"","sticky":false,"template":"","format":"standard","meta":{"footnotes":""},"categories":[1416],"tags":[1011,27,479,1468,60],"class_list":{"0":"post-540470","1":"post","2":"type-post","3":"status-publish","4":"format-standard","5":"has-post-thumbnail","7":"category-rugby","8":"tag-fr","9":"tag-france","10":"tag-rugby","11":"tag-rugby-football","12":"tag-sports"},"share_on_mastodon":{"url":"https:\/\/pubeurope.com\/@fr\/115565671402236557","error":""},"_links":{"self":[{"href":"https:\/\/www.europesays.com\/fr\/wp-json\/wp\/v2\/posts\/540470","targetHints":{"allow":["GET"]}}],"collection":[{"href":"https:\/\/www.europesays.com\/fr\/wp-json\/wp\/v2\/posts"}],"about":[{"href":"https:\/\/www.europesays.com\/fr\/wp-json\/wp\/v2\/types\/post"}],"author":[{"embeddable":true,"href":"https:\/\/www.europesays.com\/fr\/wp-json\/wp\/v2\/users\/2"}],"replies":[{"embeddable":true,"href":"https:\/\/www.europesays.com\/fr\/wp-json\/wp\/v2\/comments?post=540470"}],"version-history":[{"count":0,"href":"https:\/\/www.europesays.com\/fr\/wp-json\/wp\/v2\/posts\/540470\/revisions"}],"wp:featuredmedia":[{"embeddable":true,"href":"https:\/\/www.europesays.com\/fr\/wp-json\/wp\/v2\/media\/540471"}],"wp:attachment":[{"href":"https:\/\/www.europesays.com\/fr\/wp-json\/wp\/v2\/media?parent=540470"}],"wp:term":[{"taxonomy":"category","embeddable":true,"href":"https:\/\/www.europesays.com\/fr\/wp-json\/wp\/v2\/categories?post=540470"},{"taxonomy":"post_tag","embeddable":true,"href":"https:\/\/www.europesays.com\/fr\/wp-json\/wp\/v2\/tags?post=540470"}],"curies":[{"name":"wp","href":"https:\/\/api.w.org\/{rel}","templated":true}]}}